{"id":2981,"date":"2025-02-07T20:28:28","date_gmt":"2025-02-07T23:28:28","guid":{"rendered":"https:\/\/13.com.ar\/index.php\/es-un-chico-de-13-anos\/"},"modified":"2025-02-07T20:28:28","modified_gmt":"2025-02-07T23:28:28","slug":"es-un-chico-de-13-anos","status":"publish","type":"post","link":"https:\/\/13.com.ar\/index.php\/es-un-chico-de-13-anos\/","title":{"rendered":"es un chico de 13 a\u00f1os"},"content":{"rendered":"<p> <br \/>\n<\/p>\n<div id=\"cuerpo\">\n<div class=\"sc-80531b6b-0 chRIGJ container-text text-embed\">\n<p>Se acab\u00f3 el enigma en Mendoza: este viernes por la tarde, la Justicia comunic\u00f3 que dio con el culpable de la agresi\u00f3n a un juez de l\u00ednea en el partido del martes entre <strong>Godoy Cruz y Talleres<\/strong>, que finalmente qued\u00f3 suspendido. Quien arroj\u00f3 el ca\u00f1o de hierro que lastim\u00f3 al asistente arbitral es <strong>un chico de apenas 13 a\u00f1os. <\/strong>En las \u00faltimas horas se present\u00f3 ante la fiscal\u00eda junto con su madre. Deber\u00e1 cumplir tratamiento psicol\u00f3gico y no podr\u00e1 ingresar a la cancha de su club, por tiempo indeterminado.<\/p>\n<\/div>\n<div class=\"sc-80531b6b-0 chRIGJ container-text text-embed\">\n<p>La agresi\u00f3n tuvo lugar cuando estaba por empezar el segundo tiempo del partido. En ese momento, un <strong>ca\u00f1o de hierro con una de sus puntas afiladas<\/strong> golpe\u00f3 en la cabeza a Diego Mart\u00edn. El \u00e1rbitro principal, Yael Falc\u00f3n P\u00e9rez, suspendi\u00f3 el partido. El caso no s\u00f3lo pas\u00f3 al Tribunal de Disciplina de la AFA, sino tambi\u00e9n al fuero civil.<\/p>\n<\/div>\n<div class=\"sc-80531b6b-0 chRIGJ container-text text-embed\">\n<p>En lo que respecta a la AFA, analiza todav\u00eda si a la multa econ\u00f3mica que se impondr\u00e1 a Godoy Cruz tambi\u00e9n podr\u00e1n sumarse una sanci\u00f3n que significar\u00eda que el equipo juegue sus partidos de local sin p\u00fablico y otra multa econ\u00f3mica. La quita de puntos es otra opci\u00f3n que se baraja, dada la reiteraci\u00f3n de agresiones por parte de la hinchada. <\/p>\n<\/div>\n<div class=\"sc-80531b6b-0 chRIGJ container-text text-embed\">\n<p>En cuanto al fuero civil, la investigaci\u00f3n comenz\u00f3 con la identificaci\u00f3n del agresor, que se logr\u00f3 mediante el peritaje de c\u00e1maras de transmisi\u00f3n.<\/p>\n<\/div>\n<div class=\"sc-198be8ec-0 cynXbu image-embed  image-embed \"><picture class=\"sc-198be8ec-1 kOjRiQ\"><source media=\"(min-width: 975px)\" width=\"720\" height=\"480\" \/><img alt=\"El \u00e1rbitro Yael Falc\u00f3n P\u00e9rez muestra el palo con el que agredieron al juez de l\u00ednea desde la hinchada de Godoy Cruz, en el partido ante Talleres de C\u00f3rdoba por la Liga Profesional.\" loading=\"lazy\" width=\"720\" height=\"480\" decoding=\"async\" data-nimg=\"1\" style=\"color:transparent\" src=\"https:\/\/13.com.ar\/wp-content\/uploads\/2025\/02\/es-un-chico-de-13-anos.jpg\"\/><span class=\"epigraphe\">El \u00e1rbitro Yael Falc\u00f3n P\u00e9rez muestra el palo con el que agredieron al juez de l\u00ednea desde la hinchada de Godoy Cruz, en el partido ante Talleres de C\u00f3rdoba por la Liga Profesional.<\/span><span class=\"bkg\"\/><span class=\"picture-open\"><button class=\"open-image\" aria-label=\"Open Image\"\/><\/span><\/picture><\/div>\n<div class=\"sc-80531b6b-0 chRIGJ container-text text-embed\">\n<p>En la tarde de este viernes, el Ministerio P\u00fablico Fiscal de Mendoza confirm\u00f3 las \u00faltimas novedades del caso. J. B. S., de apenas 13 a\u00f1os, <strong>ya se present\u00f3 ante la Fiscal\u00eda de Menores junto con su madre<\/strong>. All\u00ed reconoci\u00f3 que fue \u00e9l quien arroj\u00f3 el ca\u00f1o de hierro que termin\u00f3 hiriendo al juez de l\u00ednea Diego Mart\u00edn.<\/p>\n<\/div>\n<div class=\"sc-80531b6b-0 chRIGJ container-text text-embed\">\n<p>El fiscal Gustavo Farmache determin\u00f3 que, al tratarse de una persona menor de edad y, por lo tanto, <strong>inimputable<\/strong>, deba cumplir con tratamiento psicol\u00f3gico. Pero adem\u00e1s de eso, tambi\u00e9n que se le proh\u00edba, a futuro, el ingreso a las canchas de f\u00fatbol de la Argentina.<\/p>\n<\/div>\n<div class=\"sc-80531b6b-0 chRIGJ container-text text-embed\">\n<p>No obstante, el alcance de las sanciones es mayor. Por un lado, seg\u00fan trascendi\u00f3, el Ministerio de Seguridad de Mendoza requerir\u00e1 al Ministerio de Seguridad de la Naci\u00f3n que incluya a los padres del menor en el <strong>programa Tribuna Segura<\/strong>, es decir, que se les aplique a ellos tambi\u00e9n el derecho de admisi\u00f3n. Los padres de J.B.S no estaban en la cancha en el momento en que su hijo agredi\u00f3 al juez de l\u00ednea, pero la justificaci\u00f3n fue que tienen responsabilidad sobre el menor a\u00fan cuando no lo acompa\u00f1aran.<\/p>\n<\/div>\n<div class=\"sc-80531b6b-0 chRIGJ container-text text-embed\">\n<p>No se descarta que Godoy Cruz inicie acciones contra la familia de J.B.S, dado que el club se ver\u00e1 afectado no s\u00f3lo por una multa econ\u00f3mica, sino tambi\u00e9n porque sus hinchas no podr\u00edan asistir a los partidos de local en caso de confirmarse es sanci\u00f3n disciplinaria.<\/p>\n<\/div>\n<p><h2>Qu\u00e9 pasar\u00e1 con Godoy Cruz tras la agresi\u00f3n al juez de l\u00ednea<\/h2>\n<\/p>\n<div class=\"sc-80531b6b-0 chRIGJ container-text text-embed\">\n<p>La AFA ya prepara algunas sanciones para Godoy Cruz, de acuerdo a su Reglamento de Transgresiones y Penas. Tal como sucedi\u00f3 el a\u00f1o pasado, cuando por disturbios en una de las tribunas de la parcialidad mendocina se debi\u00f3 suspender un partido contra San Lorenzo, habr\u00eda, como m\u00ednimo, una penalidad econ\u00f3mica que consistir\u00eda en costear los gastos de traslado y hoteles de Talleres, el equipo visitante. El castigo econ\u00f3mico podr\u00eda equivaler a un valor m\u00ednimo de 500 entradas, aproximadamente 10 millones de pesos.<\/p>\n<\/div>\n<div class=\"sc-80531b6b-0 chRIGJ container-text text-embed\">\n<p>El pr\u00f3ximo partido de Godoy Cruz como local ser\u00e1 ante River, un enfrentamiento futbol\u00edstico que seguramente hubiera representado una considerable recaudaci\u00f3n para el club. Sin embargo, como Godoy Cruz tiene cinco d\u00edas para presentar un descargo luego de que el Tribunal de Disciplina de la AFA comunique su decisi\u00f3n, es probable que la sanci\u00f3n no afecte al partido contra River.<\/p>\n<\/div>\n<div class=\"sc-80531b6b-0 chRIGJ container-text text-embed\">\n<p>Sin embargo, a diferencia de la primera ocasi\u00f3n (contra San Lorenzo), el hecho de violencia en la cancha de Godoy Cruz no se debi\u00f3 a un conflicto entre la hinchada o la barra de ese club, que fue lo que sucedi\u00f3 en esa ocasi\u00f3n y que representaba, hasta este viernes, la principal hip\u00f3tesis, sino que fue un hecho aislado. Lo que ven las autoridades, en cambio, es que en los \u00faltimos dos a\u00f1os, se registraron cuatro hechos de violencia en la hinchada del club mendocino.<\/p>\n<\/div>\n<\/div>\n<p><br \/>\n<br \/><a href=\"https:\/\/www.clarin.com\/deportes\/identificaron-agresor-juez-linea-godoy-cruz-talleres-chico-13-anos_0_sKSegN5GxM.html\">Fuente Clarin.com <\/a><\/p>\n","protected":false},"excerpt":{"rendered":"<p>Se acab\u00f3 el enigma en Mendoza: este viernes por la tarde, la Justicia comunic\u00f3 que dio con el culpable de la agresi\u00f3n a un juez de l\u00ednea en el partido del martes entre Godoy Cruz y Talleres, que finalmente qued\u00f3 suspendido. Quien arroj\u00f3 el ca\u00f1o de hierro que lastim\u00f3 al asistente arbitral es un chico [&hellip;]<\/p>\n","protected":false},"author":1,"featured_media":2982,"comment_status":"open","ping_status":"open","sticky":false,"template":"","format":"standard","meta":{"footnotes":""},"categories":[2],"tags":[636,4750],"class_list":["post-2981","post","type-post","status-publish","format-standard","has-post-thumbnail","hentry","category-ultimas-noticias","tag-anos","tag-chico"],"_links":{"self":[{"href":"https:\/\/13.com.ar\/index.php\/wp-json\/wp\/v2\/posts\/2981","targetHints":{"allow":["GET"]}}],"collection":[{"href":"https:\/\/13.com.ar\/index.php\/wp-json\/wp\/v2\/posts"}],"about":[{"href":"https:\/\/13.com.ar\/index.php\/wp-json\/wp\/v2\/types\/post"}],"author":[{"embeddable":true,"href":"https:\/\/13.com.ar\/index.php\/wp-json\/wp\/v2\/users\/1"}],"replies":[{"embeddable":true,"href":"https:\/\/13.com.ar\/index.php\/wp-json\/wp\/v2\/comments?post=2981"}],"version-history":[{"count":0,"href":"https:\/\/13.com.ar\/index.php\/wp-json\/wp\/v2\/posts\/2981\/revisions"}],"wp:featuredmedia":[{"embeddable":true,"href":"https:\/\/13.com.ar\/index.php\/wp-json\/wp\/v2\/media\/2982"}],"wp:attachment":[{"href":"https:\/\/13.com.ar\/index.php\/wp-json\/wp\/v2\/media?parent=2981"}],"wp:term":[{"taxonomy":"category","embeddable":true,"href":"https:\/\/13.com.ar\/index.php\/wp-json\/wp\/v2\/categories?post=2981"},{"taxonomy":"post_tag","embeddable":true,"href":"https:\/\/13.com.ar\/index.php\/wp-json\/wp\/v2\/tags?post=2981"}],"curies":[{"name":"wp","href":"https:\/\/api.w.org\/{rel}","templated":true}]}}