{"id":2979,"date":"2025-02-07T20:19:30","date_gmt":"2025-02-07T23:19:30","guid":{"rendered":"https:\/\/13.com.ar\/index.php\/estos-son-los-precios-del-verano-2025\/"},"modified":"2025-02-07T20:19:30","modified_gmt":"2025-02-07T23:19:30","slug":"estos-son-los-precios-del-verano-2025","status":"publish","type":"post","link":"https:\/\/13.com.ar\/index.php\/estos-son-los-precios-del-verano-2025\/","title":{"rendered":"estos son los precios del verano 2025"},"content":{"rendered":"<p> <br \/>\n<br \/><img decoding=\"async\" src=\"https:\/\/13.com.ar\/wp-content\/uploads\/2025\/02\/estos-son-los-precios-del-verano-2025.jpg\" \/><\/p>\n<div>\n<p>Desde los vendedores ambulantes hasta los paradores m\u00e1s exclusivos, los valores reflejan las fluctuaciones econ\u00f3micas y la menor competitividad frente a destinos como Brasil. Pese a todo, los argentinos despliegan su ingenio y aparecen opciones para todos los presupuestos.<\/p>\n<\/div>\n<div>\n<p>El escenario econ\u00f3mico argentino y la expectativa de los comerciantes por cada <strong>temporada de verano<\/strong> incide en la formaci\u00f3n de los precios. La gastronom\u00eda en la costa no escapa a esto y se convierte en un tema de conversaci\u00f3n ineludible.<\/p>\n<\/div>\n<div>\n<p>Para quienes buscan <strong>opciones m\u00e1s econ\u00f3micas<\/strong>, los supermercados y almacenes locales ofrecen <strong>alternativas para armar viandas<\/strong> y reducir costos sin resignar la experiencia de disfrutar la playa.<\/p>\n<\/div>\n<div>\n<p>A pesar de los precios que tanto se discuten, las ciudades costeras siguen siendo una elecci\u00f3n recurrente para las vacaciones.<strong> Los turistas se adaptan al contexto y buscan equilibrar el gasto sin perder la esencia del verano argentino<\/strong>.<strong> <\/strong>Mientras algunos optan por experiencias gourmet en restaurantes con vista al mar, otros prefieren la tradicional comida al paso, pero todos coinciden en que los valores del 2025 en alimentos son un punto importante a considerar para el presupuesto diario de su descanso.<\/p>\n<\/div>\n<p><br \/>\n<br \/><a href=\"https:\/\/www.clarin.com\/informacion-general\/cuesta-comer-costa-argentina-precios-verano-2025_0_1Ki57bonxq.html\">Fuente Clarin.com <\/a><\/p>\n","protected":false},"excerpt":{"rendered":"<p>Desde los vendedores ambulantes hasta los paradores m\u00e1s exclusivos, los valores reflejan las fluctuaciones econ\u00f3micas y la menor competitividad frente a destinos como Brasil. Pese a todo, los argentinos despliegan su ingenio y aparecen opciones para todos los presupuestos. El escenario econ\u00f3mico argentino y la expectativa de los comerciantes por cada temporada de verano incide [&hellip;]<\/p>\n","protected":false},"author":1,"featured_media":2980,"comment_status":"open","ping_status":"open","sticky":false,"template":"","format":"standard","meta":{"footnotes":""},"categories":[2],"tags":[100,1509,28,1064,406,65],"class_list":["post-2979","post","type-post","status-publish","format-standard","has-post-thumbnail","hentry","category-ultimas-noticias","tag-del","tag-estos","tag-los","tag-precios","tag-son","tag-verano"],"_links":{"self":[{"href":"https:\/\/13.com.ar\/index.php\/wp-json\/wp\/v2\/posts\/2979","targetHints":{"allow":["GET"]}}],"collection":[{"href":"https:\/\/13.com.ar\/index.php\/wp-json\/wp\/v2\/posts"}],"about":[{"href":"https:\/\/13.com.ar\/index.php\/wp-json\/wp\/v2\/types\/post"}],"author":[{"embeddable":true,"href":"https:\/\/13.com.ar\/index.php\/wp-json\/wp\/v2\/users\/1"}],"replies":[{"embeddable":true,"href":"https:\/\/13.com.ar\/index.php\/wp-json\/wp\/v2\/comments?post=2979"}],"version-history":[{"count":0,"href":"https:\/\/13.com.ar\/index.php\/wp-json\/wp\/v2\/posts\/2979\/revisions"}],"wp:featuredmedia":[{"embeddable":true,"href":"https:\/\/13.com.ar\/index.php\/wp-json\/wp\/v2\/media\/2980"}],"wp:attachment":[{"href":"https:\/\/13.com.ar\/index.php\/wp-json\/wp\/v2\/media?parent=2979"}],"wp:term":[{"taxonomy":"category","embeddable":true,"href":"https:\/\/13.com.ar\/index.php\/wp-json\/wp\/v2\/categories?post=2979"},{"taxonomy":"post_tag","embeddable":true,"href":"https:\/\/13.com.ar\/index.php\/wp-json\/wp\/v2\/tags?post=2979"}],"curies":[{"name":"wp","href":"https:\/\/api.w.org\/{rel}","templated":true}]}}