{"id":2977,"date":"2025-02-07T20:07:28","date_gmt":"2025-02-07T23:07:28","guid":{"rendered":"https:\/\/13.com.ar\/index.php\/el-pragmatismo-desplaza-a-la-ideologia\/"},"modified":"2025-02-07T20:07:28","modified_gmt":"2025-02-07T23:07:28","slug":"el-pragmatismo-desplaza-a-la-ideologia","status":"publish","type":"post","link":"https:\/\/13.com.ar\/index.php\/el-pragmatismo-desplaza-a-la-ideologia\/","title":{"rendered":"el pragmatismo desplaza a la ideolog\u00eda"},"content":{"rendered":"<p> <br \/>\n<br \/><img decoding=\"async\" src=\"https:\/\/13.com.ar\/wp-content\/uploads\/2025\/02\/el-pragmatismo-desplaza-a-la-ideologia.jpg\" \/><\/p>\n<div id=\"cuerpo\">\n<div class=\"sc-80531b6b-0 chRIGJ container-text text-embed\">\n<p>En 2025, Am\u00e9rica Latina inicia un nuevo superciclo electoral marcado por el pragmatismo m\u00e1s que por la ideolog\u00eda, con potencial para redefinir el panorama pol\u00edtico regional. Este periodo contempla elecciones presidenciales y legislativas en Ecuador, Bolivia, Chile y Honduras, adem\u00e1s de procesos legislativos, locales y judiciales en Argentina, Venezuela y M\u00e9xico.<\/p>\n<\/div>\n<div class=\"sc-80531b6b-0 chRIGJ container-text text-embed\">\n<p>Este marat\u00f3n se extender\u00e1 hasta 2027 e incluir\u00e1 un total de diez elecciones presidenciales y congresuales, siete de ellas en Am\u00e9rica del Sur. A las tres celebradas en 2024 se sumar\u00e1n otras tres en 2026 \u2014Per\u00fa, Colombia y Brasil\u2014 y una en 2027 en Argentina. En Am\u00e9rica Central, adem\u00e1s de los comicios en Honduras en 2025, Costa Rica votar\u00e1 en 2026 y Guatemala en 2027. Hait\u00ed, en principio, tambi\u00e9n deber\u00eda celebrar elecciones este a\u00f1o, aunque su viabilidad depender\u00e1 de la evoluci\u00f3n de la grave crisis que atraviesa el pa\u00eds. En este art\u00edculo nos limitaremos a analizar \u00fanicamente los cuatro comicios generales de este a\u00f1o.<\/p>\n<\/div>\n<div class=\"sc-80531b6b-0 chRIGJ container-text text-embed\">\n<p>Latinoam\u00e9rica enfrenta as\u00ed un escenario de alta volatilidad e incertidumbre, pero tambi\u00e9n de oportunidades, si se gestionan estrat\u00e9gicamente. Nuestra regi\u00f3n enfrenta desaf\u00edos cada vez m\u00e1s profundos: desde la persistencia de reg\u00edmenes autoritarios en Venezuela, Nicaragua y Cuba, hasta el estancamiento o retroceso democr\u00e1tico en varios pa\u00edses. A esto se suma una matriz de riesgo pol\u00edtico muy compleja, agudos desaf\u00edos en materia de gobernabilidad y el creciente malestar ciudadano ante gobiernos incapaces de responder de manera eficaz y oportuna a sus demandas.<\/p>\n<\/div>\n<div class=\"sc-80531b6b-0 chRIGJ container-text text-embed\">\n<p>A nivel global, la reconfiguraci\u00f3n geopol\u00edtica a\u00f1ade una capa adicional de complejidad e incertidumbre, potenciada por el regreso trepidante de Donald Trump. El BM proyecta un crecimiento econ\u00f3mico regional mediocre del 2,5%, una vez m\u00e1s por debajo del crecimiento global estimado en 3,3% e insuficiente para permitirle a la regi\u00f3n escapar de las tres trampas de desarrollo que menciona CEPAL.<\/p>\n<\/div>\n<div class=\"sc-80531b6b-0 chRIGJ container-text text-embed\">\n<p><em>Ecuador: Reelecci\u00f3n de Noboa o regreso del corre\u00edsmo<\/em><\/p>\n<\/div>\n<div class=\"sc-80531b6b-0 chRIGJ container-text text-embed\">\n<p>Ecuador abre el calendario electoral este domingo 9 de febrero con elecciones presidenciales y legislativas en un contexto marcado por la fragmentaci\u00f3n -16 binomios presidenciales- pero tambi\u00e9n por la violencia, polarizaci\u00f3n extrema y una guerra de desinformaci\u00f3n.  El presidente Daniel Noboa, quien busca su reelecci\u00f3n, se enfrenta nuevamente al corre\u00edsmo, liderado por Luisa Gonz\u00e1lez. Las encuestas no dibujan un panorama claro: algunas ven al presidente definiendo en primera vuelta, otras se\u00f1alan la necesidad de ir a un balotaje el 13 de abril.<\/p>\n<\/div>\n<div class=\"sc-80531b6b-0 chRIGJ container-text text-embed\">\n<p>Noboa enfrenta importantes desaf\u00edos: elevada inseguridad, una crisis energ\u00e9tica que a\u00fan no ha sido completamente resuelta y tensiones con su vicepresidenta; d\u00e9ficits que el corre\u00edsmo busca capitalizar para regresar al gobierno. Igualmente importante es la elecci\u00f3n de la Asamblea Nacional, cuya composici\u00f3n ser\u00e1 cr\u00edtica para garantizar la gobernabilidad en un pa\u00eds que atarviesa una coyuntura en extremo compleja -son las terceras elecciones presidenciales en los \u00faltimos cuatro a\u00f1os- y en el cual la estabilidad pol\u00edtica y la capacidad del nuevo gobierno para cumplir la totalidad de su mandato y aprobar una agenda reformista son cr\u00edticas.<\/p>\n<\/div>\n<div class=\"sc-80531b6b-0 chRIGJ container-text text-embed\">\n<p><em>Bolivia: Crisis en el MAS abre la posibilidad de alternancia<\/em><\/p>\n<\/div>\n<div class=\"sc-80531b6b-0 chRIGJ container-text text-embed\">\n<p>Bolivia celebrar\u00e1 elecciones el 17 de agosto en medio de una profunda crisis econ\u00f3mica y pol\u00edtica. El oficialismo y la oposici\u00f3n enfrentan esta elecci\u00f3n divididos. El gobernante Movimiento al Socialismo (MAS) se ha fracturado entre los seguidores del presidente Luis Arce y los de Evo Morales, quien, pese a estar legalmente inhabilitado, insiste en participar. <\/p>\n<\/div>\n<div class=\"sc-80531b6b-0 chRIGJ container-text text-embed\">\n<p>El presidente del Senado, Andr\u00f3nico Rodriguez, es el oficialista mejor posicionado en los sondeos, muy por delante de Arce. En la oposici\u00f3n, el exalcalde de Cochabamba, Manfred Reyes Villa, es quien mejor mide en las encuestas, pero de momento rechaz\u00f3 sumarse al bloque liderado por los expresidentes Carlos Mesa y Jorge Quiroga. No hay que descartar empero un \u00faltimo intento de reunir a toda la oposici\u00f3n en una candidatura \u00fanica. La fragmentaci\u00f3n del escenario pol\u00edtico podr\u00eda provocar la necesidad de disputar un balotaje el 19 de octubre.<\/p>\n<\/div>\n<div class=\"sc-80531b6b-0 chRIGJ container-text text-embed\">\n<p><em>Chile: Una derecha fortalecida ante una izquierda debilitada<\/em><\/p>\n<\/div>\n<div class=\"sc-80531b6b-0 chRIGJ container-text text-embed\">\n<p>Chile se prepara para las elecciones generales del 16 de noviembre que podr\u00edan marcar el regreso de la derecha al poder. Tras el fracaso de dos proyectos de nueva Constituci\u00f3n y altos niveles de inseguridad, el gobierno de Gabriel Boric enfrenta una desaprobaci\u00f3n superior al 60 %.<\/p>\n<\/div>\n<div class=\"sc-80531b6b-0 chRIGJ container-text text-embed\">\n<p>La exalcaldesa de Providencia Evelyn Matthei se perfila como la candidata mejor posicionada en la derecha, donde tambi\u00e9n emergen opciones como el ultraconservador Jos\u00e9 Antonio Kast y el libertario Johannes Kaiser.<\/p>\n<\/div>\n<div class=\"sc-80531b6b-0 chRIGJ container-text text-embed\">\n<p>En la izquierda, destacan nombres como las ministras Carolina Toh\u00e1 y Camila Vallejo, mientras persiste la inc\u00f3gnita sobre una eventual tercera candidatura de la expresidenta Michelle Bachelet, bien posicionada en las encuestas.<\/p>\n<\/div>\n<div class=\"sc-80531b6b-0 chRIGJ container-text text-embed\">\n<p>Lo m\u00e1s probable es que sea necesaria una segunda vuelta prevista para el 14 de diciembre.<\/p>\n<\/div>\n<div class=\"sc-80531b6b-0 chRIGJ container-text text-embed\">\n<p><em>Honduras: Entre la continuidad de Libre o la alternancia<\/em><\/p>\n<\/div>\n<div class=\"sc-80531b6b-0 chRIGJ container-text text-embed\">\n<p>Honduras tendr\u00e1 elecciones presidenciales el 30 de noviembre a una sola vuelta. La fragmentaci\u00f3n del Partido Nacional, debilitado por esc\u00e1ndalos de corrupci\u00f3n y el caso del narco-presidente Juan Orlando Hern\u00e1ndez, ha abierto oportunidades para nuevos liderazgos.<\/p>\n<\/div>\n<div class=\"sc-80531b6b-0 chRIGJ container-text text-embed\">\n<p>Entre los contendientes destacan Rixi Moncada, respaldada por el oficialismo de Libre y Salvador Nasralla, un outsider con gran carisma y un mensaje anti-establishment que compite dentro del Partido Liberal. Las encuestas reflejan un escenario competitivo, con altos niveles de indecisos, lo que anticipa una contienda re\u00f1ida.<\/p>\n<\/div>\n<div class=\"sc-80531b6b-0 chRIGJ container-text text-embed\">\n<p>Al inicio de este nuevo superciclo, la ciudadan\u00eda muestra una creciente impaciencia y pragmatismo, priorizando resultados concretos sobre debates ideol\u00f3gicos. Esta tendencia lleva a que una parte significativa de la poblaci\u00f3n est\u00e9 dispuesta a aceptar modelos de gobierno menos democr\u00e1ticos si estos ofrecen soluciones efectivas a sus demandas ([eficracia\u201d). Seg\u00fan el Latinobar\u00f3metro 2024, el 53% de los latinoamericanos estar\u00eda dispuesto a aceptar un gobierno no democr\u00e1tico si este resolviera los problemas del pa\u00eds.<\/p>\n<\/div>\n<div class=\"sc-80531b6b-0 chRIGJ container-text text-embed\">\n<p>En este escenario, es esencial garantizar procesos equitativos, transparentes e \u00edntegros. Es crucial combatir la polarizaci\u00f3n y prevenir la manipulaci\u00f3n de redes sociales e inteligencia artificial para mitigar la desinformaci\u00f3n. Proteger a los organismos electorales de ataques injustificados y enfrentar el \u201cnegacionismo electoral\u201d son objetivos fundamentales para asegurar la legitimidad de origen y la estabilidad pol\u00edtica.<\/p>\n<\/div>\n<div class=\"sc-80531b6b-0 chRIGJ container-text text-embed\">\n<p>En s\u00edntesis: de cara a los pr\u00f3ximos tres a\u00f1os, ser\u00e1n los ciudadanos quienes, a trav\u00e9s de las urnas, definan el rumbo del mapa pol\u00edtico latinoamericano, marcado por la tensi\u00f3n entre la necesidad de resultados inmediatos y el compromiso con los valores democr\u00e1ticos.<\/p>\n<\/div>\n<div class=\"sc-80531b6b-0 chRIGJ container-text text-embed\">\n<p><em>Daniel Zovatto es analista pol\u00edtico internacional. Global Fellow, Wilson Center @zovatto55<\/em><\/p>\n<\/div>\n<\/div>\n<p><br \/>\n<br \/><a href=\"https:\/\/www.clarin.com\/opinion\/maraton-electoral-latinoamericano-pragmatismo-desplaza-ideologia_0_OWkHHmv3WV.html\">Fuente Clarin.com <\/a><\/p>\n","protected":false},"excerpt":{"rendered":"<p>En 2025, Am\u00e9rica Latina inicia un nuevo superciclo electoral marcado por el pragmatismo m\u00e1s que por la ideolog\u00eda, con potencial para redefinir el panorama pol\u00edtico regional. Este periodo contempla elecciones presidenciales y legislativas en Ecuador, Bolivia, Chile y Honduras, adem\u00e1s de procesos legislativos, locales y judiciales en Argentina, Venezuela y M\u00e9xico. Este marat\u00f3n se extender\u00e1 [&hellip;]<\/p>\n","protected":false},"author":1,"featured_media":2978,"comment_status":"open","ping_status":"open","sticky":false,"template":"","format":"standard","meta":{"footnotes":""},"categories":[2],"tags":[4992,3483,4991],"class_list":["post-2977","post","type-post","status-publish","format-standard","has-post-thumbnail","hentry","category-ultimas-noticias","tag-desplaza","tag-ideologia","tag-pragmatismo"],"_links":{"self":[{"href":"https:\/\/13.com.ar\/index.php\/wp-json\/wp\/v2\/posts\/2977","targetHints":{"allow":["GET"]}}],"collection":[{"href":"https:\/\/13.com.ar\/index.php\/wp-json\/wp\/v2\/posts"}],"about":[{"href":"https:\/\/13.com.ar\/index.php\/wp-json\/wp\/v2\/types\/post"}],"author":[{"embeddable":true,"href":"https:\/\/13.com.ar\/index.php\/wp-json\/wp\/v2\/users\/1"}],"replies":[{"embeddable":true,"href":"https:\/\/13.com.ar\/index.php\/wp-json\/wp\/v2\/comments?post=2977"}],"version-history":[{"count":0,"href":"https:\/\/13.com.ar\/index.php\/wp-json\/wp\/v2\/posts\/2977\/revisions"}],"wp:featuredmedia":[{"embeddable":true,"href":"https:\/\/13.com.ar\/index.php\/wp-json\/wp\/v2\/media\/2978"}],"wp:attachment":[{"href":"https:\/\/13.com.ar\/index.php\/wp-json\/wp\/v2\/media?parent=2977"}],"wp:term":[{"taxonomy":"category","embeddable":true,"href":"https:\/\/13.com.ar\/index.php\/wp-json\/wp\/v2\/categories?post=2977"},{"taxonomy":"post_tag","embeddable":true,"href":"https:\/\/13.com.ar\/index.php\/wp-json\/wp\/v2\/tags?post=2977"}],"curies":[{"name":"wp","href":"https:\/\/api.w.org\/{rel}","templated":true}]}}