{"id":2971,"date":"2025-02-07T19:16:11","date_gmt":"2025-02-07T22:16:11","guid":{"rendered":"https:\/\/13.com.ar\/index.php\/el-relato-del-amigo-que-manejaba-cuando-policias-de-civil-acribillaron-a-matias-en-mar-del-plata\/"},"modified":"2025-02-07T19:16:11","modified_gmt":"2025-02-07T22:16:11","slug":"el-relato-del-amigo-que-manejaba-cuando-policias-de-civil-acribillaron-a-matias-en-mar-del-plata","status":"publish","type":"post","link":"https:\/\/13.com.ar\/index.php\/el-relato-del-amigo-que-manejaba-cuando-policias-de-civil-acribillaron-a-matias-en-mar-del-plata\/","title":{"rendered":"el relato del amigo que manejaba cuando polic\u00edas de civil acribillaron a Mat\u00edas en Mar del Plata"},"content":{"rendered":"<p> <br \/>\n<\/p>\n<div id=\"cuerpo\">\n<div class=\"sc-80531b6b-0 chRIGJ container-text text-embed\">\n<p>Emanuel tiene la marca de un balazo en la espalda, del lado derecho a la altura del pulm\u00f3n, una quemadura que todav\u00eda le arde. Dice que la bala que lo alcanz\u00f3 a \u00e9l cuando conduc\u00eda su Fiat Palio es <strong>una de las que lo atravesaron a su amigo Mat\u00edas Paredes<\/strong>, que viajaba en el asiento trasero y que no sobrevivi\u00f3 al intempestivo<strong> ataque de polic\u00edas de civil, que los acribillaron<\/strong>. Lo cuenta en el velatorio de su amigo, y deduce:<strong> &#8220;Yo tambi\u00e9n podr\u00eda estar ah\u00ed&#8221;<\/strong>, indicando con el ment\u00f3n el lugar donde est\u00e1 el f\u00e9retro.<\/p>\n<\/div>\n<div class=\"sc-80531b6b-0 chRIGJ container-text text-embed\">\n<p><strong>&#8220;Si no acelero, \u00e9ramos tres los muertos.<\/strong> \u00bfY qu\u00e9 iba a hacer? Nos segu\u00eda una camioneta, cuando paro en el sem\u00e1foro nos atraviesan un Bora, <strong>bajan dos tipos enfierrados<\/strong>, y aceler\u00e9. Ah\u00ed nom\u00e1s empezaron los tiros. Ni s\u00e9 cu\u00e1ntos tiraron. Despu\u00e9s ve\u00eda por el espejo a uno que segu\u00eda tirando con el cuerpo afuera del auto, una locura&#8221;, narra a <strong>Clar\u00edn<\/strong> el momento en que los polic\u00edas -que<strong> no se identificaron<\/strong> como tales- les dispararon con sus armas reglamentarias.<\/p>\n<\/div>\n<div class=\"sc-80531b6b-0 chRIGJ container-text text-embed\">\n<p>La herida en la espalda de Emanuel Astate, que tiene 25 a\u00f1os y lo conoc\u00eda a Mat\u00edas desde jard\u00edn de infantes, se la dej\u00f3 un proyectil 9 mil\u00edmetros, <strong>&#8220;no una bala de goma, como dijeron&#8221;<\/strong>, aclara.<\/p>\n<\/div>\n<div class=\"sc-80531b6b-0 chRIGJ container-text text-embed\">\n<p>Cuenta el joven que apenas aceler\u00f3 para esquivar el VW Bora y oy\u00f3 los balazos, sinti\u00f3 un ardor en la espalda.<strong> &#8220;Aceler\u00e1, aceler\u00e1, me dec\u00eda mi amigo que estaba al lado m\u00edo.<\/strong> Mat\u00edas ven\u00eda atr\u00e1s, medio se agach\u00f3 y como segu\u00edan tirando reci\u00e9n par\u00e9 cuando nos cruzaron un patrullero: sintieron los tiros y nos vienen a cuidar, a protegernos, pens\u00e9, y no,<strong> eran todos los mismos&#8221;.<\/strong><\/p>\n<\/div>\n<div class=\"sc-80531b6b-0 chRIGJ container-text text-embed\">\n<p>Circula un video que respalda la versi\u00f3n de los j\u00f3venes, la encerrona de los polic\u00edas, tres en una Ford Ecosport negra que <strong>no ten\u00eda chapa patente <\/strong>y dos en un VW Bora gris, y revela la ferocidad con que actuaron,<strong> tirando a matar.<\/strong><\/p>\n<\/div>\n<div class=\"sc-198be8ec-0 cynXbu image-embed  image-embed \"><picture class=\"sc-198be8ec-1 kOjRiQ\"><source media=\"(min-width: 975px)\" width=\"720\" height=\"480\" \/><img alt=\"Emanuel muestra la herida que le dej\u00f3 una de las balas que mat\u00f3 a Mat\u00edas Paredes, asesinado por policias civil en Mar del Plata.  Foto: Diego Izquierdo \" loading=\"lazy\" width=\"720\" height=\"480\" decoding=\"async\" data-nimg=\"1\" style=\"color:transparent\" src=\"https:\/\/13.com.ar\/wp-content\/uploads\/2025\/02\/el-relato-del-amigo-que-manejaba-cuando-policias-de-civil.jpg\"\/><span class=\"epigraphe\">Emanuel muestra la herida que le dej\u00f3 una de las balas que mat\u00f3 a Mat\u00edas Paredes, asesinado por policias civil en Mar del Plata.  Foto: Diego Izquierdo <\/span><span class=\"bkg\"\/><span class=\"picture-open\"><button class=\"open-image\" aria-label=\"Open Image\"\/><\/span><\/picture><\/div>\n<div class=\"sc-80531b6b-0 chRIGJ container-text text-embed\">\n<p>Cuando Emanuel al fin fren\u00f3, los polic\u00edas los bajaron del auto a \u00e9l y a su acompa\u00f1ante, y los pusieron de manos contra el cap\u00f3 de la patrulla. &#8220;No nos dejaban ir a ver a Pitu, que no bajaba. Y enseguida vimos que ellos se acercaban al auto, se asomaban y se agarraban la cabeza. <strong>Sab\u00edan la que se hab\u00edan mandado. Mataron a un pibe re bueno&#8221;.<\/strong><\/p>\n<\/div>\n<div class=\"sc-80531b6b-0 chRIGJ container-text text-embed\">\n<p>Horacio Paredes, pap\u00e1 de Mat\u00edas, tiene un vendaje casero en la mu\u00f1eca izquierda: &#8220;Me lo hice peleando con los canas, <strong>no me dejaban bajarlo del auto a mi hijo, ni siquiera verlo.<\/strong> Pero lo baj\u00e9, probrecito&#8221;. El muchacho ya hab\u00eda muerto<strong>: recibi\u00f3 cuatro tiros, una de las balas le perfor\u00f3 el pecho.<\/strong><\/p>\n<\/div>\n<div class=\"sc-80531b6b-0 chRIGJ container-text text-embed\">\n<p><strong>Es el tercer hijo que pierde Horacio.<\/strong> Hace 14 a\u00f1os falleci\u00f3 a causa de un infarto Gustavo, y en 2019, Hern\u00e1n se electrocut\u00f3 en una obra. Los Paredes son una familia que<strong> trabaja en la construcci\u00f3n. <\/strong>Mat\u00edas era<strong> el m\u00e1s chico de siete hermanos,<\/strong> es pap\u00e1 de Ambar, una nena de 3 a\u00f1os y trabajaba con su padre haciendo<strong> losas de hormig\u00f3n<\/strong>: &#8220;A este me lo mat\u00f3 la Polic\u00eda -dice el hombre mientras se frota los ojos-, no va a quedar as\u00ed&#8221;.<\/p>\n<\/div>\n<div class=\"sc-198be8ec-0 cynXbu image-embed  image-embed \"><picture class=\"sc-198be8ec-1 kOjRiQ\"><source media=\"(min-width: 975px)\" width=\"720\" height=\"480\" \/><img alt=\"Horacio Paredes, de remera amarilla, carga el fer\u00e9tro con el cuerpo de su hija Mat\u00edas, asesinado por polic\u00edas de civil en Mar del Plata.  Foto: Diego Izquierdo \" loading=\"lazy\" width=\"720\" height=\"480\" decoding=\"async\" data-nimg=\"1\" style=\"color:transparent\" src=\"https:\/\/13.com.ar\/wp-content\/uploads\/2025\/02\/1738966571_752_el-relato-del-amigo-que-manejaba-cuando-policias-de-civil.jpg\"\/><span class=\"epigraphe\">Horacio Paredes, de remera amarilla, carga el fer\u00e9tro con el cuerpo de su hija Mat\u00edas, asesinado por polic\u00edas de civil en Mar del Plata.  Foto: Diego Izquierdo <\/span><span class=\"bkg\"\/><span class=\"picture-open\"><button class=\"open-image\" aria-label=\"Open Image\"\/><\/span><\/picture><\/div>\n<div class=\"sc-80531b6b-0 chRIGJ container-text text-embed\">\n<p>Su mujer, Mar\u00eda Helena, se descompens\u00f3 y debi\u00f3 ser asistida por los m\u00e9dicos de la ambulancia que permaneci\u00f3 estacionada frente a la funeraria Oliva, a un kil\u00f3metro donde<strong> Mat\u00edas fue asesinado, en la esquina de Polonia y Fortunato de la Plaza (Av.39).<\/strong><\/p>\n<\/div>\n<div class=\"sc-80531b6b-0 chRIGJ container-text text-embed\">\n<p>&#8220;Me enter\u00e9 y fu\u00ed. Yo estaba cuando buscaban las vainas, encontraron siete, ocho&#8221;, comenta Alberto, el mayor de los hermanos.<strong> &#8220;Se equivocaron feo, somos gente de trabajo&#8221;.<\/strong> Es uno de los pocos que no lleva puesta la camiseta azul con ribetes blancos de <strong>Alvarado,<\/strong> &#8220;El Torito&#8221;, club del que Mat\u00edas era fana y que en la tarde del mi\u00e9rcoles present\u00f3 plantel y nueva camiseta en un boliche sobre la avenida Constituci\u00f3n.<\/p>\n<\/div>\n<div class=\"sc-80531b6b-0 chRIGJ container-text text-embed\">\n<p>All\u00ed hab\u00edan estado Mat\u00edas y sus amigos. El hab\u00eda pedido prestado algo de dinero para pagarse la entrada. A la vuelta, se juntaron en casa de un amigo, Mat\u00edas tambi\u00e9n. <\/p>\n<\/div>\n<div class=\"sc-ad4aedf2-0 dPPgNJ border-video video-embed horizontal border-video video-embed horizontal\">\n<div class=\"sc-ad4aedf2-1 hnFuni videoText videoText\">\n<h2>Video<\/h2>\n<p>As\u00ed mataron a Mat\u00edas Paredes en Mar del Plata<\/p>\n<\/div>\n<\/div>\n<div class=\"sc-80531b6b-0 chRIGJ container-text text-embed\">\n<p>Pasada la una de la ma\u00f1ana del jueves, salieron a buscar un mazo de naipes a la casa de Emanuel. En el camino, cuando hab\u00edan hecho apenas cinco cuadras,<strong> los interceptaron los que para ellos eran ladrones, no polic\u00edas.<\/strong><\/p>\n<\/div>\n<div class=\"sc-80531b6b-0 chRIGJ container-text text-embed\">\n<p>Los tres amigos en el coche vest\u00edan la camiseta de f\u00fatbol, y en ese dato los polic\u00edas que dispararon encuentran una excusa sin mucho sustento: buscaban a &#8220;El Guach\u00edn&#8221;, Cristian Monje, el asesino del kiosquero Cristian Vel\u00e1zquez (50), muerto el lunes en un asalto. Ocurre que el criminal ten\u00eda puesta una camiseta del mismo club.<\/p>\n<\/div>\n<div class=\"sc-80531b6b-0 chRIGJ container-text text-embed\">\n<p>Como esa, queda por analizar la veracidad de la explicaci\u00f3n que le dieron los agentes al fiscal Alejandro Pellegrinelli: que al detener el auto, en ese instante, <strong>vieron el reflejo de un arma plateada, y que por eso abrieron fuego.<\/strong> Pero los peritos no encontraron ning\u00fan arma en el Palio rojo de Emanuel, que tiene los agujeros de bala en la tapa del port\u00f3n trasero.<\/p>\n<\/div>\n<div class=\"sc-198be8ec-0 cynXbu image-embed  image-embed \"><picture class=\"sc-198be8ec-1 kOjRiQ\"><source media=\"(min-width: 975px)\" width=\"720\" height=\"480\" \/><img alt=\"Mar\u00eda Helena, la mam\u00e1 de Mat\u00edas Paredes, el joven de 26 a\u00f1os asesinado por polic\u00edas de civil en Mar del Plata, durante el velatorio de este viernes.  Foto: Diego Izquierdo \" loading=\"lazy\" width=\"720\" height=\"480\" decoding=\"async\" data-nimg=\"1\" style=\"color:transparent\" src=\"https:\/\/13.com.ar\/wp-content\/uploads\/2025\/02\/1738966571_126_el-relato-del-amigo-que-manejaba-cuando-policias-de-civil.jpg\"\/><span class=\"epigraphe\">Mar\u00eda Helena, la mam\u00e1 de Mat\u00edas Paredes, el joven de 26 a\u00f1os asesinado por polic\u00edas de civil en Mar del Plata, durante el velatorio de este viernes.  Foto: Diego Izquierdo <\/span><span class=\"bkg\"\/><span class=\"picture-open\"><button class=\"open-image\" aria-label=\"Open Image\"\/><\/span><\/picture><\/div>\n<div class=\"sc-80531b6b-0 chRIGJ container-text text-embed\">\n<p><strong>Unas doscientas personas se acercaron a la casa funeraria,<\/strong> algunos buscaban refugiarse del sol del mediod\u00eda en los toldos que dan a la avenida Polonia. Hinchas de Alvarado (&#8220;no est\u00e1n ac\u00e1 porque el era hincha, no, vinieron porque lo conoc\u00edan: Pitu era un pibe sano, muy querido&#8221;, dice su hermano Cristian), con autos y motos cruzados en el asfalto, cortaron la avenida. No se ve un polic\u00eda. Aunque hay enojo, fastidio y de lejos el clima puede parecer hostil, es todo lo contrario: &#8220;Gracias por venir&#8221;, reciben a los periodistas. &#8220;Acomp\u00e1\u00f1ennos&#8221;.<\/p>\n<\/div>\n<div class=\"sc-80531b6b-0 chRIGJ container-text text-embed\">\n<p>Emanuel entraba y sal\u00eda de la peque\u00f1a sala, de a momentos se quebraba y se abrazaba a su novia buscando consuelo. Son\u00f3 alguna bomba de estruendo y aplausos cuando afuera supieron que iban a cerrar el f\u00e9retro, donde depositaron una camiseta y una lata de cerveza helada: &#8220;Para que se la lleve -explica un amigo con los ojos llorosos-, el Pitu siempre ten\u00eda una latita en la mano&#8221;. Horacio, el pap\u00e1 de Mat\u00edas, en un susurro casi, le jura: <strong>&#8220;No te vamos a olvidar, hijo, y a los polic\u00edas que te mataron, tampoco&#8221;.<\/strong><\/p>\n<\/div>\n<div class=\"sc-198be8ec-0 cynXbu image-embed  image-embed \"><picture class=\"sc-198be8ec-1 kOjRiQ\"><source media=\"(min-width: 975px)\" width=\"720\" height=\"480\" \/><img alt=\"Unas 200 personas se acercaron a despedir a Mat\u00edas Paredes, asesinado por policias civil en Mar del Plata Foto: Diego Izquierdo \" loading=\"lazy\" width=\"720\" height=\"480\" decoding=\"async\" data-nimg=\"1\" style=\"color:transparent\" src=\"https:\/\/13.com.ar\/wp-content\/uploads\/2025\/02\/1738966571_439_el-relato-del-amigo-que-manejaba-cuando-policias-de-civil.jpg\"\/><span class=\"epigraphe\">Unas 200 personas se acercaron a despedir a Mat\u00edas Paredes, asesinado por policias civil en Mar del Plata Foto: Diego Izquierdo <\/span><span class=\"bkg\"\/><span class=\"picture-open\"><button class=\"open-image\" aria-label=\"Open Image\"\/><\/span><\/picture><\/div>\n<\/div>\n<p><br \/>\n<br \/><a href=\"https:\/\/www.clarin.com\/policiales\/acelero-muertos-relato-amigo-manejaba-policias-civil-acribillaron-matias-mar-plata_0_rplO1gCEJL.html\">Fuente Clarin.com <\/a><\/p>\n","protected":false},"excerpt":{"rendered":"<p>Emanuel tiene la marca de un balazo en la espalda, del lado derecho a la altura del pulm\u00f3n, una quemadura que todav\u00eda le arde. Dice que la bala que lo alcanz\u00f3 a \u00e9l cuando conduc\u00eda su Fiat Palio es una de las que lo atravesaron a su amigo Mat\u00edas Paredes, que viajaba en el asiento [&hellip;]<\/p>\n","protected":false},"author":1,"featured_media":2972,"comment_status":"open","ping_status":"open","sticky":false,"template":"","format":"standard","meta":{"footnotes":""},"categories":[2],"tags":[4985,4670,4538,677,100,1499,537,2444,255,2637,3357],"class_list":["post-2971","post","type-post","status-publish","format-standard","has-post-thumbnail","hentry","category-ultimas-noticias","tag-acribillaron","tag-amigo","tag-civil","tag-cuando","tag-del","tag-manejaba","tag-mar","tag-matias","tag-plata","tag-policias","tag-relato"],"_links":{"self":[{"href":"https:\/\/13.com.ar\/index.php\/wp-json\/wp\/v2\/posts\/2971","targetHints":{"allow":["GET"]}}],"collection":[{"href":"https:\/\/13.com.ar\/index.php\/wp-json\/wp\/v2\/posts"}],"about":[{"href":"https:\/\/13.com.ar\/index.php\/wp-json\/wp\/v2\/types\/post"}],"author":[{"embeddable":true,"href":"https:\/\/13.com.ar\/index.php\/wp-json\/wp\/v2\/users\/1"}],"replies":[{"embeddable":true,"href":"https:\/\/13.com.ar\/index.php\/wp-json\/wp\/v2\/comments?post=2971"}],"version-history":[{"count":0,"href":"https:\/\/13.com.ar\/index.php\/wp-json\/wp\/v2\/posts\/2971\/revisions"}],"wp:featuredmedia":[{"embeddable":true,"href":"https:\/\/13.com.ar\/index.php\/wp-json\/wp\/v2\/media\/2972"}],"wp:attachment":[{"href":"https:\/\/13.com.ar\/index.php\/wp-json\/wp\/v2\/media?parent=2971"}],"wp:term":[{"taxonomy":"category","embeddable":true,"href":"https:\/\/13.com.ar\/index.php\/wp-json\/wp\/v2\/categories?post=2971"},{"taxonomy":"post_tag","embeddable":true,"href":"https:\/\/13.com.ar\/index.php\/wp-json\/wp\/v2\/tags?post=2971"}],"curies":[{"name":"wp","href":"https:\/\/api.w.org\/{rel}","templated":true}]}}