{"id":2969,"date":"2025-02-07T19:12:51","date_gmt":"2025-02-07T22:12:51","guid":{"rendered":"https:\/\/13.com.ar\/index.php\/matias-ogas-el-novio-de-morena-rial-rompio-el-silencio-tras-la-detencion-de-la-mediatica\/"},"modified":"2025-02-07T19:12:51","modified_gmt":"2025-02-07T22:12:51","slug":"matias-ogas-el-novio-de-morena-rial-rompio-el-silencio-tras-la-detencion-de-la-mediatica","status":"publish","type":"post","link":"https:\/\/13.com.ar\/index.php\/matias-ogas-el-novio-de-morena-rial-rompio-el-silencio-tras-la-detencion-de-la-mediatica\/","title":{"rendered":"Mat\u00edas Ogas, el novio de Morena Rial, rompi\u00f3 el silencio tras la detenci\u00f3n de la medi\u00e1tica"},"content":{"rendered":"<p> <br \/>\n<\/p>\n<div id=\"cuerpo\">\n<div class=\"sc-80531b6b-0 chRIGJ container-text text-embed\">\n<p><strong>Mat\u00edas Ogas<\/strong>, el novio de <strong>Morena Rial<\/strong>, rompi\u00f3 el silencio tras la nueva detenci\u00f3n de la medi\u00e1tica y se manifest\u00f3 en las redes.<\/p>\n<\/div>\n<div class=\"sc-80531b6b-0 chRIGJ container-text text-embed\">\n<p>En la madrugada de este 5 de febrero, la medi\u00e1tica fue detenida nuevamente por presunta participaci\u00f3n en el robo a una casa ubicada en Villa Adelina bajo la modalidad &#8220;escruche&#8221;.<\/p>\n<\/div>\n<div class=\"sc-80531b6b-0 chRIGJ container-text text-embed\">\n<p>Luego de que<strong> Jorge Rial<\/strong> hablara sobre la complicada situaci\u00f3n que atraviesa su hija y se hiciera cargo de su nieto,<strong> Amadeo<\/strong>, el pap\u00e1 del beb\u00e9 de cuatro meses public\u00f3 una serie de mensajes en su cuenta de Instagram.<\/p>\n<\/div>\n<div class=\"sc-80531b6b-0 chRIGJ container-text text-embed\">\n<p>Primero, en una historia comparti\u00f3 una imagen del hijo que tiene en com\u00fan con Morena. En la foto se lo ve a Amadeo con un pa\u00f1al, recostado sobre un sill\u00f3n y con un peluche a su lado.<\/p>\n<\/div>\n<div class=\"sc-80531b6b-0 chRIGJ container-text text-embed\">\n<p><strong>\u201cTe amo tanto papi. Ya va a pasar todo esto\u201d<\/strong>, escribi\u00f3 el boxeador de 20 a\u00f1os.<\/p>\n<\/div>\n<div class=\"sc-198be8ec-0 cynXbu image-embed  image-embed \"><picture class=\"sc-198be8ec-1 kOjRiQ\"><source media=\"(min-width: 975px)\" width=\"720\" height=\"480\" \/><img alt=\"Las fotos que public\u00f3 Mat\u00edas Ogas, novio de Morena Rial. Instagram.\" loading=\"lazy\" width=\"720\" height=\"480\" decoding=\"async\" data-nimg=\"1\" style=\"color:transparent\" src=\"https:\/\/13.com.ar\/wp-content\/uploads\/2025\/02\/Matias-Ogas-el-novio-de-Morena-Rial-rompio-el-silencio.jpg\"\/><span class=\"epigraphe\">Las fotos que public\u00f3 Mat\u00edas Ogas, novio de Morena Rial. Instagram.<\/span><span class=\"bkg\"\/><span class=\"picture-open\"><button class=\"open-image\" aria-label=\"Open Image\"\/><\/span><\/picture><\/div>\n<div class=\"sc-80531b6b-0 chRIGJ container-text text-embed\">\n<p>Luego, volvi\u00f3 a aparecer en la mencionada red social y subi\u00f3 otra postal en la que se lo ve posando frente a un espejo y a Amadeo encima de \u00e9l, en un fular. <strong>&#8220;Mi hijo hermoso&#8221;<\/strong>, escribi\u00f3.<\/p>\n<\/div>\n<div class=\"sc-80531b6b-0 chRIGJ container-text text-embed\">\n<p>Es que, desde hace d\u00edas, el beb\u00e9 se encuentra con su abuelo, Jorge Rial, quien hace unos d\u00edas hizo fuertes declaraciones sobre Morena y revel\u00f3 c\u00f3mo encontr\u00f3 la salud de su nieto Amadeo.<\/p>\n<\/div>\n<div class=\"sc-198be8ec-0 cynXbu image-embed  image-embed \"><picture class=\"sc-198be8ec-1 kOjRiQ\"><source media=\"(min-width: 975px)\" width=\"720\" height=\"480\" \/><img alt=\"Las fotos que public\u00f3 Mat\u00edas Ogas, novio de Morena Rial. Instagram.\" loading=\"lazy\" width=\"720\" height=\"480\" decoding=\"async\" data-nimg=\"1\" style=\"color:transparent\" src=\"https:\/\/13.com.ar\/wp-content\/uploads\/2025\/02\/1738966371_814_Matias-Ogas-el-novio-de-Morena-Rial-rompio-el-silencio.jpg\"\/><span class=\"epigraphe\">Las fotos que public\u00f3 Mat\u00edas Ogas, novio de Morena Rial. Instagram.<\/span><span class=\"bkg\"\/><span class=\"picture-open\"><button class=\"open-image\" aria-label=\"Open Image\"\/><\/span><\/picture><\/div>\n<p><h2>Jorge Rial habl\u00f3 sobre la salud de su nieto, Amadeo<\/h2>\n<\/p>\n<div class=\"sc-80531b6b-0 chRIGJ container-text text-embed\">\n<p>El jueves,<strong> Jorge Rial <\/strong>se sincer\u00f3 en su programa<em> Argenzuela<\/em> (Radio 10), toc\u00f3 el tema de la detenci\u00f3n de su hija Morena y, en ese sentido, tambi\u00e9n habl\u00f3 del hijo de ella, de cuatro meses.<\/p>\n<\/div>\n<div class=\"sc-80531b6b-0 chRIGJ container-text text-embed\">\n<p>&#8220;Ayer fue un d\u00eda de locos, estoy cansado, pero dentro de todo <strong>feliz de tener a mi nieto en mi casa<\/strong>&#8220;, comenz\u00f3 diciendo el conductor.<\/p>\n<\/div>\n<div class=\"sc-80531b6b-0 chRIGJ container-text text-embed\">\n<p>&#8220;Les cuento que est\u00e1 muy bien, ya vino muy bien, hay muchas cosas para decir de Morena, pero el nene est\u00e1 perfecto&#8221;, detall\u00f3 sobre su nieto.<\/p>\n<\/div>\n<div class=\"sc-80531b6b-0 chRIGJ container-text text-embed\">\n<p>Y agreg\u00f3: &#8220;Ayer despu\u00e9s de irme de ac\u00e1,<strong> lo llev\u00e9 al sanatorio Finochietto, el equipo de pediatr\u00eda lo revis\u00f3 de arriba a abajo al gordito, est\u00e1 perfecto<\/strong>&#8220;.<\/p>\n<\/div>\n<div class=\"sc-ad4aedf2-0 dPPgNJ border-video video-embed horizontal border-video video-embed horizontal\">\n<div class=\"sc-ad4aedf2-1 hnFuni videoText videoText\">\n<h2>Video<\/h2>\n<p>Jorge Rial conoci\u00f3 a su nieto Amadeo<\/p>\n<\/div>\n<\/div>\n<div class=\"sc-80531b6b-0 chRIGJ container-text text-embed\">\n<p>Sobre el v\u00ednculo que estableci\u00f3 con el beb\u00e9 al verlo por primera vez, Rial expres\u00f3: &#8220;Est\u00e1 bien de peso, altura, es un peque\u00f1o luchador de sumo, tiene una fuerza infernal, ya pegamos onda, nos re\u00edmos&#8221;.<\/p>\n<\/div>\n<div class=\"sc-80531b6b-0 chRIGJ container-text text-embed\">\n<p>&#8220;En medio de todo esto que est\u00e1 pasando, <strong>la presencia de Amadeo es un b\u00e1lsamo y me da esperanza <\/strong>porque lo veo y pienso que por \u00e9l vale la pena que mi hija la pelee, tiene que salir de la mierda donde decidi\u00f3 meterse&#8221;, dijo a coraz\u00f3n abierto.<\/p>\n<\/div>\n<div class=\"sc-80531b6b-0 chRIGJ container-text text-embed\">\n<p>&#8220;Teniendo dos hijos hermosos, inteligentes y sanos, que es important\u00edsimo&#8221;, explic\u00f3 respecto a Amadeo, fruto de la relaci\u00f3n con un boxeador, y Francesco, que vive con su padre Facundo Ambrosioni.<\/p>\n<\/div>\n<div class=\"sc-198be8ec-0 cynXbu image-embed  image-embed \"><picture class=\"sc-198be8ec-1 kOjRiQ\"><source media=\"(min-width: 975px)\" width=\"720\" height=\"480\" \/><img alt=\"Jorge Rial revel\u00f3 en qu\u00e9 estado encontr\u00f3 a su nieto Amadeo, hijo de Morena Rial.\" loading=\"lazy\" width=\"720\" height=\"480\" decoding=\"async\" data-nimg=\"1\" style=\"color:transparent\" src=\"https:\/\/13.com.ar\/wp-content\/uploads\/2025\/02\/Jorge-Rial-revelo-como-encontro-de-salud-a-su-nieto.jpg\"\/><span class=\"epigraphe\">Jorge Rial revel\u00f3 en qu\u00e9 estado encontr\u00f3 a su nieto Amadeo, hijo de Morena Rial.<\/span><span class=\"bkg\"\/><span class=\"picture-open\"><button class=\"open-image\" aria-label=\"Open Image\"\/><\/span><\/picture><\/div>\n<div class=\"sc-80531b6b-0 chRIGJ container-text text-embed\">\n<p>Luego, sigui\u00f3 hablando sobre Amadeo y admiti\u00f3: &#8220;Yo lo conoc\u00ed ayer, lamentablemente desde que naci\u00f3 no pude, ustedes saben por qu\u00e9, pero pegamos onda r\u00e1pido&#8221;.<\/p>\n<\/div>\n<div class=\"sc-80531b6b-0 chRIGJ container-text text-embed\">\n<p>&#8220;<strong>Lo abrac\u00e9, le habl\u00e9, le dije que estaba con el Tata, que iba a estar cuidado, protegido, que no le iba a pasar nada.<\/strong> Y le cant\u00e9 la canci\u00f3n de cuna que les cantaba a mis hijas, que es una vieja canci\u00f3n irlandesa, la canci\u00f3n de cierre de El Imperio del Sol y efectivamente se calm\u00f3, es un \u00e1ngel, es un amor, es simp\u00e1tico y hermoso&#8221;, remarc\u00f3.<\/p>\n<\/div>\n<div class=\"sc-80531b6b-0 chRIGJ container-text text-embed\">\n<p>Y concluy\u00f3: &#8220;Es una gran raz\u00f3n para que Morena cambie, pero eso ya no depende de m\u00ed&#8221;.<\/p>\n<\/div>\n<\/div>\n<p><br \/>\n<br \/><a href=\"https:\/\/www.clarin.com\/fama\/matias-ogas-novio-morena-rial-rompio-silencio-detencion-mediatica_0_f7VBSZ2omB.html\">Fuente Clarin.com <\/a><\/p>\n","protected":false},"excerpt":{"rendered":"<p>Mat\u00edas Ogas, el novio de Morena Rial, rompi\u00f3 el silencio tras la nueva detenci\u00f3n de la medi\u00e1tica y se manifest\u00f3 en las redes. En la madrugada de este 5 de febrero, la medi\u00e1tica fue detenida nuevamente por presunta participaci\u00f3n en el robo a una casa ubicada en Villa Adelina bajo la modalidad &#8220;escruche&#8221;. Luego de [&hellip;]<\/p>\n","protected":false},"author":1,"featured_media":2970,"comment_status":"open","ping_status":"open","sticky":false,"template":"","format":"standard","meta":{"footnotes":""},"categories":[2],"tags":[1137,2444,4984,878,4983,4982,877,3312,501,312],"class_list":["post-2969","post","type-post","status-publish","format-standard","has-post-thumbnail","hentry","category-ultimas-noticias","tag-detencion","tag-matias","tag-mediatica","tag-morena","tag-novio","tag-ogas","tag-rial","tag-rompio","tag-silencio","tag-tras"],"_links":{"self":[{"href":"https:\/\/13.com.ar\/index.php\/wp-json\/wp\/v2\/posts\/2969","targetHints":{"allow":["GET"]}}],"collection":[{"href":"https:\/\/13.com.ar\/index.php\/wp-json\/wp\/v2\/posts"}],"about":[{"href":"https:\/\/13.com.ar\/index.php\/wp-json\/wp\/v2\/types\/post"}],"author":[{"embeddable":true,"href":"https:\/\/13.com.ar\/index.php\/wp-json\/wp\/v2\/users\/1"}],"replies":[{"embeddable":true,"href":"https:\/\/13.com.ar\/index.php\/wp-json\/wp\/v2\/comments?post=2969"}],"version-history":[{"count":0,"href":"https:\/\/13.com.ar\/index.php\/wp-json\/wp\/v2\/posts\/2969\/revisions"}],"wp:featuredmedia":[{"embeddable":true,"href":"https:\/\/13.com.ar\/index.php\/wp-json\/wp\/v2\/media\/2970"}],"wp:attachment":[{"href":"https:\/\/13.com.ar\/index.php\/wp-json\/wp\/v2\/media?parent=2969"}],"wp:term":[{"taxonomy":"category","embeddable":true,"href":"https:\/\/13.com.ar\/index.php\/wp-json\/wp\/v2\/categories?post=2969"},{"taxonomy":"post_tag","embeddable":true,"href":"https:\/\/13.com.ar\/index.php\/wp-json\/wp\/v2\/tags?post=2969"}],"curies":[{"name":"wp","href":"https:\/\/api.w.org\/{rel}","templated":true}]}}