{"id":2965,"date":"2025-02-07T19:06:41","date_gmt":"2025-02-07T22:06:41","guid":{"rendered":"https:\/\/13.com.ar\/index.php\/te-recomiendo-recurrir-a-mejor-evidencia-cientifica\/"},"modified":"2025-02-07T19:06:41","modified_gmt":"2025-02-07T22:06:41","slug":"te-recomiendo-recurrir-a-mejor-evidencia-cientifica","status":"publish","type":"post","link":"https:\/\/13.com.ar\/index.php\/te-recomiendo-recurrir-a-mejor-evidencia-cientifica\/","title":{"rendered":"Te recomiendo recurrir a mejor evidencia cient\u00edfica"},"content":{"rendered":"<p> <br \/>\n<br \/><img decoding=\"async\" src=\"https:\/\/13.com.ar\/wp-content\/uploads\/2025\/02\/Te-recomiendo-recurrir-a-mejor-evidencia-cientifica.jpg\" \/><\/p>\n<div>\n<p><strong>Mauricio Macri<\/strong> apoy\u00f3 este viernes la decisi\u00f3n del gobierno de Javier Milei de prohibir los tratamientos de hormonizaci\u00f3n en menores de 18 a\u00f1os. &#8220;Es un gran paso <strong>hacia la sensatez y la protecci\u00f3n de los ni\u00f1os<\/strong>&#8220;, felicit\u00f3 el expresidente al libertario. Pero Maximiliano Ferraro, alfil de Elisa Carri\u00f3, le contest\u00f3 duro: &#8220;Te recomiendo recurrir a mejor evidencia cient\u00edfica&#8221;.<\/p>\n<\/div>\n<div>\n<p>El mensaje de Macri fue en respaldo al anuncio que el mi\u00e9rcoles hizo el vocero presidencial, Manuel Adorni, sobre la prohibici\u00f3n de realizaci\u00f3n de tratamientos hormonales en menores de edad. Dos d\u00edas m\u00e1s tarde, Macri envi\u00f3 sus felicitaciones por la medida. <\/p>\n<\/div>\n<div>\n<p>&#8220;Ante los <strong>avances de la evidencia mundial<\/strong>, felicito al Presidente por la decisi\u00f3n de prohibir los tratamientos de cambio de g\u00e9nero en menores de edad que emplean procedimientos de hormonizaci\u00f3n nocivos para la salud y cirug\u00edas mutilantes irreversibles. Es un gran paso hacia la sensatez y la protecci\u00f3n de los ni\u00f1os&#8221;, escribi\u00f3  el expresidente, en sus redes sociales.<\/p>\n<\/div>\n<div>\n<p>Minutos m\u00e1s tarde, el presidente de la Coalici\u00f3n C\u00edvica, Maximiliano Ferraro, sali\u00f3 al cruce: &#8220;Te recomiendo recurrir a mejor evidencia cient\u00edfica y jur\u00eddica y consultar a los excelentes equipos de profesionales del Sistema P\u00fablico de Salud de la Ciudad de Buenos Aires, que seguramente los conoces, o a los ministros de Salud que te acompa\u00f1aron en el gobierno nacional&#8221;, le contest\u00f3 el alfil de Elisa Carri\u00f3, que con Macri comparti\u00f3 espacio en Juntos por el Cambio.<\/p>\n<\/div>\n<div>\n<p>El intercambio en redes se dio despu\u00e9s del anuncio gubernamental de que mediante un decreto buscar\u00e1 modificar los art\u00edculos de la Ley 26.743 que habilitaba a los menores de edad a someterse a tratamientos de hormonizaci\u00f3n y a intervenciones quir\u00fargicas para alterar o modificar su cuerpo o genitalidad. Seg\u00fan constitucionalistas, una reforma de esa ley debe pasar por el Congreso.<\/p>\n<\/div>\n<p><br \/>\n<br \/><a href=\"https:\/\/www.clarin.com\/politica\/mauricio-macri-apoyo-milei-prohibicion-hormonizacion-menores-alfil-carrio-cruzo-recomiendo-recurrir-mejor-evidencia-cientifica_0_2w4gI0Pxlu.html\">Fuente Clarin.com <\/a><\/p>\n","protected":false},"excerpt":{"rendered":"<p>Mauricio Macri apoy\u00f3 este viernes la decisi\u00f3n del gobierno de Javier Milei de prohibir los tratamientos de hormonizaci\u00f3n en menores de 18 a\u00f1os. &#8220;Es un gran paso hacia la sensatez y la protecci\u00f3n de los ni\u00f1os&#8220;, felicit\u00f3 el expresidente al libertario. Pero Maximiliano Ferraro, alfil de Elisa Carri\u00f3, le contest\u00f3 duro: &#8220;Te recomiendo recurrir a [&hellip;]<\/p>\n","protected":false},"author":1,"featured_media":2966,"comment_status":"open","ping_status":"open","sticky":false,"template":"","format":"standard","meta":{"footnotes":""},"categories":[2],"tags":[4976,4975,727,4973,4974],"class_list":["post-2965","post","type-post","status-publish","format-standard","has-post-thumbnail","hentry","category-ultimas-noticias","tag-cientifica","tag-evidencia","tag-mejor","tag-recomiendo","tag-recurrir"],"_links":{"self":[{"href":"https:\/\/13.com.ar\/index.php\/wp-json\/wp\/v2\/posts\/2965","targetHints":{"allow":["GET"]}}],"collection":[{"href":"https:\/\/13.com.ar\/index.php\/wp-json\/wp\/v2\/posts"}],"about":[{"href":"https:\/\/13.com.ar\/index.php\/wp-json\/wp\/v2\/types\/post"}],"author":[{"embeddable":true,"href":"https:\/\/13.com.ar\/index.php\/wp-json\/wp\/v2\/users\/1"}],"replies":[{"embeddable":true,"href":"https:\/\/13.com.ar\/index.php\/wp-json\/wp\/v2\/comments?post=2965"}],"version-history":[{"count":0,"href":"https:\/\/13.com.ar\/index.php\/wp-json\/wp\/v2\/posts\/2965\/revisions"}],"wp:featuredmedia":[{"embeddable":true,"href":"https:\/\/13.com.ar\/index.php\/wp-json\/wp\/v2\/media\/2966"}],"wp:attachment":[{"href":"https:\/\/13.com.ar\/index.php\/wp-json\/wp\/v2\/media?parent=2965"}],"wp:term":[{"taxonomy":"category","embeddable":true,"href":"https:\/\/13.com.ar\/index.php\/wp-json\/wp\/v2\/categories?post=2965"},{"taxonomy":"post_tag","embeddable":true,"href":"https:\/\/13.com.ar\/index.php\/wp-json\/wp\/v2\/tags?post=2965"}],"curies":[{"name":"wp","href":"https:\/\/api.w.org\/{rel}","templated":true}]}}