{"id":2963,"date":"2025-02-07T18:44:13","date_gmt":"2025-02-07T21:44:13","guid":{"rendered":"https:\/\/13.com.ar\/index.php\/los-mensajes-antisemitas-de-kanye-west-en-x-que-preocupan-a-los-fans\/"},"modified":"2025-02-07T18:44:13","modified_gmt":"2025-02-07T21:44:13","slug":"los-mensajes-antisemitas-de-kanye-west-en-x-que-preocupan-a-los-fans","status":"publish","type":"post","link":"https:\/\/13.com.ar\/index.php\/los-mensajes-antisemitas-de-kanye-west-en-x-que-preocupan-a-los-fans\/","title":{"rendered":"Los mensajes antisemitas de Kanye West en X que preocupan a los fans"},"content":{"rendered":"<p> <br \/>\n<\/p>\n<div id=\"cuerpo\">\n<div class=\"sc-80531b6b-0 chRIGJ container-text text-embed\">\n<p>Luego de una pol\u00e9mica aparici\u00f3n en la alfombra roja de los<strong> Premios Grammy 2025<\/strong>, en la que su novia <strong>Bianca Censori<\/strong> pos\u00f3 desnuda, <strong>Kanye West <\/strong>vuelve a ser noticia, pero \u00e9sta vez por unos tweets en los que manifiesta su apoyo al <strong>nazismo<\/strong>, entre otras cosas.<\/p>\n<\/div>\n<div class=\"sc-80531b6b-0 chRIGJ container-text text-embed\">\n<p>El rapero, tambi\u00e9n conocido art\u00edsticamente como <strong>&#8220;Ye&#8221;<\/strong>, es tendencia en <strong><em>X<\/em><\/strong> (ex Twitter) -una vez m\u00e1s- luego de publicar decena de tweets durante toda la noche y ma\u00f1ana del viernes en los que asegura ser <strong>nazi <\/strong>y <strong>amar a Adolf Hitler<\/strong>.<\/p>\n<\/div>\n<div class=\"sc-80531b6b-0 chRIGJ container-text text-embed\">\n<p>&#8220;Hitler era taaaan fresco&#8221;, &#8220;<strong>Soy un Nazi<\/strong>&#8221; y &#8221; voy a normalizar hablar de Hitler de la misma manera que hablar de matar negros se ha normalizado&#8221;, fueron solo algunos de los comentarios de descarg\u00f3 que hizo <strong>Kanye<\/strong>. <\/p>\n<\/div>\n<div class=\"sc-106e49c0-0 dcVumd freeHtml-embed undefined\">\n<blockquote class=\"twitter-tweet\">\n<p lang=\"en\" dir=\"ltr\">I\u2019m going to normalize talking about hitler they way talking about killing niggas has been normalized<\/p>\n<p>\u2014 ye (@kanyewest) <a rel=\"nofollow\" target=\"_blank\" href=\"https:\/\/twitter.com\/kanyewest\/status\/1887843878914671005?ref_src=twsrc%5Etfw\">February 7, 2025<\/a><\/p><\/blockquote><\/div>\n<div class=\"sc-80531b6b-0 chRIGJ container-text text-embed\">\n<p>Tal como lo hacia <strong>Hitler<\/strong>, <strong>Kanye<\/strong> tambi\u00e9n manifest\u00f3 un discurso <strong>antisemita<\/strong> contra los jud\u00edos, con la diferencia que \u00e9l lo hizo a trav\u00e9s de una red social que siguen <strong>32 millones<\/strong> de personas y que con cada uno de sus tweets dirigidos a esta comunidad, gener\u00f3 miles de likes y comentarios al instante.<\/p>\n<\/div>\n<div class=\"sc-80531b6b-0 chRIGJ container-text text-embed\">\n<p>En una de las<strong> sesenta publicaciones<\/strong> hizo una escandalosa afirmaci\u00f3n: &#8220;Noticia de ultima hora sobre los negros: los blancos y los jud\u00edos son diferentes. Puedes conseguir dinero con los jud\u00edos, pero ellos siempre te robaran y te invitaran a su casa el viernes. Los blancos no se meten con los negros, eso se lo dejan a los jud\u00edos&#8221;. <\/p>\n<\/div>\n<div class=\"sc-80531b6b-0 chRIGJ container-text text-embed\">\n<p>Pero, no es la primera vez que West habla <strong>abiertamente<\/strong> sobre su amor por el l\u00edder del holocausto.<\/p>\n<\/div>\n<div class=\"sc-80531b6b-0 chRIGJ container-text text-embed\">\n<p>En 2022, durante una entrevista con Alex Jones transmitida por infowars.com, el rapero estadounidense dio <strong>fuertes declaraciones<\/strong> como <strong>&#8220;Yo amo a Hitler&#8221; <\/strong>y &#8220;Yo amo a los jud\u00edos, pero tambi\u00e9n amo a los nazis&#8221;, lo que se convirti\u00f3 en titulo en m\u00e1s de un diario. <\/p>\n<\/div>\n<div class=\"sc-80531b6b-0 chRIGJ container-text text-embed\">\n<p>La diferencia con aquella vez es que a los pocos d\u00edas <strong>se disculp\u00f3<\/strong> a trav\u00e9s de <strong><em>X<\/em><\/strong>. En cambio, anoche se mostr\u00f3 lejos del arrepentimiento. Reiteradas veces dej\u00f3 en claro que no le importaba lo que piensen sobre sus dichos. &#8220;No voy a ajustar nada de lo que hago o digo para nadie&#8221;, remarc\u00f3.<\/p>\n<\/div>\n<div class=\"sc-198be8ec-0 cynXbu image-embed  image-embed \"><picture class=\"sc-198be8ec-1 kOjRiQ\"><source media=\"(min-width: 975px)\" width=\"720\" height=\"480\" \/><img alt=\"Kanye West no se disculp\u00f3 por sus tuits discriminatorios econtra los jud\u00edos.&#10;Foto: Reuter\" loading=\"lazy\" width=\"720\" height=\"480\" decoding=\"async\" data-nimg=\"1\" style=\"color:transparent\" src=\"https:\/\/13.com.ar\/wp-content\/uploads\/2025\/02\/Los-mensajes-antisemitas-de-Kanye-West-en-X-que-preocupan.jpg\"\/><span class=\"epigraphe\">Kanye West no se disculp\u00f3 por sus tuits discriminatorios econtra los jud\u00edos.<br \/>\nFoto: Reuter<\/span><span class=\"bkg\"\/><span class=\"picture-open\"><button class=\"open-image\" aria-label=\"Open Image\"\/><\/span><\/picture><\/div>\n<div class=\"sc-80531b6b-0 chRIGJ container-text text-embed\">\n<p>Incluso, justific\u00f3 sus palabras como un desahogo que necesitaba hacer hace mucho tiempo: \u00bfAlguien alguna vez ha querido sacarlo todo de su pecho? todo lo que sinti\u00f3, todo lo que le dijeron, que no dijera, pensara o sintiera&#8221;.<\/p>\n<\/div>\n<div class=\"sc-80531b6b-0 chRIGJ container-text text-embed\">\n<p>No lo detuvo ni siquiera la posibilidad de que las marcas con la que \u00e9l trabaja decidieran despegarse de su nombre. Al respecto, sigui\u00f3: &#8220;\u00bfqu\u00e9 van a hacer ? Cancelar mi contrato de zapatillas?, cancelar mi contrato de disco? Congelar mis cuentas? La esclavitud es una elecci\u00f3n, ahora estoy diciendo lo que pienso sin editar nada&#8221;.<\/p>\n<\/div>\n<p><h2><strong>Kanye West habl\u00f3 sobre el desnudo de Bianca Censori<\/strong><\/h2>\n<\/p>\n<div class=\"sc-80531b6b-0 chRIGJ container-text text-embed\">\n<p>Como era de esperar, el m\u00fasico tambi\u00e9n se expres\u00f3<strong> <\/strong>sobre el tema de la semana<strong>: <\/strong>el desnudo de su esposa<strong> ,<\/strong> la modelo y empresaria <strong>Bianca Censori<\/strong> en la alfombra roja de los Premios Grammy.<\/p>\n<\/div>\n<div class=\"sc-198be8ec-0 cynXbu image-embed  image-embed \"><picture class=\"sc-198be8ec-1 kOjRiQ\"><source media=\"(min-width: 975px)\" width=\"720\" height=\"480\" \/><img alt=\"Kanye West and Bianca Censori posaron en la alfombra roja de los Premios Grammy con un pol\u00e9mico atuendo.&#10;foto: Reuter\" loading=\"lazy\" width=\"720\" height=\"480\" decoding=\"async\" data-nimg=\"1\" style=\"color:transparent\" src=\"https:\/\/13.com.ar\/wp-content\/uploads\/2025\/02\/1738964653_122_Los-mensajes-antisemitas-de-Kanye-West-en-X-que-preocupan.jpg\"\/><span class=\"epigraphe\">Kanye West and Bianca Censori posaron en la alfombra roja de los Premios Grammy con un pol\u00e9mico atuendo.<br \/>\nfoto: Reuter<\/span><span class=\"bkg\"\/><span class=\"picture-open\"><button class=\"open-image\" aria-label=\"Open Image\"\/><\/span><\/picture><\/div>\n<div class=\"sc-80531b6b-0 chRIGJ container-text text-embed\">\n<p>Su jornada de <strong>comunicados discriminatorios<\/strong> finaliz\u00f3 con otro mensaje ruidoso sobre el pol\u00e9mico &#8220;no vestido&#8221; que luci\u00f3 <strong>Censori: <\/strong>&#8220;Cualquiera que haya llamado truco al look de mi esposa es tonto y tonto.Ella se ha estado vistiendo desnuda durante 2 a\u00f1os. Ahora, de repente, es un truco&#8221;.<\/p>\n<\/div>\n<div class=\"sc-80531b6b-0 chRIGJ container-text text-embed\">\n<p>Para completar, demostr\u00f3 orgullo por la performance que dieron juntos. Al respecto, <strong>West <\/strong>dijo: &#8220;desear\u00eda tener su valent\u00eda, su plataforma corporal y acceso al dinero y un marido que apoyara su expresi\u00f3n personal. Hay muchas cosas que tuvieron que converger para que este momento sucediera&#8221;.<\/p>\n<\/div>\n<\/div>\n<p><script async src=\"\/\/platform.twitter.com\/widgets.js\" charset=\"utf-8\"><\/script><br \/>\n<br \/><br \/>\n<br \/><a href=\"https:\/\/www.clarin.com\/internacional\/nazi-mensajes-antisemitas-kanye-west-x-preocupan-fans_0_QToVbl2fjx.html\">Fuente Clarin.com <\/a><\/p>\n","protected":false},"excerpt":{"rendered":"<p>Luego de una pol\u00e9mica aparici\u00f3n en la alfombra roja de los Premios Grammy 2025, en la que su novia Bianca Censori pos\u00f3 desnuda, Kanye West vuelve a ser noticia, pero \u00e9sta vez por unos tweets en los que manifiesta su apoyo al nazismo, entre otras cosas. El rapero, tambi\u00e9n conocido art\u00edsticamente como &#8220;Ye&#8221;, es tendencia [&hellip;]<\/p>\n","protected":false},"author":1,"featured_media":2964,"comment_status":"open","ping_status":"open","sticky":false,"template":"","format":"standard","meta":{"footnotes":""},"categories":[2],"tags":[4971,3054,3280,28,2957,4972,3281],"class_list":["post-2963","post","type-post","status-publish","format-standard","has-post-thumbnail","hentry","category-ultimas-noticias","tag-antisemitas","tag-fans","tag-kanye","tag-los","tag-mensajes","tag-preocupan","tag-west"],"_links":{"self":[{"href":"https:\/\/13.com.ar\/index.php\/wp-json\/wp\/v2\/posts\/2963","targetHints":{"allow":["GET"]}}],"collection":[{"href":"https:\/\/13.com.ar\/index.php\/wp-json\/wp\/v2\/posts"}],"about":[{"href":"https:\/\/13.com.ar\/index.php\/wp-json\/wp\/v2\/types\/post"}],"author":[{"embeddable":true,"href":"https:\/\/13.com.ar\/index.php\/wp-json\/wp\/v2\/users\/1"}],"replies":[{"embeddable":true,"href":"https:\/\/13.com.ar\/index.php\/wp-json\/wp\/v2\/comments?post=2963"}],"version-history":[{"count":0,"href":"https:\/\/13.com.ar\/index.php\/wp-json\/wp\/v2\/posts\/2963\/revisions"}],"wp:featuredmedia":[{"embeddable":true,"href":"https:\/\/13.com.ar\/index.php\/wp-json\/wp\/v2\/media\/2964"}],"wp:attachment":[{"href":"https:\/\/13.com.ar\/index.php\/wp-json\/wp\/v2\/media?parent=2963"}],"wp:term":[{"taxonomy":"category","embeddable":true,"href":"https:\/\/13.com.ar\/index.php\/wp-json\/wp\/v2\/categories?post=2963"},{"taxonomy":"post_tag","embeddable":true,"href":"https:\/\/13.com.ar\/index.php\/wp-json\/wp\/v2\/tags?post=2963"}],"curies":[{"name":"wp","href":"https:\/\/api.w.org\/{rel}","templated":true}]}}