{"id":2959,"date":"2025-02-07T18:24:20","date_gmt":"2025-02-07T21:24:20","guid":{"rendered":"https:\/\/13.com.ar\/index.php\/murio-el-colorado-jose-maria-suarez-campeon-del-mundo-en-el-inolvidable-equipo-del-toto-lorenzo\/"},"modified":"2025-02-07T18:24:20","modified_gmt":"2025-02-07T21:24:20","slug":"murio-el-colorado-jose-maria-suarez-campeon-del-mundo-en-el-inolvidable-equipo-del-toto-lorenzo","status":"publish","type":"post","link":"https:\/\/13.com.ar\/index.php\/murio-el-colorado-jose-maria-suarez-campeon-del-mundo-en-el-inolvidable-equipo-del-toto-lorenzo\/","title":{"rendered":"muri\u00f3 el Colorado Jos\u00e9 Mar\u00eda Su\u00e1rez, campe\u00f3n del mundo en el inolvidable equipo del Toto Lorenzo"},"content":{"rendered":"<p> <br \/>\n<\/p>\n<div id=\"cuerpo\">\n<div class=\"sc-80531b6b-0 chRIGJ container-text text-embed\">\n<p>El Mundo Boca llora este viernes la partida de <strong>Jos\u00e9 Mar\u00eda Su\u00e1rez<\/strong>, quien muri\u00f3 este viernes a los 73 a\u00f1os.<strong> <\/strong>Aunque no lleg\u00f3 a afirmarse totalmente la titularidad, el <em>Colorado <\/em>fue uno de los valores importantes del Boca de la segunda etapa de la d\u00e9cada del 70, cuando llegaron los primeros t\u00edtulos internacionales para el club y cuando recuper\u00f3 tambi\u00e9n su impronta ganadora a nivel local. <\/p>\n<\/div>\n<div class=\"sc-80531b6b-0 chRIGJ container-text text-embed\">\n<p>Nacido el 1 de mayo de 1951 en Villa Dolores, C\u00f3rdoba -y fallecido en la misma provincia- Su\u00e1rez integr\u00f3 la primera de Boca junto a destacados jugadores de su \u00e9poca y permaneci\u00f3 en el plantel hasta la nueva conquista del campeonato local de 1981, con <strong>Diego Maradona<\/strong> y <strong>Miguel \u00c1ngel Brindisi <\/strong>como estandartes.<\/p>\n<\/div>\n<div class=\"sc-80531b6b-0 chRIGJ container-text text-embed\">\n<p>ero su momento de gloria se vivi\u00f3 el 1 de agosto de 1978 en Karlsruhe, Alemania, cuando el Boca dirigido por <strong>Juan Carlos Lorenzo<\/strong> apabull\u00f3 a los locales del <strong>Borussia Moenchengladbach<\/strong> por 3-0 para lograr la Copa Intercontinental. En aquella jornada, Su\u00e1rez fue el elegido por el <em>Toto <\/em>para cubrir el lateral izquierdo y frenar a uno de los m\u00e1s peligrosos delanteros de los locales, el dan\u00e9s <strong>Allan Simonsen<\/strong>, luego de relevante papel en <strong>Real Madrid<\/strong>. <\/p>\n<\/div>\n<div class=\"sc-80531b6b-0 chRIGJ container-text text-embed\">\n<p>Su\u00e1rez inici\u00f3 su camino futbol\u00edstico en<strong> Uni\u00f3n Florida<\/strong>, del barrio Providencia, en la liga de su provincia, y lleg\u00f3 a la Primera Divisi\u00f3n en Belgrano, donde jug\u00f3 entre 1970 y 1975. Ese mismo a\u00f1o, <strong>C\u00e9sar Luis Menotti<\/strong> marcaba los rumbos de la <strong>Selecci\u00f3n Argentina<\/strong> (hab\u00eda asumido a fines del 74, tras la debacle del Mundial de Alemania) y una de sus decisiones innovadoras fue la convocatoria de jugadores del interior. No solo era una vidriera para futbolistas de todo el pa\u00eds, sino la posibilidad de un semillero para la selecci\u00f3n mayor. <\/p>\n<\/div>\n<div class=\"sc-198be8ec-0 cynXbu image-embed  image-embed \"><picture class=\"sc-198be8ec-1 kOjRiQ\"><source media=\"(min-width: 975px)\" width=\"720\" height=\"480\" \/><img alt=\"Jos\u00e9 Mar\u00eda Su\u00e1rez, multicampe\u00f3n con Boca. Foto: Boca\" loading=\"lazy\" width=\"720\" height=\"480\" decoding=\"async\" data-nimg=\"1\" style=\"color:transparent\" src=\"https:\/\/13.com.ar\/wp-content\/uploads\/2025\/02\/murio-el-Colorado-Jose-Maria-Suarez-campeon-del-mundo-en.jpg\"\/><span class=\"epigraphe\">Jos\u00e9 Mar\u00eda Su\u00e1rez, multicampe\u00f3n con Boca. Foto: Boca<\/span><span class=\"bkg\"\/><span class=\"picture-open\"><button class=\"open-image\" aria-label=\"Open Image\"\/><\/span><\/picture><\/div>\n<div class=\"sc-80531b6b-0 chRIGJ container-text text-embed\">\n<p>Y varios de los integrantes de aquel equipo del 75 -Lavolpe en el arco, Ardiles, Gallego y Valencia- alcanzar\u00edan su lugar luego en la Selecci\u00f3n que nos dio el primer t\u00edtulo mundial, en 1978. <strong>Su\u00e1rez fue uno de los elegidos en el 75 y protagoniz\u00f3 la serie de amistosos en el Estadio Azteca de M\u00e9xico<\/strong>, que comenz\u00f3 con la goleada de 6-0 sobre <strong>Estados Unidos <\/strong>(dos de Ardiles), el 2-0 sobre<strong> Costa Rica<\/strong> y el 1-1 con los locales.<\/p>\n<\/div>\n<div class=\"sc-80531b6b-0 chRIGJ container-text text-embed\">\n<p>El \u201975 hab\u00eda sido el \u201ca\u00f1o de River\u201d -la vuelta a los t\u00edtulos locales, Nacional y Metropolitano- tras una sequ\u00eda de 18 a\u00f1os. Boca, bajo la presidencia de Armando, trat\u00f3 de recuperar terreno en la temporada siguiente con varias contrataciones importantes (Gatti entre ellas) y con Lorenzo como DT. Los resultados se dar\u00edan: Boca logr\u00f3 los mismos t\u00edtulos en la temporada del 76. <strong>Su\u00e1rez era la alternativa para cubrir ambos laterales, aunque los titulares eran inamovibles: Vicente Pern\u00eda por derecha, Alberto Tarantini por izquierda<\/strong>. <\/p>\n<\/div>\n<div class=\"sc-80531b6b-0 chRIGJ container-text text-embed\">\n<p>\u201cCuando estaba en Belgrano, jugamos un amistoso con Boca en nuestra cancha. Hice un partidazo\u2026 tir\u00e9 dos centros, en uno gol de la Pepona Reinaldi y el otro de Miguel Laciar, les gust\u00f3 como jugu\u00e9; no sab\u00eda nada que ellos estaban interesados en m\u00ed\u201d, cont\u00f3 sobre su llegada a Boca.<\/p>\n<\/div>\n<div class=\"sc-106e49c0-0 dcVumd freeHtml-embed undefined\">\n<blockquote class=\"twitter-tweet\">\n<p lang=\"es\" dir=\"ltr\"><a rel=\"nofollow\" target=\"_blank\" href=\"https:\/\/twitter.com\/hashtag\/Belgrano?src=hash&amp;ref_src=twsrc%5Etfw\">#Belgrano<\/a> lamenta profundamente el fallecimiento de Jos\u00e9 Mar\u00eda &#8220;Colorado&#8221; Su\u00e1rez, jugador hist\u00f3rico de nuestra instituci\u00f3n que se destac\u00f3 en la d\u00e9cada del &#8217;70. Acompa\u00f1amos a su familia y allegados en este momento de dolor. QEPD, Pirata. <a rel=\"nofollow\" target=\"_blank\" href=\"https:\/\/t.co\/tTVFTvLyCP\">pic.twitter.com\/tTVFTvLyCP<\/a><\/p>\n<p>\u2014 Belgrano (@Belgrano) <a rel=\"nofollow\" target=\"_blank\" href=\"https:\/\/twitter.com\/Belgrano\/status\/1887921391866900599?ref_src=twsrc%5Etfw\">February 7, 2025<\/a><\/p><\/blockquote>\n<\/div>\n<div class=\"sc-80531b6b-0 chRIGJ container-text text-embed\">\n<p>La entrega del <em>Colorado <\/em>cada vez que le toc\u00f3 jugar y sus buenos rendimientos le garantizaron un sitio en el coraz\u00f3n de los hinchas. Y el equipo produjo su escalada internacional, con la conquista de la <strong>Copa Libertadores<\/strong> en 1977 y 1978, y la citada Intercontinental. Boca enfrent\u00f3 all\u00ed al Borussia (<strong>Liverpool<\/strong>, campe\u00f3n de Europa, desisti\u00f3 de jugarla). La ida se disput\u00f3 el 21 de marzo del 78 en la <strong>Bombonera <\/strong>y empataron 2-2. <\/p>\n<\/div>\n<div class=\"sc-80531b6b-0 chRIGJ container-text text-embed\">\n<p>La revancha reci\u00e9n se program\u00f3 para el 1\u00b0 de agosto, ya que el Campeonato Mundial en nuestro pa\u00eds reordenaba los calendarios. El Borussia ten\u00eda como estrella a aquel famoso cancerbero e implacable marcador de su selecci\u00f3n,<strong> Berti Vogts<\/strong>. Lorenzo dispuso esta formaci\u00f3n: Gatti en el arco, Pern\u00eda, Tesare, Bord\u00f3n y Su\u00e1rez en defensa, Salinas, Su\u00f1\u00e9 y Mario Zanabria en la l\u00ednea media, Mastr\u00e1ngelo, Salda\u00f1o (luego Veglio) y Felman adelante. Fue un gran triunfo de 3-0 con goles de Felman, Mastr\u00e1ngelo y Salinas.<\/p>\n<\/div>\n<div class=\"sc-80531b6b-0 chRIGJ container-text text-embed\">\n<p>De su \u00e9poca profesional, Su\u00e1rez recordaba como los punteros m\u00e1s dif\u00edciles de marcar a <em>\u201cDaniel Bertoni, corr\u00eda de 0 a 100 en segundos, incre\u00edble la velocidad y fuerza. Otro fue el \u2018Negro\u2019 Ortiz siempre te hacia la misma gambeta saliendo por afuera y aun sabiendo que hac\u00eda lo mismo, si no estabas concentrado te dejaba pagando. Otro fue el \u00b4Loco\u2019 Houseman habilidad pura\u201d<\/em>. Los tres, integrantes de la Selecci\u00f3n campeona del mundo del 78.<\/p>\n<\/div>\n<div class=\"sc-80531b6b-0 chRIGJ container-text text-embed\">\n<p>M\u00e1s adelante, y ya con Marzolini como DT, con la rutilante incorporaci\u00f3n de Maradona y un campeonato estelar de Brindisi, Boca volvi\u00f3 a triunfar a nivel local en el 81. En su casa de Villa Allende -seg\u00fan record\u00f3 en una entrevista con La Voz del Interior- el Colorado guardaba una r\u00e9plica de la Intercontinental y la camiseta con el 10 que le entreg\u00f3 Diego luego del 1-1 con Racing, en aquella coronaci\u00f3n del 81 (y que fue, por otra parte, el \u00fanico t\u00edtulo local de Maradona en el f\u00fatbol argentino). <em>\u201cJugar con Maradona era jugar con afano. Nos sent\u00edamos como con cinco jugadores m\u00e1s. Y adem\u00e1s ten\u00edamos a Brindisi. Claro, nosotros s\u00f3lo ten\u00edamos que correr&#8221;<\/em>, cont\u00f3.<\/p>\n<\/div>\n<div class=\"sc-80531b6b-0 chRIGJ container-text text-embed\">\n<p>Fue su \u00faltimo ciclo en el equipo, para jugar posteriormente dos a\u00f1os en Nueva Chicago y cerrar su etapa profesional en Hurac\u00e1n en 1985 y 1986.<\/p>\n<\/div>\n<div class=\"sc-80531b6b-0 chRIGJ container-text text-embed\">\n<p><em>\u201cAunque en el documento su nombre figure como Jos\u00e9 Mar\u00eda Suarez, en el mundo del futbol cordob\u00e9s simplemente ser\u00e1 el \u2018Colorado Suarez\u2019, aquel marcador de pelo lacio al viento que parec\u00eda una llamarada, fue uno de los mejores marcadores que dio el futbol de C\u00f3rdoba y que triunf\u00f3 en uno de los m\u00e1s grandes del pa\u00eds. Estos jugadores no se van nunca, porque imaginariamente quedan tatuados en los corazones de los hinchas\u201d<\/em>, lo describi\u00f3 el periodista Daniel Reynoso.<\/p>\n<\/div>\n<\/div>\n<p><script async src=\"\/\/platform.twitter.com\/widgets.js\" charset=\"utf-8\"><\/script><br \/>\n<br \/><br \/>\n<br \/><a href=\"https:\/\/www.clarin.com\/deportes\/dolor-mundo-boca-murio-colorado-jose-maria-suarez-campeon-mundo-inolvidable-equipo-toto-lorenzo_0_yz2bkhXsCP.html\">Fuente Clarin.com <\/a><\/p>\n","protected":false},"excerpt":{"rendered":"<p>El Mundo Boca llora este viernes la partida de Jos\u00e9 Mar\u00eda Su\u00e1rez, quien muri\u00f3 este viernes a los 73 a\u00f1os. Aunque no lleg\u00f3 a afirmarse totalmente la titularidad, el Colorado fue uno de los valores importantes del Boca de la segunda etapa de la d\u00e9cada del 70, cuando llegaron los primeros t\u00edtulos internacionales para el [&hellip;]<\/p>\n","protected":false},"author":1,"featured_media":2960,"comment_status":"open","ping_status":"open","sticky":false,"template":"","format":"standard","meta":{"footnotes":""},"categories":[2],"tags":[1748,4969,100,1782,4970,3473,452,2807,143,611,131,4],"class_list":["post-2959","post","type-post","status-publish","format-standard","has-post-thumbnail","hentry","category-ultimas-noticias","tag-campeon","tag-colorado","tag-del","tag-equipo","tag-inolvidable","tag-jose","tag-lorenzo","tag-maria","tag-mundo","tag-murio","tag-suarez","tag-toto"],"_links":{"self":[{"href":"https:\/\/13.com.ar\/index.php\/wp-json\/wp\/v2\/posts\/2959","targetHints":{"allow":["GET"]}}],"collection":[{"href":"https:\/\/13.com.ar\/index.php\/wp-json\/wp\/v2\/posts"}],"about":[{"href":"https:\/\/13.com.ar\/index.php\/wp-json\/wp\/v2\/types\/post"}],"author":[{"embeddable":true,"href":"https:\/\/13.com.ar\/index.php\/wp-json\/wp\/v2\/users\/1"}],"replies":[{"embeddable":true,"href":"https:\/\/13.com.ar\/index.php\/wp-json\/wp\/v2\/comments?post=2959"}],"version-history":[{"count":0,"href":"https:\/\/13.com.ar\/index.php\/wp-json\/wp\/v2\/posts\/2959\/revisions"}],"wp:featuredmedia":[{"embeddable":true,"href":"https:\/\/13.com.ar\/index.php\/wp-json\/wp\/v2\/media\/2960"}],"wp:attachment":[{"href":"https:\/\/13.com.ar\/index.php\/wp-json\/wp\/v2\/media?parent=2959"}],"wp:term":[{"taxonomy":"category","embeddable":true,"href":"https:\/\/13.com.ar\/index.php\/wp-json\/wp\/v2\/categories?post=2959"},{"taxonomy":"post_tag","embeddable":true,"href":"https:\/\/13.com.ar\/index.php\/wp-json\/wp\/v2\/tags?post=2959"}],"curies":[{"name":"wp","href":"https:\/\/api.w.org\/{rel}","templated":true}]}}