{"id":2955,"date":"2025-02-07T18:17:48","date_gmt":"2025-02-07T21:17:48","guid":{"rendered":"https:\/\/13.com.ar\/index.php\/quienes-no-podran-cobrar-auh-en-febrero-2025\/"},"modified":"2025-02-07T18:17:48","modified_gmt":"2025-02-07T21:17:48","slug":"quienes-no-podran-cobrar-auh-en-febrero-2025","status":"publish","type":"post","link":"https:\/\/13.com.ar\/index.php\/quienes-no-podran-cobrar-auh-en-febrero-2025\/","title":{"rendered":"qui\u00e9nes no podr\u00e1n cobrar AUH en febrero 2025"},"content":{"rendered":"<p> <br \/>\n<br \/><img decoding=\"async\" src=\"https:\/\/13.com.ar\/wp-content\/uploads\/2025\/02\/quienes-no-podran-cobrar-AUH-en-febrero-2025.jpg\" \/><\/p>\n<div>\n<p>En <strong>febrero<\/strong>, las personas que accedan a la <strong>Asignaci\u00f3n Universal por Hijo (AUH)<\/strong> recibir\u00e1n el pago con un aumento del 2,7% basado en el \u00cdndice de Precios al Consumidor (IPC) de diciembre de 2024. El pago empezar\u00e1 el 10 de febrero seg\u00fan el n\u00famero de documento.<\/p>\n<\/div>\n<div>\n<p>Con este incremento, el pago ascender\u00e1 a<strong> $98.128 <\/strong>para los beneficiarios de la AUH, mientras que la <strong>AUH por Hijo con Discapacidad<\/strong> quedar\u00e1 en <strong>$319.525 <\/strong>y la Asignaci\u00f3n Familiar por Hijo en $49.066 para el primer rango de ingresos.<\/p>\n<\/div>\n<div>\n<p>\u201cLos titulares de jubilaciones y pensiones con haberes m\u00ednimos cobrar\u00e1n, con el calendario de pagos habitual, un bono de 70 mil pesos, por lo que ning\u00fan jubilado o pensionado recibir\u00e1 menos de 343.086,50 pesos (273.086,50 pesos de haber m\u00ednimo con aumento + 70 mil pesos de bono). En tanto, quienes tengan haberes inferiores a esa cifra tendr\u00e1n un bono proporcional hasta alcanzar dicho haber m\u00ednimo\u201d, comparti\u00f3 el portal oficial de Anses.<\/p>\n<\/div>\n<div>\n<p>En ese sentido, para poder acceder a este pago las personas deben cumplir con una serie de requisitos<strong> <\/strong>que pide la ANSeS<strong> <\/strong>antes de darlos de alta en el sistema.<\/p>\n<\/div>\n<div>\n<p>Adem\u00e1s, se debe contar con la siguiente documentaci\u00f3n al momento de solicitarla: DNI del titular a cargo y del hijo; certificado o partida de nacimiento del hijo y certificado de matrimonio, uni\u00f3n civil o convivencia.<\/p>\n<\/div>\n<div>\n<p>Para saber si una persona recibe esta prestaci\u00f3n, simplemente hay que ingresar a<strong> &#8220;Mi ANSeS&#8221;, <\/strong>con <strong>n\u00famero de CUIL o DNI y clave de seguridad. <\/strong>Dentro de la plataforma, hay que hacer clic en la opci\u00f3n &#8220;Consultar&#8221;, y luego el sistema arrojar\u00e1 la informaci\u00f3n correspondiente.<\/p>\n<\/div>\n<p><h2>Asignaci\u00f3n Universal por Hijo y Asignaci\u00f3n Familiar por Hijo: \u00bfcu\u00e1ndo cobran en febrero de 2025?<\/h2>\n<\/p>\n<p><br \/>\n<br \/><a href=\"https:\/\/www.clarin.com\/informacion-general\/anses-podran-cobrar-auh-febrero-2025_0_zbTWkFRDlb.html\">Fuente Clarin.com <\/a><\/p>\n","protected":false},"excerpt":{"rendered":"<p>En febrero, las personas que accedan a la Asignaci\u00f3n Universal por Hijo (AUH) recibir\u00e1n el pago con un aumento del 2,7% basado en el \u00cdndice de Precios al Consumidor (IPC) de diciembre de 2024. El pago empezar\u00e1 el 10 de febrero seg\u00fan el n\u00famero de documento. Con este incremento, el pago ascender\u00e1 a $98.128 para [&hellip;]<\/p>\n","protected":false},"author":1,"featured_media":2956,"comment_status":"open","ping_status":"open","sticky":false,"template":"","format":"standard","meta":{"footnotes":""},"categories":[2],"tags":[4322,3550,1823,4966,1784],"class_list":["post-2955","post","type-post","status-publish","format-standard","has-post-thumbnail","hentry","category-ultimas-noticias","tag-auh","tag-cobrar","tag-febrero","tag-podran","tag-quienes"],"_links":{"self":[{"href":"https:\/\/13.com.ar\/index.php\/wp-json\/wp\/v2\/posts\/2955","targetHints":{"allow":["GET"]}}],"collection":[{"href":"https:\/\/13.com.ar\/index.php\/wp-json\/wp\/v2\/posts"}],"about":[{"href":"https:\/\/13.com.ar\/index.php\/wp-json\/wp\/v2\/types\/post"}],"author":[{"embeddable":true,"href":"https:\/\/13.com.ar\/index.php\/wp-json\/wp\/v2\/users\/1"}],"replies":[{"embeddable":true,"href":"https:\/\/13.com.ar\/index.php\/wp-json\/wp\/v2\/comments?post=2955"}],"version-history":[{"count":0,"href":"https:\/\/13.com.ar\/index.php\/wp-json\/wp\/v2\/posts\/2955\/revisions"}],"wp:featuredmedia":[{"embeddable":true,"href":"https:\/\/13.com.ar\/index.php\/wp-json\/wp\/v2\/media\/2956"}],"wp:attachment":[{"href":"https:\/\/13.com.ar\/index.php\/wp-json\/wp\/v2\/media?parent=2955"}],"wp:term":[{"taxonomy":"category","embeddable":true,"href":"https:\/\/13.com.ar\/index.php\/wp-json\/wp\/v2\/categories?post=2955"},{"taxonomy":"post_tag","embeddable":true,"href":"https:\/\/13.com.ar\/index.php\/wp-json\/wp\/v2\/tags?post=2955"}],"curies":[{"name":"wp","href":"https:\/\/api.w.org\/{rel}","templated":true}]}}