{"id":2952,"date":"2025-02-07T17:55:38","date_gmt":"2025-02-07T20:55:38","guid":{"rendered":"https:\/\/13.com.ar\/index.php\/el-congreso-amanecio-empapelado-con-afiches-de-reivindicacion-a-isabel-peron-y-villarruel-nego-tener-vinculacion\/"},"modified":"2025-02-07T17:55:38","modified_gmt":"2025-02-07T20:55:38","slug":"el-congreso-amanecio-empapelado-con-afiches-de-reivindicacion-a-isabel-peron-y-villarruel-nego-tener-vinculacion","status":"publish","type":"post","link":"https:\/\/13.com.ar\/index.php\/el-congreso-amanecio-empapelado-con-afiches-de-reivindicacion-a-isabel-peron-y-villarruel-nego-tener-vinculacion\/","title":{"rendered":"El Congreso amaneci\u00f3 empapelado con afiches de reivindicaci\u00f3n a Isabel Per\u00f3n y Villarruel neg\u00f3 tener vinculaci\u00f3n"},"content":{"rendered":"<p> <br \/>\n<br \/><img decoding=\"async\" src=\"https:\/\/13.com.ar\/wp-content\/uploads\/2025\/02\/El-Congreso-amanecio-empapelado-con-afiches-de-reivindicacion-a-Isabel.jpg\" \/><\/p>\n<div>\n<p>La zona del Congreso amaneci\u00f3 este viernes <strong>empapelada con afiches agradeciendo a Estela Mart\u00ednez de Per\u00f3n<\/strong>, por el denominado Operativo Independencia, con motivo de cumplirse el 50 aniversario de la operaci\u00f3n militar que en cierta manera fue la antesala de la dictadura que dej\u00f3 muertos y desaparecidos. La campa\u00f1a gener\u00f3 cierta especulaci\u00f3n luego del reconocimiento que <strong>Victoria Villarruel<\/strong> hizo de la figura de la ex presidenta, pero desde su entorno negaron tener vinculaci\u00f3n con las papeletas.<\/p>\n<\/div>\n<div>\n<p>Los afiches muestran la cara de la ex mandataria con una leyenda en letras grandes que dicen: <strong>&#8220;Gracias Isabel Per\u00f3n&#8221;<\/strong>. En la parte superior aparece como una volanta con el t\u00edtulo &#8220;Operativo Independencia&#8221; y en los costados 1975-2025. &#8220;Gloria y honor al heroico pueblo tucumano&#8221; completan la frase superior.<\/p>\n<\/div>\n<div>\n<p>En la parte inferior, debajo de la foto y del agradecimiento a la ex presidenta, hay una leyenda que dice: <strong>&#8220;Tucum\u00e1n, cuna de la Independencia\u00a0y sepulcro de la subversi\u00f3n ap\u00e1trida&#8221;<\/strong>. La campa\u00f1a llam\u00f3 la atenci\u00f3n porque los afiches fueron colocados frente al edificio del Senado, en el Palacio Legislativo.\u00a0Y lo curioso es que la campa\u00f1a se dio meses despu\u00e9s de que Villaruruel hiciera un acto en el Senado en reconocimiento a la figura de Isabel Per\u00f3n.<\/p>\n<\/div>\n<div>\n<p>Aquel homenaje deriv\u00f3 en una de las tantas cr\u00edticas de Javier Milei hacia su vice. En ese momento, el Presidente calific\u00f3 como un &#8220;error&#8221; el acto de Villarruel de reconocimiento a Isabel Per\u00f3n. &#8220;Tampoco me parece\u00a0razonable hacer un reconocimiento a alguien que cre\u00f3 la Triple A&#8221;, agreg\u00f3 el jefe de Estado en referencia a la organizaci\u00f3n parapolicial creada por\u00a0Jos\u00e9 L\u00f3pez Rega.<\/p>\n<\/div>\n<div>\n<p>Adem\u00e1s, en noviembre pasado tambi\u00e9n hubo una pegatina de afiches frente al Congreso con la leyenda <strong>&#8220;Victoria conducci\u00f3n&#8221;<\/strong>, firmada por\u00a0el Movimiento Justicialista Nacional, y en el que tambi\u00e9n aparec\u00edan\u00a0las figuras de Jos\u00e9 de San Mart\u00edn, Manuel Belgrano, Juan Domingo Per\u00f3n y Jos\u00e9 Ignacio Rucci, los sectores conservadores del peronismo.<\/p>\n<\/div>\n<div>\n<p>Sin embargo desde el entorno de la vicepresidenta negaron tener vinculaci\u00f3n con los afiches que reivindicaron la figura de la viuda de Per\u00f3n. &#8220;De ninguna manera&#8221;, dijeron desde la presidencia del Senado, que tampoco supieron explicar a qu\u00e9 agrupaci\u00f3n o sector se le puede adjudicar la difusi\u00f3n del reconocimiento a la ex presidenta.<\/p>\n<\/div>\n<div>\n<p>En esta ocasi\u00f3n el reconocimiento a la figura de la viuda de Per\u00f3n por el Operativo Independencia tambi\u00e9n genera pol\u00e9mica porque la operaci\u00f3n fue ordenada por un decreto presidencial que habilitaba al Ej\u00e9rcito y a la Fuerza A\u00e9rea a &#8220;neutralizar y\/o aniquilar&#8221; el accionar de lo que se defin\u00eda como &#8220;elementos subversivos&#8221; en Tucum\u00e1n. Esa campa\u00f1a sigui\u00f3 luego del 24 de marzo de 1976, luego del golpe de Estado y fue denominado como Proceso de Reorganizaci\u00f3n Nacional.<\/p>\n<\/div>\n<p><br \/>\n<br \/><a href=\"https:\/\/www.clarin.com\/politica\/congreso-amanecio-empapelado-afiches-reivindicacion-isabel-peron-villarruel-nego-tener-vinculacion_0_lODJB3CQWZ.html\">Fuente Clarin.com <\/a><\/p>\n","protected":false},"excerpt":{"rendered":"<p>La zona del Congreso amaneci\u00f3 este viernes empapelada con afiches agradeciendo a Estela Mart\u00ednez de Per\u00f3n, por el denominado Operativo Independencia, con motivo de cumplirse el 50 aniversario de la operaci\u00f3n militar que en cierta manera fue la antesala de la dictadura que dej\u00f3 muertos y desaparecidos. La campa\u00f1a gener\u00f3 cierta especulaci\u00f3n luego del reconocimiento [&hellip;]<\/p>\n","protected":false},"author":1,"featured_media":2953,"comment_status":"open","ping_status":"open","sticky":false,"template":"","format":"standard","meta":{"footnotes":""},"categories":[2],"tags":[4960,4958,18,2010,4959,4962,4677,4963,4961,301,4964,4965],"class_list":["post-2952","post","type-post","status-publish","format-standard","has-post-thumbnail","hentry","category-ultimas-noticias","tag-afiches","tag-amanecio","tag-con","tag-congreso","tag-empapelado","tag-isabel","tag-nego","tag-peron","tag-reivindicacion","tag-tener","tag-villarruel","tag-vinculacion"],"_links":{"self":[{"href":"https:\/\/13.com.ar\/index.php\/wp-json\/wp\/v2\/posts\/2952","targetHints":{"allow":["GET"]}}],"collection":[{"href":"https:\/\/13.com.ar\/index.php\/wp-json\/wp\/v2\/posts"}],"about":[{"href":"https:\/\/13.com.ar\/index.php\/wp-json\/wp\/v2\/types\/post"}],"author":[{"embeddable":true,"href":"https:\/\/13.com.ar\/index.php\/wp-json\/wp\/v2\/users\/1"}],"replies":[{"embeddable":true,"href":"https:\/\/13.com.ar\/index.php\/wp-json\/wp\/v2\/comments?post=2952"}],"version-history":[{"count":0,"href":"https:\/\/13.com.ar\/index.php\/wp-json\/wp\/v2\/posts\/2952\/revisions"}],"wp:featuredmedia":[{"embeddable":true,"href":"https:\/\/13.com.ar\/index.php\/wp-json\/wp\/v2\/media\/2953"}],"wp:attachment":[{"href":"https:\/\/13.com.ar\/index.php\/wp-json\/wp\/v2\/media?parent=2952"}],"wp:term":[{"taxonomy":"category","embeddable":true,"href":"https:\/\/13.com.ar\/index.php\/wp-json\/wp\/v2\/categories?post=2952"},{"taxonomy":"post_tag","embeddable":true,"href":"https:\/\/13.com.ar\/index.php\/wp-json\/wp\/v2\/tags?post=2952"}],"curies":[{"name":"wp","href":"https:\/\/api.w.org\/{rel}","templated":true}]}}