{"id":2950,"date":"2025-02-07T17:52:54","date_gmt":"2025-02-07T20:52:54","guid":{"rendered":"https:\/\/13.com.ar\/index.php\/a-cuanto-quedan-las-asignaciones-familiares-en-el-mes-de-febrero-2025\/"},"modified":"2025-02-07T17:52:54","modified_gmt":"2025-02-07T20:52:54","slug":"a-cuanto-quedan-las-asignaciones-familiares-en-el-mes-de-febrero-2025","status":"publish","type":"post","link":"https:\/\/13.com.ar\/index.php\/a-cuanto-quedan-las-asignaciones-familiares-en-el-mes-de-febrero-2025\/","title":{"rendered":"a cu\u00e1nto quedan las asignaciones familiares en el mes de febrero 2025"},"content":{"rendered":"<p> <br \/>\n<\/p>\n<div id=\"cuerpo\">\n<div class=\"sc-80531b6b-0 chRIGJ container-text text-embed\">\n<p>El gobierno de <strong>Javier Milei <\/strong>oficializ\u00f3 en la Resoluci\u00f3n 67\/2025 de la <strong>Administraci\u00f3n Nacional de la Seguridad Social (ANSeS)<\/strong> un incremento del 2,70% para la <strong>Asignaci\u00f3n Universal por Hijo (AUH) <\/strong>y otras prestaciones sociales que otorga ese organismo, en base al \u00edndice de inflaci\u00f3n que dio a conocer el INDEC en diciembre de 2024. <strong>\u00bfA cu\u00e1ndo quedar\u00e1n en febrero 2025?<\/strong><\/p>\n<\/div>\n<div class=\"sc-80531b6b-0 chRIGJ container-text text-embed\">\n<p>Vale aclarar que se anunci\u00f3 un bono de $70.000 para jubilados y pensionados, pero no as\u00ed para las asignaciones familiares. Tampoco se anunci\u00f3 un incremento en la <strong>Tarjeta Alimentar<\/strong>, programa que entrega el <strong>Ministerio de Capital Humano<\/strong> y forma parte del Argentina Contra el Hambre, pero s\u00ed la <strong>Ayuda Anual Escolar<\/strong> que fue de $70 mil el a\u00f1o pasado, pasar\u00e1 a $ 130.700, en una entrega por \u00fanica vez en el a\u00f1o a quienes cumplan el requisito.<\/p>\n<\/div>\n<div class=\"sc-80531b6b-0 chRIGJ container-text text-embed\">\n<p>Seg\u00fan la propia p\u00e1gina de la ANSeS, la AUH se cre\u00f3 &#8220;para igualar las oportunidades de todos los ni\u00f1os y adolescentes del pa\u00eds&#8221;. Le corresponde a la madre, padre o titular con hijos a cargo que sea Desocupado, trabajador no registrado o sin aportes, de casas particulares o monotributista social. <\/p>\n<\/div>\n<div class=\"sc-198be8ec-0 cynXbu image-embed  image-embed \"><picture class=\"sc-198be8ec-1 kOjRiQ\"><source media=\"(min-width: 975px)\" width=\"720\" height=\"480\" \/><img alt=\"La AHU de la ANSeS. Foto: ANSeS.\" loading=\"lazy\" width=\"720\" height=\"480\" decoding=\"async\" data-nimg=\"1\" style=\"color:transparent\" src=\"https:\/\/13.com.ar\/wp-content\/uploads\/2025\/02\/a-cuanto-quedan-las-asignaciones-familiares-en-el-mes-de.jpg\"\/><span class=\"epigraphe\">La AHU de la ANSeS. Foto: ANSeS.<\/span><span class=\"bkg\"\/><span class=\"picture-open\"><button class=\"open-image\" aria-label=\"Open Image\"\/><\/span><\/picture><\/div>\n<div class=\"sc-80531b6b-0 chRIGJ container-text text-embed\">\n<p>Los requisitos son que sea argentino y residir en el pa\u00eds. &#8220;Si sos extranjero o naturalizado, deb\u00e9s tener como m\u00ednimo 2 a\u00f1os de residencia&#8221;, indican. Adem\u00e1s, los hijos deben ser menores de 18 a\u00f1os (no hay l\u00edmite de edad en caso de hijo con discapacidad) y ser soltero\/a.<\/p>\n<\/div>\n<div class=\"sc-80531b6b-0 chRIGJ container-text text-embed\">\n<p>La documentaci\u00f3n para tramitar el beneficio es el DNI del titular a cargo y del hijo, el certificado o partida de nacimiento del hijo, certificado de matrimonio, uni\u00f3n civil o convivencia. &#8220;Si est\u00e1s a cargo de tu hijo y no est\u00e1s cobrando la Asignaci\u00f3n Universal pod\u00e9s realizar el reclamo&#8221;, aseguran desde la Web. E insisten: &#8220;Para recibir la Asignaci\u00f3n Universal por Hijo es importante que tus datos personales y tus v\u00ednculos familiares est\u00e9n registrados y actualizados en ANSES. Pod\u00e9s consultarlos ingresando en mi ANSES&#8221;.<\/p>\n<\/div>\n<p><h2>AUH: a cu\u00e1nto quedan las asignaciones familiares en el mes de febrero 2025<\/h2>\n<\/p>\n<div class=\"sc-80531b6b-0 chRIGJ container-text text-embed\">\n<p>Como se dijo, el Gobierno determin\u00f3 tambi\u00e9n un incremento del 2,7% en el pr\u00f3ximo mes a los beneficiarios de la<strong> Asignaci\u00f3n Universal por Hijo <\/strong>y <strong>Asignaciones Familiares<\/strong>. Seg\u00fan uno de los anexos de la Resoluci\u00f3n 67\/2025, desde este mes los haberes correspondientes a la AUH se ir\u00e1n a $98.128, mientras que el importe para quienes residan en los distritos de la Zona 1 del pa\u00eds alcanzar\u00e1 los $127.567. Estos mismos montos regir\u00e1n para la asignaci\u00f3n por embarazo para protecci\u00f3n social.<\/p>\n<\/div>\n<div class=\"sc-198be8ec-0 cynXbu image-embed  image-embed \"><picture class=\"sc-198be8ec-1 kOjRiQ\"><source media=\"(min-width: 975px)\" width=\"720\" height=\"480\" \/><img alt=\"La AUH de la ANSeS es un seguro social de la Argentina. Foto: ANSeS.\" loading=\"lazy\" width=\"720\" height=\"480\" decoding=\"async\" data-nimg=\"1\" style=\"color:transparent\" src=\"https:\/\/13.com.ar\/wp-content\/uploads\/2025\/02\/1738961574_737_a-cuanto-quedan-las-asignaciones-familiares-en-el-mes-de.jpg\"\/><span class=\"epigraphe\">La AUH de la ANSeS es un seguro social de la Argentina. Foto: ANSeS.<\/span><span class=\"bkg\"\/><span class=\"picture-open\"><button class=\"open-image\" aria-label=\"Open Image\"\/><\/span><\/picture><\/div>\n<div class=\"sc-80531b6b-0 chRIGJ container-text text-embed\">\n<p>Por su parte, para los titulares de asignaciones para protecci\u00f3n social, el monto destinado para quienes tienen Hijos con Discapacidad se elevar\u00e1 a $319.525 y $415.383 para los residentes en la Zona 1, mientras que la <strong>Ayuda Escolar Anual <\/strong>ser\u00e1 de $130.702 para todos los beneficiarios.<\/p>\n<\/div>\n<div class=\"sc-80531b6b-0 chRIGJ container-text text-embed\">\n<p>En cuanto a los trabajadores en relaci\u00f3n de dependencia, titulares de la prestaci\u00f3n por desempleo, monotributistas, veteranos de guerra, jubilados y pensionados con hijos de hasta 18 a\u00f1os cobrar\u00e1n por asignaci\u00f3n familiar desde el mes pr\u00f3ximo, los siguientes montos, seg\u00fan el ingreso del grupo familiar:<\/p>\n<\/div>\n<div class=\"sc-80531b6b-0 chRIGJ container-text text-embed\">\n<ul>\n<li>Hasta $759.749 recibir\u00e1n $49.066 por hijo.<\/li>\n<li>Entre $759.749,01 y 1.114.249, cobrar\u00e1n $33.096.<\/li>\n<li>Entre $1.114.249,01 y $1.286.440, percibir\u00e1n $20.015.<\/li>\n<li>Entre $1.286.440,01 y $4.023.266, obtendr\u00e1 un beneficio de $10.324.<\/li>\n<li>Los mismos montos y topes se aplican en la Asignaci\u00f3n Familiar Prenatal.<\/li>\n<\/ul>\n<\/div>\n<div class=\"sc-80531b6b-0 chRIGJ container-text text-embed\">\n<p>Adem\u00e1s, para ese grupo se estipul\u00f3 que la <strong>Asignaci\u00f3n por Nacimiento<\/strong> ser\u00e1 de $57.193, la Asignaci\u00f3n por Adopci\u00f3n aumentar\u00e1 a $341.977, la <strong>Asignaci\u00f3n por Matrimonio<\/strong> trepar\u00e1 a $85.639, siempre que el <strong>Ingreso General Familiar (IGF)<\/strong> no supere los $4.023.266.<\/p>\n<\/div>\n<\/div>\n<p><br \/>\n<br \/><a href=\"https:\/\/www.clarin.com\/informacion-general\/auh-quedan-asignaciones-familiares-mes-febrero-2025_0_0XdDqkfQt8.html\">Fuente Clarin.com <\/a><\/p>\n","protected":false},"excerpt":{"rendered":"<p>El gobierno de Javier Milei oficializ\u00f3 en la Resoluci\u00f3n 67\/2025 de la Administraci\u00f3n Nacional de la Seguridad Social (ANSeS) un incremento del 2,70% para la Asignaci\u00f3n Universal por Hijo (AUH) y otras prestaciones sociales que otorga ese organismo, en base al \u00edndice de inflaci\u00f3n que dio a conocer el INDEC en diciembre de 2024. \u00bfA [&hellip;]<\/p>\n","protected":false},"author":1,"featured_media":2951,"comment_status":"open","ping_status":"open","sticky":false,"template":"","format":"standard","meta":{"footnotes":""},"categories":[2],"tags":[4957,448,929,1823,48,196,4956],"class_list":["post-2950","post","type-post","status-publish","format-standard","has-post-thumbnail","hentry","category-ultimas-noticias","tag-asignaciones","tag-cuanto","tag-familiares","tag-febrero","tag-las","tag-mes","tag-quedan"],"_links":{"self":[{"href":"https:\/\/13.com.ar\/index.php\/wp-json\/wp\/v2\/posts\/2950","targetHints":{"allow":["GET"]}}],"collection":[{"href":"https:\/\/13.com.ar\/index.php\/wp-json\/wp\/v2\/posts"}],"about":[{"href":"https:\/\/13.com.ar\/index.php\/wp-json\/wp\/v2\/types\/post"}],"author":[{"embeddable":true,"href":"https:\/\/13.com.ar\/index.php\/wp-json\/wp\/v2\/users\/1"}],"replies":[{"embeddable":true,"href":"https:\/\/13.com.ar\/index.php\/wp-json\/wp\/v2\/comments?post=2950"}],"version-history":[{"count":0,"href":"https:\/\/13.com.ar\/index.php\/wp-json\/wp\/v2\/posts\/2950\/revisions"}],"wp:featuredmedia":[{"embeddable":true,"href":"https:\/\/13.com.ar\/index.php\/wp-json\/wp\/v2\/media\/2951"}],"wp:attachment":[{"href":"https:\/\/13.com.ar\/index.php\/wp-json\/wp\/v2\/media?parent=2950"}],"wp:term":[{"taxonomy":"category","embeddable":true,"href":"https:\/\/13.com.ar\/index.php\/wp-json\/wp\/v2\/categories?post=2950"},{"taxonomy":"post_tag","embeddable":true,"href":"https:\/\/13.com.ar\/index.php\/wp-json\/wp\/v2\/tags?post=2950"}],"curies":[{"name":"wp","href":"https:\/\/api.w.org\/{rel}","templated":true}]}}