{"id":2948,"date":"2025-02-07T17:49:25","date_gmt":"2025-02-07T20:49:25","guid":{"rendered":"https:\/\/13.com.ar\/index.php\/un-ecuador-polarizado-y-bajo-el-terror-de-las-bandas-criminales-se-prepara-para-elegir-presidente\/"},"modified":"2025-02-07T17:49:25","modified_gmt":"2025-02-07T20:49:25","slug":"un-ecuador-polarizado-y-bajo-el-terror-de-las-bandas-criminales-se-prepara-para-elegir-presidente","status":"publish","type":"post","link":"https:\/\/13.com.ar\/index.php\/un-ecuador-polarizado-y-bajo-el-terror-de-las-bandas-criminales-se-prepara-para-elegir-presidente\/","title":{"rendered":"Un Ecuador polarizado y bajo el terror de las bandas criminales se prepara para elegir presidente"},"content":{"rendered":"<p> <br \/>\n<\/p>\n<div id=\"cuerpo\">\n<div class=\"sc-80531b6b-0 chRIGJ container-text text-embed\">\n<p>El presidente de Ecuador y candidato a la reelecci\u00f3n, <strong>Daniel Noboa<\/strong>, y la candidata presidencial del corre\u00edsmo, <strong>Luisa Gonz\u00e1lez<\/strong>, fueron este jueves los grandes protagonistas del cierre de la campa\u00f1a electoral en Ecuador y<strong> alimentaron la polarizaci\u00f3n <\/strong>entre ambos para los comicios del domingo, donde figuran como los favoritos pese a que hay otros 14 candidatos en liza para la presidencia.<\/p>\n<\/div>\n<div class=\"sc-80531b6b-0 chRIGJ container-text text-embed\">\n<p>Ecuador entr\u00f3 as\u00ed en &#8220;silencio electoral&#8221; hasta el domingo, donde Noboa, que ha reunido al anticorre\u00edsmo en torno a \u00e9l, busca la reelecci\u00f3n para un mandato completo (2025-2029), mientras que Gonz\u00e1lez, que ya perdi\u00f3 ante el actual gobernante las elecciones extraordinarias de 2023, representa nuevamente la esperanza del movimiento del ex presidente Rafael Correa de retornar al poder despu\u00e9s de ocho a\u00f1os.<\/p>\n<\/div>\n<div class=\"sc-80531b6b-0 chRIGJ container-text text-embed\">\n<p>El grito de &#8220;una sola vuelta&#8221; reson\u00f3 para ambos, pero para ello necesitan sacar la mitad m\u00e1s uno de los votos v\u00e1lidos, o m\u00ednimo el 40% y no menos de 10 puntos porcentuales de ventaja sobre el resto. <\/p>\n<\/div>\n<div class=\"sc-80531b6b-0 chRIGJ container-text text-embed\">\n<p>Las \u00faltimas encuestas mostraban a Noboa con una intenci\u00f3n de voto de entre el 36 y el 45%, mientras Gonz\u00e1lez rondaba entre el 33% y el 37%. En previsi\u00f3n de ese posible escenario, los dos candidatos llamaron a &#8220;cuidar el voto&#8221; en las mesas electorales para evitar un posible &#8220;fraude&#8221;. Y <strong>es muy probable que deban volver a medirse en una segunda vuelta<\/strong>, prevista para el 13 de abril.<\/p>\n<\/div>\n<div class=\"sc-80531b6b-0 chRIGJ container-text text-embed\">\n<p>Adem\u00e1s, se elegir\u00e1n los integrantes de una nueva Asamblea Nacional (Parlamento), que hasta ahora ten\u00eda mayor\u00eda corre\u00edsta o af\u00edn al espacio del ex mandatario.<\/p>\n<\/div>\n<div class=\"sc-198be8ec-0 cynXbu image-embed  image-embed \"><picture class=\"sc-198be8ec-1 kOjRiQ\"><source media=\"(min-width: 975px)\" width=\"720\" height=\"480\" \/><img alt=\"La candidata por el partido Movimiento Revoluci\u00f3n Ciudadana, Luisa Gonz\u00e1lez, en su cierre de campa\u00f1a este jueves en Guayaquil. Foto: EFE \" loading=\"lazy\" width=\"720\" height=\"480\" decoding=\"async\" data-nimg=\"1\" style=\"color:transparent\" src=\"https:\/\/13.com.ar\/wp-content\/uploads\/2025\/02\/Un-Ecuador-polarizado-y-bajo-el-terror-de-las-bandas.jpg\"\/><span class=\"epigraphe\">La candidata por el partido Movimiento Revoluci\u00f3n Ciudadana, Luisa Gonz\u00e1lez, en su cierre de campa\u00f1a este jueves en Guayaquil. Foto: EFE <\/span><span class=\"bkg\"\/><span class=\"picture-open\"><button class=\"open-image\" aria-label=\"Open Image\"\/><\/span><\/picture><\/div>\n<div class=\"sc-80531b6b-0 chRIGJ container-text text-embed\">\n<p>Los niveles de <strong>inseguridad y violencia <\/strong>en Ecuador de los \u00faltimos cuatro a\u00f1os se han instalado en la ciudadan\u00eda como uno de los problemas urgentes que esperan que el futuro gobierno resuelva. Ya en las \u00faltimas dos elecciones era un reclamo social constante que reson\u00f3 en las promesas de campa\u00f1a de los candidatos.<\/p>\n<\/div>\n<div class=\"sc-80531b6b-0 chRIGJ container-text text-embed\">\n<p>El hoy presidente Noboa hizo de la seguridad y de la lucha contra las bandas de crimen organizado a las que atribuye la expansi\u00f3n de la violencia una de sus principales banderas para ganar las elecciones anteriores y, ahora, para aspirar a la reelecci\u00f3n.<\/p>\n<\/div>\n<div class=\"sc-80531b6b-0 chRIGJ container-text text-embed\">\n<p>Noboa cerr\u00f3 su campa\u00f1a el jueves con una caravana por Guayaquil y r\u00e1pidamente se traslad\u00f3 a la capital, Quito, para otro recorrido similar que termin\u00f3 con un acto masivo  en la plaza de toros, un espacio para unas 15.000 personas que se ti\u00f1\u00f3 del color morado de Acci\u00f3n Democr\u00e1tica Nacional (ADN), el partido del mandatario.<\/p>\n<\/div>\n<div class=\"sc-80531b6b-0 chRIGJ container-text text-embed\">\n<p>&#8220;Vamos a terminar con esa \u00e9poca donde todo se trababa y todos los partidos nos hac\u00edan la vida imposible en la Asamblea (Parlamento)&#8221;, dijo Noboa ante miles de seguidores, y esperanzado en arrebatar al corre\u00edsmo el control del Legislativo.<\/p>\n<\/div>\n<div class=\"sc-198be8ec-0 cynXbu image-embed  image-embed \"><picture class=\"sc-198be8ec-1 kOjRiQ\"><source media=\"(min-width: 975px)\" width=\"720\" height=\"480\" \/><img alt=\"La polic\u00eda y empleados del Consejo Nacional Electoral llevan urnas a un centro electoral, en Guayaquil. Foto: REUTERS\" loading=\"lazy\" width=\"720\" height=\"480\" decoding=\"async\" data-nimg=\"1\" style=\"color:transparent\" src=\"https:\/\/13.com.ar\/wp-content\/uploads\/2025\/02\/1738961365_617_Un-Ecuador-polarizado-y-bajo-el-terror-de-las-bandas.jpg\"\/><span class=\"epigraphe\">La polic\u00eda y empleados del Consejo Nacional Electoral llevan urnas a un centro electoral, en Guayaquil. Foto: REUTERS<\/span><span class=\"bkg\"\/><span class=\"picture-open\"><button class=\"open-image\" aria-label=\"Open Image\"\/><\/span><\/picture><\/div>\n<div class=\"sc-80531b6b-0 chRIGJ container-text text-embed\">\n<p>&#13;<br \/>\n&#8220;Hoy eso ya se acaba, el Ecuador ya decidi\u00f3&#8221;, a\u00f1adi\u00f3 el candidato, quien tambi\u00e9n augur\u00f3 que tras las elecciones se abrir\u00e1 &#8220;un nuevo ciclo&#8221; donde haya &#8220;orden, dignidad y oportunidades para los j\u00f3venes, zonas francas tecnol\u00f3gicas, inversi\u00f3n, empleo, seguridad y salud&#8221;. <\/p>\n<\/div>\n<div class=\"sc-80531b6b-0 chRIGJ container-text text-embed\">\n<p>En su cierre de campa\u00f1a, Noboa agrand\u00f3 la pol\u00e9mica con su vicepresidenta Ver\u00f3nica Abad, con quien est\u00e1 enfrentado, y que seg\u00fan la Corte Constitucional deber\u00eda asumir temporalmente la Presidencia mientras el jefe de Estado est\u00e1 en campa\u00f1a. El mandatario deleg\u00f3 su cargo en otra vicepresidenta interina que \u00e9l mismo design\u00f3 por decreto, pero la Justicia declar\u00f3 inconstitucional esa decisi\u00f3n.  <\/p>\n<\/div>\n<p><h2>La voz del corre\u00edsmo<\/h2>\n<\/p>\n<div class=\"sc-80531b6b-0 chRIGJ container-text text-embed\">\n<p>Mientras, la lluvia que cay\u00f3 sobre Guayaquil no desalent\u00f3 al corre\u00edsmo para reunir a varios miles de personas para arropar a Gonz\u00e1lez, quien se\u00f1al\u00f3 que esa resistencia bajo la tormenta representa &#8220;la esperanza de d\u00edas mejores&#8221;.<\/p>\n<\/div>\n<div class=\"sc-80531b6b-0 chRIGJ container-text text-embed\">\n<p>&#13;<br \/>\n&#8220;\u00bfUstedes quieren cuatro a\u00f1os m\u00e1s de lo mismo? Ya no resistimos m\u00e1s, el pa\u00eds no da para m\u00e1s. Nos gobiernan indolentes, gente que no sabe qu\u00e9 sentimos, que no sabe c\u00f3mo vivimos, que no entiende m\u00e1s all\u00e1 de sus caprichos y vanidades&#8221;, dijo Gonz\u00e1lez en referencia a Noboa, heredero del magnate del sector bananero y cinco veces candidato presidencial \u00c1lvaro Noboa. <\/p>\n<\/div>\n<div class=\"sc-80531b6b-0 chRIGJ container-text text-embed\">\n<p>La candidata de Revoluci\u00f3n Ciudadana, el movimiento que lidera el ex presidente Rafael Correa (2007-2017), se\u00f1al\u00f3 que el pa\u00eds qued\u00f3 sumido &#8220;en violencia y dolor gracias a la mentira&#8221;, y enumer\u00f3 promesas de campa\u00f1a incumplidas por Noboa en los catorce meses que lleva en el poder.<\/p>\n<\/div>\n<div class=\"sc-198be8ec-0 cynXbu image-embed  image-embed \"><picture class=\"sc-198be8ec-1 kOjRiQ\"><source media=\"(min-width: 975px)\" width=\"720\" height=\"480\" \/><img alt=\"Polic\u00edas preparados para participar del operativo de seguridad para las elecciones del domingo, en Quito, Ecuador. Foto: REUTERS  \" loading=\"lazy\" width=\"720\" height=\"480\" decoding=\"async\" data-nimg=\"1\" style=\"color:transparent\" src=\"https:\/\/13.com.ar\/wp-content\/uploads\/2025\/02\/1738961365_407_Un-Ecuador-polarizado-y-bajo-el-terror-de-las-bandas.jpg\"\/><span class=\"epigraphe\">Polic\u00edas preparados para participar del operativo de seguridad para las elecciones del domingo, en Quito, Ecuador. Foto: REUTERS  <\/span><span class=\"bkg\"\/><span class=\"picture-open\"><button class=\"open-image\" aria-label=\"Open Image\"\/><\/span><\/picture><\/div>\n<div class=\"sc-80531b6b-0 chRIGJ container-text text-embed\">\n<p>&#8220;Iba a bajar el precio de la gasolina y subi\u00f3, iba a bajar el precio de la luz y nos dej\u00f3 a oscuras con apagones. Y nos subi\u00f3 el IVA (impuesto al valor agregado). Dijo que era para dar seguridad, pero aqu\u00ed nadie se siente m\u00e1s seguro&#8221;, enfatiz\u00f3 Gonz\u00e1lez.<\/p>\n<\/div>\n<div class=\"sc-80531b6b-0 chRIGJ container-text text-embed\">\n<p>Alentada por los gritos de &#8220;Fuera Noboa, fuera&#8221;, abog\u00f3 por &#8220;cambiar la mentira por la verdad, el miedo por la esperanza de d\u00edas mejores y la violencia por la paz&#8221;, y para ello invoc\u00f3 a la justicia social y a la dignidad, con mejores servicios p\u00fablicos de salud y educaci\u00f3n.<\/p>\n<\/div>\n<div class=\"sc-80531b6b-0 chRIGJ container-text text-embed\">\n<p>Rafael Correa vive en B\u00e9lgica, pa\u00eds natal de su esposa, desde que termin\u00f3 su mandato, y no puede volver a Ecuador porque podr\u00eda quedar preso, en virtud de una condena a ocho a\u00f1os de prisi\u00f3n por corrupci\u00f3n. <\/p>\n<\/div>\n<p><h2>Las otras voces<\/h2>\n<\/p>\n<div class=\"sc-80531b6b-0 chRIGJ container-text text-embed\">\n<p>El resto de candidatos, algunos de ellos pr\u00e1cticamente desconocidos para la gran mayor\u00eda de los ecuatorianos, tuvieron actos de cierre de campa\u00f1a m\u00e1s modestos o incluso no realizaron actividades presenciales, como la activista ambiental Andrea Gonz\u00e1lez N\u00e1der (Sociedad Patri\u00f3tica), quien hizo un acto a trav\u00e9s de las redes sociales.<\/p>\n<\/div>\n<div class=\"sc-80531b6b-0 chRIGJ container-text text-embed\">\n<p>El l\u00edder ind\u00edgena Leonidas Iza (del movimiento Pachakutik) moviliz\u00f3 a sus bases en el sur de Quito y el exministro Henry Cucal\u00f3n (Construye) hizo lo mismo en el norte de la ciudad, a la vez que los socialcristianos cerraron filas en Guayaquil en torno a su candidato, Henry Kronfle.<\/p>\n<\/div>\n<div class=\"sc-80531b6b-0 chRIGJ container-text text-embed\">\n<p>Este viernes y s\u00e1bado habr\u00e1 &#8220;silencio electoral&#8221; y el domingo casi 14 millones de ecuatorianos deber\u00e1n elegir qui\u00e9n gobernar\u00e1 por los pr\u00f3ximos cuatro a\u00f1os. <\/p>\n<\/div>\n<\/div>\n<p><br \/>\n<br \/><a href=\"https:\/\/www.clarin.com\/mundo\/ecuador-polarizado-terror-bandas-criminales-prepara-elegir-presidente_0_Gmmo7g0QaY.html\">Fuente Clarin.com <\/a><\/p>\n","protected":false},"excerpt":{"rendered":"<p>El presidente de Ecuador y candidato a la reelecci\u00f3n, Daniel Noboa, y la candidata presidencial del corre\u00edsmo, Luisa Gonz\u00e1lez, fueron este jueves los grandes protagonistas del cierre de la campa\u00f1a electoral en Ecuador y alimentaron la polarizaci\u00f3n entre ambos para los comicios del domingo, donde figuran como los favoritos pese a que hay otros 14 [&hellip;]<\/p>\n","protected":false},"author":1,"featured_media":2949,"comment_status":"open","ping_status":"open","sticky":false,"template":"","format":"standard","meta":{"footnotes":""},"categories":[2],"tags":[1063,4955,3406,1702,2706,48,16,4954,4480,135,3359],"class_list":["post-2948","post","type-post","status-publish","format-standard","has-post-thumbnail","hentry","category-ultimas-noticias","tag-bajo","tag-bandas","tag-criminales","tag-ecuador","tag-elegir","tag-las","tag-para","tag-polarizado","tag-prepara","tag-presidente","tag-terror"],"_links":{"self":[{"href":"https:\/\/13.com.ar\/index.php\/wp-json\/wp\/v2\/posts\/2948","targetHints":{"allow":["GET"]}}],"collection":[{"href":"https:\/\/13.com.ar\/index.php\/wp-json\/wp\/v2\/posts"}],"about":[{"href":"https:\/\/13.com.ar\/index.php\/wp-json\/wp\/v2\/types\/post"}],"author":[{"embeddable":true,"href":"https:\/\/13.com.ar\/index.php\/wp-json\/wp\/v2\/users\/1"}],"replies":[{"embeddable":true,"href":"https:\/\/13.com.ar\/index.php\/wp-json\/wp\/v2\/comments?post=2948"}],"version-history":[{"count":0,"href":"https:\/\/13.com.ar\/index.php\/wp-json\/wp\/v2\/posts\/2948\/revisions"}],"wp:featuredmedia":[{"embeddable":true,"href":"https:\/\/13.com.ar\/index.php\/wp-json\/wp\/v2\/media\/2949"}],"wp:attachment":[{"href":"https:\/\/13.com.ar\/index.php\/wp-json\/wp\/v2\/media?parent=2948"}],"wp:term":[{"taxonomy":"category","embeddable":true,"href":"https:\/\/13.com.ar\/index.php\/wp-json\/wp\/v2\/categories?post=2948"},{"taxonomy":"post_tag","embeddable":true,"href":"https:\/\/13.com.ar\/index.php\/wp-json\/wp\/v2\/tags?post=2948"}],"curies":[{"name":"wp","href":"https:\/\/api.w.org\/{rel}","templated":true}]}}