{"id":2938,"date":"2025-02-07T17:09:50","date_gmt":"2025-02-07T20:09:50","guid":{"rendered":"https:\/\/13.com.ar\/index.php\/cuanto-cuesta-y-con-quien-comparte-este-particular-gusto\/"},"modified":"2025-02-07T17:09:50","modified_gmt":"2025-02-07T20:09:50","slug":"cuanto-cuesta-y-con-quien-comparte-este-particular-gusto","status":"publish","type":"post","link":"https:\/\/13.com.ar\/index.php\/cuanto-cuesta-y-con-quien-comparte-este-particular-gusto\/","title":{"rendered":"cu\u00e1nto cuesta y con qui\u00e9n comparte este particular gusto"},"content":{"rendered":"<p> <br \/>\n<\/p>\n<div id=\"cuerpo\">\n<div class=\"sc-80531b6b-0 chRIGJ container-text text-embed\">\n<p><strong>Wanda Nara <\/strong>no solo es<strong> una de las figuras m\u00e1s medi\u00e1ticas de la Argentina<\/strong>, sino que tambi\u00e9n es una referente en moda y estilo de vida. Entre sus elecciones m\u00e1s exclusivas, destaca <strong>su perfume preferido<\/strong>. Se trata de &#8220;<strong>Love don\u2019t be Shy by Kilian<\/strong>&#8220;, una fragancia que tambi\u00e9n es la favorita de la cantante Rihanna y que por ambas se convirti\u00f3 en un verdadero objeto de deseo.<\/p>\n<\/div>\n<div class=\"sc-80531b6b-0 chRIGJ container-text text-embed\">\n<p>Creada en 2007 por la reconocida <strong>perfumista Calice Becker<\/strong> para la marca del empresario franc\u00e9s Kilian Hennessy, <strong>&#8220;Love don\u2019t be Shy&#8221; <\/strong>se destaca por su aroma sofisticado y dulce. Su composici\u00f3n pertenece a la <strong>familia olfativa \u00e1mbar floral y ofrece una combinaci\u00f3n irresistible de notas frutales y especiadas<\/strong>.<\/p>\n<\/div>\n<p><h2>C\u00f3mo es el perfume preferido de Wanda Nara<\/h2>\n<\/p>\n<div class=\"sc-80531b6b-0 chRIGJ container-text text-embed\">\n<p>Las notas de salida incluyen <strong>neroli, bergamota, pimienta rosa y cilantro, que brindan una apertura fresca y vibrante<\/strong>. En el coraz\u00f3n de la fragancia, se perciben <strong>flor de azahar de naranjo, madreselva, jazm\u00edn, iris y rosa,<\/strong> que otorgan un toque femenino y elegante.<\/p>\n<\/div>\n<div class=\"sc-80531b6b-0 chRIGJ container-text text-embed\">\n<p>Por su parte, el fondo se compone de una <strong>mezcla adictiva de az\u00facar, caramelo, vainilla, almizcle, algalia y l\u00e1dano<\/strong>.<strong> <\/strong><\/p>\n<\/div>\n<div class=\"sc-80531b6b-0 chRIGJ container-text text-embed\">\n<p>Todos estos elementos logran que la persona que use este perfume deje en el aire una estela sensual que dura por horas. Es por eso que muchas marcas desarrollaron aromas similares para competir con una experiencia olfativa parecida.<\/p>\n<\/div>\n<div class=\"sc-198be8ec-0 cynXbu image-embed  image-embed \"><picture class=\"sc-198be8ec-1 kOjRiQ\"><source media=\"(min-width: 975px)\" width=\"720\" height=\"480\" \/><img alt=\"Wanda Nara marca tendencias con sus looks, que cambia a menudo. Foto: Archivo Clar\u00edn.\" loading=\"lazy\" width=\"720\" height=\"480\" decoding=\"async\" data-nimg=\"1\" style=\"color:transparent\" src=\"https:\/\/13.com.ar\/wp-content\/uploads\/2025\/02\/cuanto-cuesta-y-con-quien-comparte-este-particular-gusto.jpg\"\/><span class=\"epigraphe\">Wanda Nara marca tendencias con sus looks, que cambia a menudo. Foto: Archivo Clar\u00edn.<\/span><span class=\"bkg\"\/><span class=\"picture-open\"><button class=\"open-image\" aria-label=\"Open Image\"\/><\/span><\/picture><\/div>\n<p><h2>Por qu\u00e9 Wanda Nara elige este perfume<\/h2>\n<\/p>\n<div class=\"sc-80531b6b-0 chRIGJ container-text text-embed\">\n<p>La modelo y conductora elige &#8220;<strong>Love don\u2019t be Shy<\/strong>&#8221; por su equilibrio perfecto entre dulzura y sofisticaci\u00f3n. Seg\u00fan sus propias declaraciones, le gusta usarlo durante el d\u00eda por su <strong>suavidad y notas florales<\/strong>.<\/p>\n<\/div>\n<div class=\"sc-80531b6b-0 chRIGJ container-text text-embed\">\n<p>Nara, tambi\u00e9n explic\u00f3 que el perfume le resulta una <strong>opci\u00f3n vers\u00e1til para eventos nocturnos<\/strong>, ya que su aroma no resulta invasivo, aunque convierte a quien lo usa en alguien inconfundible.<\/p>\n<\/div>\n<p><h2>Cu\u00e1nto cuesta el perfume favorito de Wanda Nara<\/h2>\n<\/p>\n<div class=\"sc-80531b6b-0 chRIGJ container-text text-embed\">\n<p>Este exclusivo perfume de la firma Kilian no es apto para todos los bolsillos. En su versi\u00f3n de 50 ml, <strong>su precio oscila entre los 235 y 275 d\u00f3lares<\/strong>. Traducido al mercado argentino, tomando el d\u00f3lar blue como referencia, el valor asciende los 250 mil pesos.<\/p>\n<\/div>\n<div class=\"sc-198be8ec-0 cynXbu image-embed  image-embed \"><picture class=\"sc-198be8ec-1 kOjRiQ\"><source media=\"(min-width: 975px)\" width=\"720\" height=\"480\" \/><img alt=\"La cantante Rihanna tambi\u00e9n usa el perfume favorito de Wanda Nara. Foto: Reuters\/Andrew Kelly.\" loading=\"lazy\" width=\"720\" height=\"480\" decoding=\"async\" data-nimg=\"1\" style=\"color:transparent\" src=\"https:\/\/13.com.ar\/wp-content\/uploads\/2025\/02\/1738958990_452_cuanto-cuesta-y-con-quien-comparte-este-particular-gusto.jpg\"\/><span class=\"epigraphe\">La cantante Rihanna tambi\u00e9n usa el perfume favorito de Wanda Nara. Foto: Reuters\/Andrew Kelly.<\/span><span class=\"bkg\"\/><span class=\"picture-open\"><button class=\"open-image\" aria-label=\"Open Image\"\/><\/span><\/picture><\/div>\n<div class=\"sc-80531b6b-0 chRIGJ container-text text-embed\">\n<p>El precio del &#8220;<strong>Love don\u2019t be Shy<\/strong>&#8221; se dispar\u00f3 cuando<strong> Rihanna<\/strong> lo mencion\u00f3 como su fragancia favorita en una entrevista con Vogue Espa\u00f1a en 2021. Desde entonces, su popularidad creci\u00f3 a nivel global. De hecho, la marca aprovech\u00f3 la oportunidad y lanz\u00f3 una <strong>versi\u00f3n con notas de rosas, pensada para quienes buscan un toque a\u00fan m\u00e1s rom\u00e1ntico<\/strong>.<\/p>\n<\/div>\n<div class=\"sc-80531b6b-0 chRIGJ container-text text-embed\">\n<p>Sin dudas,<strong> el perfume que usan Rihana y Wanda Nara es un s\u00edmbolo de exclusividad y elegancia<\/strong>, y que lo usen estas dos mujeres ic\u00f3nicas en el mundo de la moda marca tendencia.<\/p>\n<\/div>\n<div class=\"sc-4306f4f9-0 bAPCpp\">\n<div class=\"inner-card-m\">\n<div class=\"related-content\">\n<p><span class=\"body-title\">Mir\u00e1 tambi\u00e9n<\/span><\/p>\n<h3>El perfume preferido de Emilia Mernes: cu\u00e1l es y los detalles que lo hacen tan especial<\/h3>\n<source media=\"(min-width: 975px)\" width=\"340\" height=\"340\" \/><img alt=\"El perfume preferido de Emilia Mernes: cu\u00e1l es y los detalles que lo hacen tan especial\" loading=\"lazy\" width=\"340\" height=\"340\" decoding=\"async\" data-nimg=\"1\" style=\"color:transparent\" src=\"https:\/\/13.com.ar\/wp-content\/uploads\/2025\/02\/1738801660_10_por-que-esta-en-ruinas-y-que-antiguedad-tiene.jpg\"\/><\/div>\n<\/div>\n<\/div>\n<div class=\"sc-4306f4f9-0 bAPCpp\">\n<div class=\"inner-card-m\">\n<div class=\"related-content\">\n<p><span class=\"body-title\">Mir\u00e1 tambi\u00e9n<\/span><\/p>\n<h3>Aguas c\u00e1lidas en la costa argentina: la playa con bosques que enamora a todos los turistas<\/h3>\n<source media=\"(min-width: 975px)\" width=\"340\" height=\"340\" \/><img alt=\"Aguas c\u00e1lidas en la costa argentina: la playa con bosques que enamora a todos los turistas\" loading=\"lazy\" width=\"340\" height=\"340\" decoding=\"async\" data-nimg=\"1\" style=\"color:transparent\" src=\"https:\/\/13.com.ar\/wp-content\/uploads\/2025\/02\/1738958990_957_cuanto-cuesta-y-con-quien-comparte-este-particular-gusto.jpg\"\/><\/div>\n<\/div>\n<\/div>\n<\/div>\n<p><br \/>\n<br \/><a href=\"https:\/\/www.clarin.com\/informacion-general\/perfume-favorito-wanda-nara-cuesta-comparte-particular-gusto_0_ZBXql0wgeV.html\">Fuente Clarin.com <\/a><\/p>\n","protected":false},"excerpt":{"rendered":"<p>Wanda Nara no solo es una de las figuras m\u00e1s medi\u00e1ticas de la Argentina, sino que tambi\u00e9n es una referente en moda y estilo de vida. Entre sus elecciones m\u00e1s exclusivas, destaca su perfume preferido. Se trata de &#8220;Love don\u2019t be Shy by Kilian&#8220;, una fragancia que tambi\u00e9n es la favorita de la cantante Rihanna [&hellip;]<\/p>\n","protected":false},"author":1,"featured_media":2939,"comment_status":"open","ping_status":"open","sticky":false,"template":"","format":"standard","meta":{"footnotes":""},"categories":[2],"tags":[4947,18,448,1035,139,4948,3],"class_list":["post-2938","post","type-post","status-publish","format-standard","has-post-thumbnail","hentry","category-ultimas-noticias","tag-comparte","tag-con","tag-cuanto","tag-cuesta","tag-este","tag-gusto","tag-quien"],"_links":{"self":[{"href":"https:\/\/13.com.ar\/index.php\/wp-json\/wp\/v2\/posts\/2938","targetHints":{"allow":["GET"]}}],"collection":[{"href":"https:\/\/13.com.ar\/index.php\/wp-json\/wp\/v2\/posts"}],"about":[{"href":"https:\/\/13.com.ar\/index.php\/wp-json\/wp\/v2\/types\/post"}],"author":[{"embeddable":true,"href":"https:\/\/13.com.ar\/index.php\/wp-json\/wp\/v2\/users\/1"}],"replies":[{"embeddable":true,"href":"https:\/\/13.com.ar\/index.php\/wp-json\/wp\/v2\/comments?post=2938"}],"version-history":[{"count":0,"href":"https:\/\/13.com.ar\/index.php\/wp-json\/wp\/v2\/posts\/2938\/revisions"}],"wp:featuredmedia":[{"embeddable":true,"href":"https:\/\/13.com.ar\/index.php\/wp-json\/wp\/v2\/media\/2939"}],"wp:attachment":[{"href":"https:\/\/13.com.ar\/index.php\/wp-json\/wp\/v2\/media?parent=2938"}],"wp:term":[{"taxonomy":"category","embeddable":true,"href":"https:\/\/13.com.ar\/index.php\/wp-json\/wp\/v2\/categories?post=2938"},{"taxonomy":"post_tag","embeddable":true,"href":"https:\/\/13.com.ar\/index.php\/wp-json\/wp\/v2\/tags?post=2938"}],"curies":[{"name":"wp","href":"https:\/\/api.w.org\/{rel}","templated":true}]}}