{"id":2926,"date":"2025-02-07T16:26:55","date_gmt":"2025-02-07T19:26:55","guid":{"rendered":"https:\/\/13.com.ar\/index.php\/donde-ver-la-transmision-a-que-hora-y-quienes-son-los-nominados-en-esta-cuenta-regresiva-al-oscar\/"},"modified":"2025-02-07T16:26:55","modified_gmt":"2025-02-07T19:26:55","slug":"donde-ver-la-transmision-a-que-hora-y-quienes-son-los-nominados-en-esta-cuenta-regresiva-al-oscar","status":"publish","type":"post","link":"https:\/\/13.com.ar\/index.php\/donde-ver-la-transmision-a-que-hora-y-quienes-son-los-nominados-en-esta-cuenta-regresiva-al-oscar\/","title":{"rendered":"d\u00f3nde ver la transmisi\u00f3n, a qu\u00e9 hora y qui\u00e9nes son los nominados en esta cuenta regresiva al Oscar"},"content":{"rendered":"<p> <br \/>\n<\/p>\n<div id=\"cuerpo\">\n<div class=\"sc-80531b6b-0 chRIGJ container-text text-embed\">\n<p>En una intensa cuenta regresiva hacia los premios Oscar, que arranc\u00f3 con los Globos de Oro y luego seguir\u00e1 con los premios de los sindicatos de producci\u00f3n y de direcci\u00f3n, este viernes 7 de febrero se entregar\u00e1n los <strong>Critics Choice Awards<\/strong>.<\/p>\n<\/div>\n<div class=\"sc-80531b6b-0 chRIGJ container-text text-embed\">\n<p>Despu\u00e9s de haberse pospuesto dos veces debido a los incendios en Los \u00c1ngeles, finalmente se llevar\u00e1n a cabo en el Barker Hangar en Santa M\u00f3nica, con estatuillas para rubros de cine y televisi\u00f3n. <\/p>\n<\/div>\n<div class=\"sc-198be8ec-0 cynXbu image-embed  image-embed \"><picture class=\"sc-198be8ec-1 kOjRiQ\"><source media=\"(min-width: 975px)\" width=\"720\" height=\"480\" \/><img alt=\"Kieran Culkin en la entrega de 2024. Gan\u00f3 como Best Actor in a Drama Series por \u201cSuccession\u201d. Foto: AFP\" loading=\"lazy\" width=\"720\" height=\"480\" decoding=\"async\" data-nimg=\"1\" style=\"color:transparent\" src=\"https:\/\/13.com.ar\/wp-content\/uploads\/2025\/02\/donde-ver-la-transmision-a-que-hora-y-quienes-son.jpg\"\/><span class=\"epigraphe\">Kieran Culkin en la entrega de 2024. Gan\u00f3 como Best Actor in a Drama Series por \u201cSuccession\u201d. Foto: AFP<\/span><span class=\"bkg\"\/><span class=\"picture-open\"><button class=\"open-image\" aria-label=\"Open Image\"\/><\/span><\/picture><\/div>\n<div class=\"sc-80531b6b-0 chRIGJ container-text text-embed\">\n<p>Lo organiza <strong>la Asociaci\u00f3n de la Cr\u00edtica Cinematogr\u00e1fica, que tiene 250 miembros<\/strong>.<\/p>\n<\/div>\n<div class=\"sc-80531b6b-0 chRIGJ container-text text-embed\">\n<p>La gala tendr\u00e1 la conducci\u00f3n, por tercer a\u00f1o consecutivo, de la comediante <strong>Chelsea Handler<\/strong>.<\/p>\n<\/div>\n<p><h2>\u00bfD\u00f3nde y a qu\u00e9 hora?<\/h2>\n<\/p>\n<div class=\"sc-80531b6b-0 chRIGJ container-text text-embed\">\n<p>En el horario local de Los \u00c1ngeles, la gala comenzar\u00e1 a las 5 de la tarde. En Argentina ser\u00e1n las <strong>22 horas<\/strong>, y la alfombra roja dar\u00e1 inicio una hora antes.<\/p>\n<\/div>\n<div class=\"sc-80531b6b-0 chRIGJ container-text text-embed\">\n<p>En Latinoam\u00e9rica se podr\u00e1n ver a trav\u00e9s de <strong>TNT, Netflix y Max<\/strong>.<\/p>\n<\/div>\n<p><h2>Lista completa de nominados <\/h2>\n<\/p>\n<div class=\"sc-198be8ec-0 cynXbu image-embed  image-embed \"><picture class=\"sc-198be8ec-1 kOjRiQ\"><source media=\"(min-width: 975px)\" width=\"720\" height=\"480\" \/><img alt=\"Timoth\u00e9e Chalamet en una escena de &quot;Un completo desconocido&quot;, donde hace de Bob Dylan.\" loading=\"lazy\" width=\"720\" height=\"480\" decoding=\"async\" data-nimg=\"1\" style=\"color:transparent\" src=\"https:\/\/13.com.ar\/wp-content\/uploads\/2025\/01\/1738229214_352_Un-completo-desconocido-es-mucho-muchisimo-mas-que-una-biopic.jpg\"\/><span class=\"epigraphe\">Timoth\u00e9e Chalamet en una escena de &#8220;Un completo desconocido&#8221;, donde hace de Bob Dylan.<\/span><span class=\"bkg\"\/><span class=\"picture-open\"><button class=\"open-image\" aria-label=\"Open Image\"\/><\/span><\/picture><\/div>\n<div class=\"sc-198be8ec-0 cynXbu image-embed  image-embed \"><picture class=\"sc-198be8ec-1 kOjRiQ\"><source media=\"(min-width: 975px)\" width=\"720\" height=\"480\" \/><img alt=\"Adrien Brody en &quot;El Brutalista&quot;.\" loading=\"lazy\" width=\"720\" height=\"480\" decoding=\"async\" data-nimg=\"1\" style=\"color:transparent\" src=\"https:\/\/13.com.ar\/wp-content\/uploads\/2025\/02\/El-brutalista-es-ambiciosa-excesiva-y-solemne-y-esta-cerca.jpg\"\/><span class=\"epigraphe\">Adrien Brody en &#8220;El Brutalista&#8221;.<\/span><span class=\"bkg\"\/><span class=\"picture-open\"><button class=\"open-image\" aria-label=\"Open Image\"\/><\/span><\/picture><\/div>\n<div class=\"sc-80531b6b-0 chRIGJ container-text text-embed\">\n<p>Adrien Brody en El Brutalista<\/p>\n<\/div>\n<div class=\"sc-80531b6b-0 chRIGJ container-text text-embed\">\n<p>Timoth\u00e9e Chalamet en Un completo desconocido<\/p>\n<\/div>\n<div class=\"sc-80531b6b-0 chRIGJ container-text text-embed\">\n<p>Colman Domingo en Sing Sing<\/p>\n<\/div>\n<div class=\"sc-80531b6b-0 chRIGJ container-text text-embed\">\n<p>Ralph Fiennes en Conclave<\/p>\n<\/div>\n<div class=\"sc-198be8ec-0 cynXbu image-embed  image-embed \"><picture class=\"sc-198be8ec-1 kOjRiQ\"><source media=\"(min-width: 975px)\" width=\"720\" height=\"480\" \/><img alt=\"Cynthia Erivo y Ariana Grande en &quot;Wicked&quot; \" loading=\"lazy\" width=\"720\" height=\"480\" decoding=\"async\" data-nimg=\"1\" style=\"color:transparent\" src=\"https:\/\/13.com.ar\/wp-content\/uploads\/2025\/02\/1738956415_78_donde-ver-la-transmision-a-que-hora-y-quienes-son.jpg\"\/><span class=\"epigraphe\">Cynthia Erivo y Ariana Grande en &#8220;Wicked&#8221; <\/span><span class=\"bkg\"\/><span class=\"picture-open\"><button class=\"open-image\" aria-label=\"Open Image\"\/><\/span><\/picture><\/div>\n<div class=\"sc-80531b6b-0 chRIGJ container-text text-embed\">\n<p>Karla Sof\u00eda Gasc\u00f3n en Emilia Perez<\/p>\n<\/div>\n<div class=\"sc-80531b6b-0 chRIGJ container-text text-embed\">\n<p>Marianne Jean-Baptiste en Hard Truths<\/p>\n<\/div>\n<div class=\"sc-80531b6b-0 chRIGJ container-text text-embed\">\n<p>Demi Moore en La Sustancia<\/p>\n<\/div>\n<div class=\"sc-198be8ec-0 cynXbu image-embed  image-embed \"><picture class=\"sc-198be8ec-1 kOjRiQ\"><source media=\"(min-width: 975px)\" width=\"720\" height=\"480\" \/><img alt=\"Yura Borisov en &quot;Anora&quot; \" loading=\"lazy\" width=\"720\" height=\"480\" decoding=\"async\" data-nimg=\"1\" style=\"color:transparent\" src=\"https:\/\/13.com.ar\/wp-content\/uploads\/2025\/02\/1738956415_741_donde-ver-la-transmision-a-que-hora-y-quienes-son.jpg\"\/><span class=\"epigraphe\">Yura Borisov en &#8220;Anora&#8221; <\/span><span class=\"bkg\"\/><span class=\"picture-open\"><button class=\"open-image\" aria-label=\"Open Image\"\/><\/span><\/picture><\/div>\n<div class=\"sc-80531b6b-0 chRIGJ container-text text-embed\">\n<p>Kieran Culkin en A Real Pain<\/p>\n<\/div>\n<div class=\"sc-80531b6b-0 chRIGJ container-text text-embed\">\n<p>Clarence Maclin en Sing Sing<\/p>\n<\/div>\n<div class=\"sc-80531b6b-0 chRIGJ container-text text-embed\">\n<p>Edward Norton en Un completo desconocido<\/p>\n<\/div>\n<div class=\"sc-80531b6b-0 chRIGJ container-text text-embed\">\n<p>Guy Pearce en El Brutalista<\/p>\n<\/div>\n<div class=\"sc-80531b6b-0 chRIGJ container-text text-embed\">\n<p>Denzel Washington en Gladiador II<\/p>\n<\/div>\n<div class=\"sc-198be8ec-0 cynXbu image-embed  image-embed \"><picture class=\"sc-198be8ec-1 kOjRiQ\"><source media=\"(min-width: 975px)\" width=\"720\" height=\"480\" \/><img alt=\"Una escena de &quot;La sustancia&quot;.\" loading=\"lazy\" width=\"720\" height=\"480\" decoding=\"async\" data-nimg=\"1\" style=\"color:transparent\" src=\"https:\/\/13.com.ar\/wp-content\/uploads\/2025\/02\/1738956415_245_donde-ver-la-transmision-a-que-hora-y-quienes-son.jpg\"\/><span class=\"epigraphe\">Una escena de &#8220;La sustancia&#8221;.<\/span><span class=\"bkg\"\/><span class=\"picture-open\"><button class=\"open-image\" aria-label=\"Open Image\"\/><\/span><\/picture><\/div>\n<div class=\"sc-80531b6b-0 chRIGJ container-text text-embed\">\n<p>Danielle Deadwyler en The Piano Lesson<\/p>\n<\/div>\n<div class=\"sc-80531b6b-0 chRIGJ container-text text-embed\">\n<p>Aunjanue Ellis-Taylor en Nickel Boys<\/p>\n<\/div>\n<div class=\"sc-80531b6b-0 chRIGJ container-text text-embed\">\n<p>Margaret Qualley en La Sustancia<\/p>\n<\/div>\n<div class=\"sc-80531b6b-0 chRIGJ container-text text-embed\">\n<p>Isabella Rossellini en Conclave<\/p>\n<\/div>\n<div class=\"sc-80531b6b-0 chRIGJ container-text text-embed\">\n<p>Zoe Salda\u00f1a en Emilia Perez<\/p>\n<\/div>\n<div class=\"sc-80531b6b-0 chRIGJ container-text text-embed\">\n<p>Alyla Browne en Furiosa: A Mad Max Saga<\/p>\n<\/div>\n<div class=\"sc-80531b6b-0 chRIGJ container-text text-embed\">\n<p>Elliott Heffernan en Blitz<\/p>\n<\/div>\n<div class=\"sc-80531b6b-0 chRIGJ container-text text-embed\">\n<p>Maisy Stella en My Old Ass<\/p>\n<\/div>\n<div class=\"sc-80531b6b-0 chRIGJ container-text text-embed\">\n<p>Zoe Ziegler en Janet Planet<\/p>\n<\/div>\n<div class=\"sc-80531b6b-0 chRIGJ container-text text-embed\">\n<p><strong>Mejor Elenco de Actuaci\u00f3n<\/strong><\/p>\n<\/div>\n<div class=\"sc-80531b6b-0 chRIGJ container-text text-embed\">\n<p>Jacques Audiard por Emilia Perez<\/p>\n<\/div>\n<div class=\"sc-80531b6b-0 chRIGJ container-text text-embed\">\n<p>Edward Berger por Conclave<\/p>\n<\/div>\n<div class=\"sc-80531b6b-0 chRIGJ container-text text-embed\">\n<p>Brady Corbet por El Brutalista<\/p>\n<\/div>\n<div class=\"sc-80531b6b-0 chRIGJ container-text text-embed\">\n<p>Coralie Fargeat por La Sustancia<\/p>\n<\/div>\n<div class=\"sc-80531b6b-0 chRIGJ container-text text-embed\">\n<p>Ramell Ross por Nickel Boys<\/p>\n<\/div>\n<div class=\"sc-80531b6b-0 chRIGJ container-text text-embed\">\n<p>Denis Villeneuve por Duna parte dos<\/p>\n<\/div>\n<div class=\"sc-80531b6b-0 chRIGJ container-text text-embed\">\n<p>Moritz Binder, Tim Fehlbaum, Alex David por September 5<\/p>\n<\/div>\n<div class=\"sc-80531b6b-0 chRIGJ container-text text-embed\">\n<p>Brady Corbet, Mona Fastvold por El Brutalista<\/p>\n<\/div>\n<div class=\"sc-80531b6b-0 chRIGJ container-text text-embed\">\n<p>Jesse Eisenberg por A Real Pain<\/p>\n<\/div>\n<div class=\"sc-80531b6b-0 chRIGJ container-text text-embed\">\n<p>Coralie Fargeat por La Sustancia<\/p>\n<\/div>\n<div class=\"sc-80531b6b-0 chRIGJ container-text text-embed\">\n<p>Justin Kuritzkes por Challengers<\/p>\n<\/div>\n<div class=\"sc-80531b6b-0 chRIGJ container-text text-embed\">\n<p>Jacques Audiard por Emilia Perez<\/p>\n<\/div>\n<div class=\"sc-80531b6b-0 chRIGJ container-text text-embed\">\n<p>Winnie Holzman, Dana Fox por Wicked<\/p>\n<\/div>\n<div class=\"sc-80531b6b-0 chRIGJ container-text text-embed\">\n<p>Greg Kwedar, Clint Bentley por Sing Sing<\/p>\n<\/div>\n<div class=\"sc-80531b6b-0 chRIGJ container-text text-embed\">\n<p>Ramell Ross, Joslyn Barnes por Nickel Boys<\/p>\n<\/div>\n<div class=\"sc-80531b6b-0 chRIGJ container-text text-embed\">\n<p>Peter Straughan por Conclave<\/p>\n<\/div>\n<div class=\"sc-80531b6b-0 chRIGJ container-text text-embed\">\n<p>Denis Villeneuve, Jon Spaihts por Dune Part Two<\/p>\n<\/div>\n<div class=\"sc-80531b6b-0 chRIGJ container-text text-embed\">\n<p><strong>Mejor Dise\u00f1o de Producci\u00f3n<\/strong><\/p>\n<\/div>\n<div class=\"sc-80531b6b-0 chRIGJ container-text text-embed\">\n<p>Duna parte dos September 5<\/p>\n<\/div>\n<div class=\"sc-80531b6b-0 chRIGJ container-text text-embed\">\n<p><strong>Mejor Dise\u00f1o de Vestuario<\/strong><\/p>\n<\/div>\n<div class=\"sc-80531b6b-0 chRIGJ container-text text-embed\">\n<p><strong>Mejor Maquillaje y Peinado<\/strong><\/p>\n<\/div>\n<div class=\"sc-80531b6b-0 chRIGJ container-text text-embed\">\n<p>Kingdom of the Planet of the Apes<\/p>\n<\/div>\n<div class=\"sc-80531b6b-0 chRIGJ container-text text-embed\">\n<p>Wallace &amp; Gromit: Vengeance Most Fowl<\/p>\n<\/div>\n<div class=\"sc-80531b6b-0 chRIGJ container-text text-embed\">\n<p><strong>Mejor Pel\u00edcula Extranjera<\/strong><\/p>\n<\/div>\n<div class=\"sc-80531b6b-0 chRIGJ container-text text-embed\">\n<p>The Seed of the Sacred Fig<\/p>\n<\/div>\n<div class=\"sc-80531b6b-0 chRIGJ container-text text-embed\">\n<p>The Last Showgirl, \u201dBeautiful That Way\u201d<\/p>\n<\/div>\n<div class=\"sc-80531b6b-0 chRIGJ container-text text-embed\">\n<p>Challengers, \u201dCompress\/Repress\u201d<\/p>\n<\/div>\n<div class=\"sc-80531b6b-0 chRIGJ container-text text-embed\">\n<p>Emilia Perez, \u201dEl Mal\u201d<\/p>\n<\/div>\n<div class=\"sc-80531b6b-0 chRIGJ container-text text-embed\">\n<p>The Wild Robot, \u201dKiss the Sky\u201d<\/p>\n<\/div>\n<div class=\"sc-80531b6b-0 chRIGJ container-text text-embed\">\n<p>Emilia Perez, \u201dMi Camino\u201d<\/p>\n<\/div>\n<div class=\"sc-80531b6b-0 chRIGJ container-text text-embed\">\n<p>Interview with the Vampire<\/p>\n<\/div>\n<div class=\"sc-80531b6b-0 chRIGJ container-text text-embed\">\n<p><strong>Mejor actor de serie dram\u00e1tica<\/strong><\/p>\n<\/div>\n<div class=\"sc-80531b6b-0 chRIGJ container-text text-embed\">\n<p><strong>Mejor actriz de serie dram\u00e1tica<\/strong><\/p>\n<\/div>\n<div class=\"sc-80531b6b-0 chRIGJ container-text text-embed\">\n<p><strong>Mejor actor secundario en una serie dram\u00e1tica<\/strong><\/p>\n<\/div>\n<div class=\"sc-80531b6b-0 chRIGJ container-text text-embed\">\n<p><strong>Mejor actriz secundaria en una serie dram\u00e1tica<\/strong><\/p>\n<\/div>\n<div class=\"sc-80531b6b-0 chRIGJ container-text text-embed\">\n<p>Only Murders in the Building<\/p>\n<\/div>\n<div class=\"sc-80531b6b-0 chRIGJ container-text text-embed\">\n<p>What We Do in the Shadows<\/p>\n<\/div>\n<div class=\"sc-80531b6b-0 chRIGJ container-text text-embed\">\n<p><strong>Mejor actor en una serie de comedia<\/strong><\/p>\n<\/div>\n<div class=\"sc-80531b6b-0 chRIGJ container-text text-embed\">\n<p><strong>Mejor actriz en una serie de comedia<\/strong><\/p>\n<\/div>\n<div class=\"sc-80531b6b-0 chRIGJ container-text text-embed\">\n<p><strong>Mejor actor secundario en una serie de comedia<\/strong><\/p>\n<\/div>\n<div class=\"sc-80531b6b-0 chRIGJ container-text text-embed\">\n<p><strong>Mejor actriz secundaria en una serie de comedia<\/strong><\/p>\n<\/div>\n<div class=\"sc-80531b6b-0 chRIGJ container-text text-embed\">\n<p>Mr Bates vs the Post Office<\/p>\n<\/div>\n<div class=\"sc-80531b6b-0 chRIGJ container-text text-embed\">\n<p>True Detective: Night Country<\/p>\n<\/div>\n<div class=\"sc-80531b6b-0 chRIGJ container-text text-embed\">\n<p><strong>Mejor pel\u00edcula hecha para televisi\u00f3n<\/strong><\/p>\n<\/div>\n<div class=\"sc-80531b6b-0 chRIGJ container-text text-embed\">\n<p><strong>Mejor actor en una miniserie o pel\u00edcula hecha para televisi\u00f3n<\/strong><\/p>\n<\/div>\n<div class=\"sc-80531b6b-0 chRIGJ container-text text-embed\">\n<p><strong>Mejor actriz en una miniserie o pel\u00edcula hecha para televisi\u00f3n<\/strong><\/p>\n<\/div>\n<div class=\"sc-80531b6b-0 chRIGJ container-text text-embed\">\n<p><strong>Mejor actor secundario en una miniserie o pel\u00edcula hecha para televisi\u00f3n<\/strong><\/p>\n<\/div>\n<div class=\"sc-80531b6b-0 chRIGJ container-text text-embed\">\n<p><strong>Mejor actriz secundaria en una miniserie o pel\u00edcula hecha para televisi\u00f3n<\/strong><\/p>\n<\/div>\n<div class=\"sc-80531b6b-0 chRIGJ container-text text-embed\">\n<p><strong>Mejor Serie en Idioma Extranjero<\/strong><\/p>\n<\/div>\n<div class=\"sc-80531b6b-0 chRIGJ container-text text-embed\">\n<p>The Law According to Lidia Po\u00ebt<\/p>\n<\/div>\n<div class=\"sc-80531b6b-0 chRIGJ container-text text-embed\">\n<p>John Mulaney Presents: Everybody\u2019s in L.A<\/p>\n<\/div>\n<div class=\"sc-80531b6b-0 chRIGJ container-text text-embed\">\n<p>The Late Show with Stephen Colbert<\/p>\n<\/div>\n<div class=\"sc-80531b6b-0 chRIGJ container-text text-embed\">\n<p><strong>Mejor especial de comedia<\/strong><\/p>\n<\/div>\n<div class=\"sc-80531b6b-0 chRIGJ container-text text-embed\">\n<p>Kevin James: Irregardless<\/p>\n<\/div>\n<div class=\"sc-80531b6b-0 chRIGJ container-text text-embed\">\n<p>Nikki Glaser: Someday You\u2019ll Die<\/p>\n<\/div>\n<div class=\"sc-80531b6b-0 chRIGJ container-text text-embed\">\n<p>Rachel Bloom: Death, Let Me Do My Special<\/p>\n<\/div>\n<div class=\"sc-80531b6b-0 chRIGJ container-text text-embed\">\n<p>Ramy Youssef: More Feelings<\/p>\n<\/div>\n<\/div>\n<p><br \/>\n<br \/><a href=\"https:\/\/www.clarin.com\/espectaculos\/critics-choice-awards-2025-ver-transmision-hora-nominados-cuenta-regresiva-oscar_0_Rgb52ZquTy.html\">Fuente Clarin.com <\/a><\/p>\n","protected":false},"excerpt":{"rendered":"<p>En una intensa cuenta regresiva hacia los premios Oscar, que arranc\u00f3 con los Globos de Oro y luego seguir\u00e1 con los premios de los sindicatos de producci\u00f3n y de direcci\u00f3n, este viernes 7 de febrero se entregar\u00e1n los Critics Choice Awards. Despu\u00e9s de haberse pospuesto dos veces debido a los incendios en Los \u00c1ngeles, finalmente [&hellip;]<\/p>\n","protected":false},"author":1,"featured_media":2927,"comment_status":"open","ping_status":"open","sticky":false,"template":"","format":"standard","meta":{"footnotes":""},"categories":[2],"tags":[2912,743,300,713,28,4513,4933,286,1784,4932,406,4931,827],"class_list":["post-2926","post","type-post","status-publish","format-standard","has-post-thumbnail","hentry","category-ultimas-noticias","tag-cuenta","tag-donde","tag-esta","tag-hora","tag-los","tag-nominados","tag-oscar","tag-que","tag-quienes","tag-regresiva","tag-son","tag-transmision","tag-ver"],"_links":{"self":[{"href":"https:\/\/13.com.ar\/index.php\/wp-json\/wp\/v2\/posts\/2926","targetHints":{"allow":["GET"]}}],"collection":[{"href":"https:\/\/13.com.ar\/index.php\/wp-json\/wp\/v2\/posts"}],"about":[{"href":"https:\/\/13.com.ar\/index.php\/wp-json\/wp\/v2\/types\/post"}],"author":[{"embeddable":true,"href":"https:\/\/13.com.ar\/index.php\/wp-json\/wp\/v2\/users\/1"}],"replies":[{"embeddable":true,"href":"https:\/\/13.com.ar\/index.php\/wp-json\/wp\/v2\/comments?post=2926"}],"version-history":[{"count":0,"href":"https:\/\/13.com.ar\/index.php\/wp-json\/wp\/v2\/posts\/2926\/revisions"}],"wp:featuredmedia":[{"embeddable":true,"href":"https:\/\/13.com.ar\/index.php\/wp-json\/wp\/v2\/media\/2927"}],"wp:attachment":[{"href":"https:\/\/13.com.ar\/index.php\/wp-json\/wp\/v2\/media?parent=2926"}],"wp:term":[{"taxonomy":"category","embeddable":true,"href":"https:\/\/13.com.ar\/index.php\/wp-json\/wp\/v2\/categories?post=2926"},{"taxonomy":"post_tag","embeddable":true,"href":"https:\/\/13.com.ar\/index.php\/wp-json\/wp\/v2\/tags?post=2926"}],"curies":[{"name":"wp","href":"https:\/\/api.w.org\/{rel}","templated":true}]}}