{"id":2922,"date":"2025-02-07T16:21:13","date_gmt":"2025-02-07T19:21:13","guid":{"rendered":"https:\/\/13.com.ar\/index.php\/mauro-icardi-y-la-china-suarez-regresaron-a-la-argentina-en-avion-privado-desde-turquia\/"},"modified":"2025-02-07T16:21:13","modified_gmt":"2025-02-07T19:21:13","slug":"mauro-icardi-y-la-china-suarez-regresaron-a-la-argentina-en-avion-privado-desde-turquia","status":"publish","type":"post","link":"https:\/\/13.com.ar\/index.php\/mauro-icardi-y-la-china-suarez-regresaron-a-la-argentina-en-avion-privado-desde-turquia\/","title":{"rendered":"Mauro Icardi y La China Su\u00e1rez regresaron a la Argentina en avi\u00f3n privado desde Turqu\u00eda"},"content":{"rendered":"<p> <br \/>\n<\/p>\n<div id=\"cuerpo\">\n<div class=\"sc-80531b6b-0 chRIGJ container-text text-embed\">\n<p>En la ma\u00f1ana del viernes<strong> Eugenia &#8220;La China&#8221; Su\u00e1rez<\/strong> y <strong>Mauro Icardi <\/strong>regresaron al pa\u00eds tras unas vacaciones en Italia y Turqu\u00eda<\/p>\n<\/div>\n<div class=\"sc-80531b6b-0 chRIGJ container-text text-embed\">\n<p>La pareja lleg\u00f3 a Ezeiza en avi\u00f3n privado y fueron captados por las c\u00e1maras que se encontraban en el lugar esperando el regreso.<\/p>\n<\/div>\n<div class=\"sc-80531b6b-0 chRIGJ container-text text-embed\">\n<p>En las im\u00e1genes a ella se la vio sonriendo y con un<em> look <\/em>muy c\u00f3modo para afrontar el vuelo de tantas horas: una remera y un <em>jogging <\/em>color rosa y el cabello atado. Mauro, en cambio, estaba un poco m\u00e1s serio, con lentes oscuros y gorra negra.<\/p>\n<\/div>\n<div class=\"sc-80531b6b-0 chRIGJ container-text text-embed\">\n<p>Seg\u00fan pudo saber <strong>Clar\u00edn<\/strong>, el viaje fue directo desde Estambul a Buenos &#8220;en un avi\u00f3n gigante&#8221;. <strong>El vuelo tard\u00f3 aproximadamente unas 18 horas y parece que habr\u00edan aterrizado una vez para hacer recarga de combustible.<\/strong><\/p>\n<\/div>\n<div class=\"sc-80531b6b-0 chRIGJ container-text text-embed\">\n<p>Llegaron a la ma\u00f1ana muy temprano por el FBO de Ezeiza (la terminal que se inaugur\u00f3 hace unos a\u00f1os para uso exclusivo de vuelos privados, con sala de espera, oficinas de migraciones y aduana).<\/p>\n<\/div>\n<div class=\"sc-198be8ec-0 cynXbu image-embed  image-embed \"><picture class=\"sc-198be8ec-1 kOjRiQ\"><source media=\"(min-width: 975px)\" width=\"720\" height=\"480\" \/><img alt=\"La China Su\u00e1rez y Mauro Icardi volvieron a Buenos Aires. Instagram.\" loading=\"lazy\" width=\"720\" height=\"480\" decoding=\"async\" data-nimg=\"1\" style=\"color:transparent\" src=\"https:\/\/13.com.ar\/wp-content\/uploads\/2025\/02\/Mauro-Icardi-y-La-China-Suarez-regresaron-a-la-Argentina.jpg\"\/><span class=\"epigraphe\">La China Su\u00e1rez y Mauro Icardi volvieron a Buenos Aires. Instagram.<\/span><span class=\"bkg\"\/><span class=\"picture-open\"><button class=\"open-image\" aria-label=\"Open Image\"\/><\/span><\/picture><\/div>\n<div class=\"sc-80531b6b-0 chRIGJ container-text text-embed\">\n<p>&#8220;Bajaron los dos cag\u00e1ndose de risa, con la tripulaci\u00f3n, saludaron en la pista y se fueron a hacer migraciones&#8221;, le contaron a este medio.<\/p>\n<\/div>\n<div class=\"sc-80531b6b-0 chRIGJ container-text text-embed\">\n<p>&#8220;Salieron de migraciones y lo divertido fue que estuvieron como 20 minutos esperando que les cargaran las valijas, porque <strong>La China se trajo como 12 o 15 valijas, incluyendo dos cajas de sombreros. <\/strong>Ellos se hab\u00edan ido s\u00f3lo con dos carry on&#8221;, detallaron.<\/p>\n<\/div>\n<div class=\"sc-80531b6b-0 chRIGJ container-text text-embed\">\n<p>Previamente, Mauro Icardi hab\u00eda compartido en su cuenta de Instagram, donde acumula 13.9 millones de seguidores, dos fotos de su novia en pleno vuelo.<\/p>\n<\/div>\n<div class=\"sc-198be8ec-0 cynXbu image-embed  image-embed \"><picture class=\"sc-198be8ec-1 kOjRiQ\"><source media=\"(min-width: 975px)\" width=\"720\" height=\"480\" \/><img alt=\"La foto que comparti\u00f3 Mauro Icardi. Instagram.\" loading=\"lazy\" width=\"720\" height=\"480\" decoding=\"async\" data-nimg=\"1\" style=\"color:transparent\" src=\"https:\/\/13.com.ar\/wp-content\/uploads\/2025\/02\/1738956073_703_Mauro-Icardi-y-La-China-Suarez-regresaron-a-la-Argentina.jpg\"\/><span class=\"epigraphe\">La foto que comparti\u00f3 Mauro Icardi. Instagram.<\/span><span class=\"bkg\"\/><span class=\"picture-open\"><button class=\"open-image\" aria-label=\"Open Image\"\/><\/span><\/picture><\/div>\n<div class=\"sc-80531b6b-0 chRIGJ container-text text-embed\">\n<p>En la primera de ellas se ve\u00eda a La China durmiendo.<strong> &#8220;Mi bella durmiente&#8221;<\/strong>, escribi\u00f3 el jugador del Galatasaray y sum\u00f3 una carita con corazones. En la otra foto, la actriz posaba ante la c\u00e1mara, a punto de llegar a Buenos Aires.<\/p>\n<\/div>\n<div class=\"sc-80531b6b-0 chRIGJ container-text text-embed\">\n<p>Cabe destacar que la vuelta a la Argentina tiene que ver con un evento muy especial. Es que este viernes es el cumplea\u00f1os n\u00famero 7 de Magnolia, la hija que la medi\u00e1tica tiene en com\u00fan con <strong>Benjam\u00edn Vicu\u00f1a.<\/strong><\/p>\n<\/div>\n<div class=\"sc-80531b6b-0 chRIGJ container-text text-embed\">\n<p>La peque\u00f1a comenz\u00f3 su gran d\u00eda sin su mam\u00e1 y acompa\u00f1ada por su pap\u00e1 y su hermano menor, Amancio.<\/p>\n<\/div>\n<div class=\"sc-198be8ec-0 cynXbu image-embed  image-embed \"><picture class=\"sc-198be8ec-1 kOjRiQ\"><source media=\"(min-width: 975px)\" width=\"720\" height=\"480\" \/><img alt=\"La China Su\u00e1rez salud\u00f3 a su hija con un mensaje en Instagram.\" loading=\"lazy\" width=\"720\" height=\"480\" decoding=\"async\" data-nimg=\"1\" style=\"color:transparent\" src=\"https:\/\/13.com.ar\/wp-content\/uploads\/2025\/02\/1738956073_356_Mauro-Icardi-y-La-China-Suarez-regresaron-a-la-Argentina.jpg\"\/><span class=\"epigraphe\">La China Su\u00e1rez salud\u00f3 a su hija con un mensaje en Instagram.<\/span><span class=\"bkg\"\/><span class=\"picture-open\"><button class=\"open-image\" aria-label=\"Open Image\"\/><\/span><\/picture><\/div>\n<div class=\"sc-80531b6b-0 chRIGJ container-text text-embed\">\n<p>Eugenia comparti\u00f3 en Instagram una vieja postal en la que se ve a Magnolia cuando era una beb\u00e9. <strong>\u201cFeliz nacimiento para mi acuariana favorita. La m\u00e1s loca, linda, buena, graciosa, divertida. Te amo como todav\u00eda no se invent\u00f3\u201d<\/strong>, escribi\u00f3 en la historia.<\/p>\n<\/div>\n<div class=\"sc-80531b6b-0 chRIGJ container-text text-embed\">\n<p>Luego comparti\u00f3 m\u00e1s fotos, algunas de ella embarazada, otras de Magnolia y sum\u00f3: \u201cMi bebota pegote, siempre as\u00ed\u201d.<\/p>\n<\/div>\n<div class=\"sc-80531b6b-0 chRIGJ container-text text-embed\">\n<p>M\u00e1s tarde, la medi\u00e1tica reapareci\u00f3 en las redes y mostr\u00f3 que estaba acompa\u00f1ada por Magnolia, Amancio y Rufina (fruto de su relaci\u00f3n con Nicol\u00e1s Cabr\u00e9) preparando el cumplea\u00f1os de su hija, con una torta, unos alfajores y un jugo.<\/p>\n<\/div>\n<div class=\"sc-80531b6b-0 chRIGJ container-text text-embed\">\n<p>Despu\u00e9s, subi\u00f3 videos para mostrar el regalo que les hab\u00eda tra\u00eddo de su mini luna de miel con el futbolista: una especie de pollito robot que sal\u00eda de adentro de un huevo con luces y sonidos para cantarle el Feliz cumplea\u00f1os a la ni\u00f1a.<\/p>\n<\/div>\n<p><h2>Todas las fotos del cumplea\u00f1os de Magnolia Vicu\u00f1a<\/h2>\n<\/p>\n<div class=\"sc-198be8ec-0 cynXbu image-embed  image-embed \"><picture class=\"sc-198be8ec-1 kOjRiQ\"><source media=\"(min-width: 975px)\" width=\"720\" height=\"480\" \/><img alt=\"La torta de La China Su\u00e1rez para el cumplea\u00f1os de Magnolia. Instagram.\" loading=\"lazy\" width=\"720\" height=\"480\" decoding=\"async\" data-nimg=\"1\" style=\"color:transparent\" src=\"https:\/\/13.com.ar\/wp-content\/uploads\/2025\/02\/1738956073_413_Mauro-Icardi-y-La-China-Suarez-regresaron-a-la-Argentina.jpg\"\/><span class=\"epigraphe\">La torta de La China Su\u00e1rez para el cumplea\u00f1os de Magnolia. Instagram.<\/span><span class=\"bkg\"\/><span class=\"picture-open\"><button class=\"open-image\" aria-label=\"Open Image\"\/><\/span><\/picture><\/div>\n<div class=\"sc-198be8ec-0 cynXbu image-embed  image-embed \"><picture class=\"sc-198be8ec-1 kOjRiQ\"><source media=\"(min-width: 975px)\" width=\"720\" height=\"480\" \/><img alt=\"El regalo de La China Su\u00e1rez para sus hijos tras su viaje con Mauro Icardi. Instagram.\" loading=\"lazy\" width=\"720\" height=\"480\" decoding=\"async\" data-nimg=\"1\" style=\"color:transparent\" src=\"https:\/\/13.com.ar\/wp-content\/uploads\/2025\/02\/1738956073_474_Mauro-Icardi-y-La-China-Suarez-regresaron-a-la-Argentina.jpg\"\/><span class=\"epigraphe\">El regalo de La China Su\u00e1rez para sus hijos tras su viaje con Mauro Icardi. Instagram.<\/span><span class=\"bkg\"\/><span class=\"picture-open\"><button class=\"open-image\" aria-label=\"Open Image\"\/><\/span><\/picture><\/div>\n<div class=\"sc-198be8ec-0 cynXbu image-embed  image-embed \"><picture class=\"sc-198be8ec-1 kOjRiQ\"><source media=\"(min-width: 975px)\" width=\"720\" height=\"480\" \/><img alt=\"El regalo de La China Su\u00e1rez para sus hijos tras su viaje con Mauro Icardi. Instagram.\" loading=\"lazy\" width=\"720\" height=\"480\" decoding=\"async\" data-nimg=\"1\" style=\"color:transparent\" src=\"https:\/\/13.com.ar\/wp-content\/uploads\/2025\/02\/1738956073_624_Mauro-Icardi-y-La-China-Suarez-regresaron-a-la-Argentina.jpg\"\/><span class=\"epigraphe\">El regalo de La China Su\u00e1rez para sus hijos tras su viaje con Mauro Icardi. Instagram.<\/span><span class=\"bkg\"\/><span class=\"picture-open\"><button class=\"open-image\" aria-label=\"Open Image\"\/><\/span><\/picture><\/div>\n<div class=\"sc-198be8ec-0 cynXbu image-embed  image-embed \"><picture class=\"sc-198be8ec-1 kOjRiQ\"><source media=\"(min-width: 975px)\" width=\"720\" height=\"480\" \/><img alt=\"Magnolia en el d\u00eda de su cumplea\u00f1os. Instagram.\" loading=\"lazy\" width=\"720\" height=\"480\" decoding=\"async\" data-nimg=\"1\" style=\"color:transparent\" src=\"https:\/\/13.com.ar\/wp-content\/uploads\/2025\/02\/1738956073_105_Mauro-Icardi-y-La-China-Suarez-regresaron-a-la-Argentina.jpg\"\/><span class=\"epigraphe\">Magnolia en el d\u00eda de su cumplea\u00f1os. Instagram.<\/span><span class=\"bkg\"\/><span class=\"picture-open\"><button class=\"open-image\" aria-label=\"Open Image\"\/><\/span><\/picture><\/div>\n<div class=\"sc-198be8ec-0 cynXbu image-embed  image-embed \"><picture class=\"sc-198be8ec-1 kOjRiQ\"><source media=\"(min-width: 975px)\" width=\"720\" height=\"480\" \/><img alt=\"Magnolia en el d\u00eda de su cumplea\u00f1os. Instagram.\" loading=\"lazy\" width=\"720\" height=\"480\" decoding=\"async\" data-nimg=\"1\" style=\"color:transparent\" src=\"https:\/\/13.com.ar\/wp-content\/uploads\/2025\/02\/1738956073_906_Mauro-Icardi-y-La-China-Suarez-regresaron-a-la-Argentina.jpg\"\/><span class=\"epigraphe\">Magnolia en el d\u00eda de su cumplea\u00f1os. Instagram.<\/span><span class=\"bkg\"\/><span class=\"picture-open\"><button class=\"open-image\" aria-label=\"Open Image\"\/><\/span><\/picture><\/div>\n<\/div>\n<p><br \/>\n<br \/><a href=\"https:\/\/www.clarin.com\/fama\/mauro-icardi-china-suarez-regresaron-argentina-avion-privado-turquia_0_XOb8XuZmVB.html\">Fuente Clarin.com <\/a><\/p>\n","protected":false},"excerpt":{"rendered":"<p>En la ma\u00f1ana del viernes Eugenia &#8220;La China&#8221; Su\u00e1rez y Mauro Icardi regresaron al pa\u00eds tras unas vacaciones en Italia y Turqu\u00eda La pareja lleg\u00f3 a Ezeiza en avi\u00f3n privado y fueron captados por las c\u00e1maras que se encontraban en el lugar esperando el regreso. En las im\u00e1genes a ella se la vio sonriendo y [&hellip;]<\/p>\n","protected":false},"author":1,"featured_media":2923,"comment_status":"open","ping_status":"open","sticky":false,"template":"","format":"standard","meta":{"footnotes":""},"categories":[2],"tags":[288,1418,72,2184,133,132,830,3376,131,2836],"class_list":["post-2922","post","type-post","status-publish","format-standard","has-post-thumbnail","hentry","category-ultimas-noticias","tag-argentina","tag-avion","tag-china","tag-desde","tag-icardi","tag-mauro","tag-privado","tag-regresaron","tag-suarez","tag-turquia"],"_links":{"self":[{"href":"https:\/\/13.com.ar\/index.php\/wp-json\/wp\/v2\/posts\/2922","targetHints":{"allow":["GET"]}}],"collection":[{"href":"https:\/\/13.com.ar\/index.php\/wp-json\/wp\/v2\/posts"}],"about":[{"href":"https:\/\/13.com.ar\/index.php\/wp-json\/wp\/v2\/types\/post"}],"author":[{"embeddable":true,"href":"https:\/\/13.com.ar\/index.php\/wp-json\/wp\/v2\/users\/1"}],"replies":[{"embeddable":true,"href":"https:\/\/13.com.ar\/index.php\/wp-json\/wp\/v2\/comments?post=2922"}],"version-history":[{"count":0,"href":"https:\/\/13.com.ar\/index.php\/wp-json\/wp\/v2\/posts\/2922\/revisions"}],"wp:featuredmedia":[{"embeddable":true,"href":"https:\/\/13.com.ar\/index.php\/wp-json\/wp\/v2\/media\/2923"}],"wp:attachment":[{"href":"https:\/\/13.com.ar\/index.php\/wp-json\/wp\/v2\/media?parent=2922"}],"wp:term":[{"taxonomy":"category","embeddable":true,"href":"https:\/\/13.com.ar\/index.php\/wp-json\/wp\/v2\/categories?post=2922"},{"taxonomy":"post_tag","embeddable":true,"href":"https:\/\/13.com.ar\/index.php\/wp-json\/wp\/v2\/tags?post=2922"}],"curies":[{"name":"wp","href":"https:\/\/api.w.org\/{rel}","templated":true}]}}