{"id":2920,"date":"2025-02-07T16:17:50","date_gmt":"2025-02-07T19:17:50","guid":{"rendered":"https:\/\/13.com.ar\/index.php\/na-esteira-de-trump-milei-quer-argentina-fora-do-acordo-de-paris-e-da-oms\/"},"modified":"2025-02-07T16:17:50","modified_gmt":"2025-02-07T19:17:50","slug":"na-esteira-de-trump-milei-quer-argentina-fora-do-acordo-de-paris-e-da-oms","status":"publish","type":"post","link":"https:\/\/13.com.ar\/index.php\/na-esteira-de-trump-milei-quer-argentina-fora-do-acordo-de-paris-e-da-oms\/","title":{"rendered":"Na esteira de Trump, Milei quer Argentina fora do Acordo de Paris e da OMS"},"content":{"rendered":"<p> <br \/>\n<br \/><img decoding=\"async\" src=\"https:\/\/13.com.ar\/wp-content\/uploads\/2025\/02\/Na-esteira-de-Trump-Milei-quer-Argentina-fora-do-Acordo.jpg\" \/><\/p>\n<div>\n<p>Nas \u00faltimas horas, o presidente da Argentina, Javier Milei, intensificou seus an\u00fancios nas \u00e1reas de pol\u00edtica interna e de pol\u00edtica externa. As mensagens de Milei ocorreram logo ap\u00f3s uma das maiores manifesta\u00e7\u00f5es no seu governo. No s\u00e1bado (1), a chamada \u2018Marcha contra o fascismo, contra o racismo \u2013 n\u00e3o voltamos mais para o arm\u00e1rio\u2019 reuniu milhares de pessoas na cidade de Buenos Aires e foi registrada tamb\u00e9m em outras cidades do interior do pa\u00eds. <\/p>\n<\/div>\n<div>\n<p>Segundo a pol\u00edcia da cidade de Buenos Aires, na capital argentina a multid\u00e3o foi estimada entre 80 mil e 100 mil. N\u00famero similar s\u00f3 havia sido registrado no ano passado durante a primeira manifesta\u00e7\u00e3o contr\u00e1ria aos planos de Milei de redu\u00e7\u00e3o do financiamento para as universidades p\u00fablicas. As palavras do presidente argentino durante discurso no F\u00f3rum Econ\u00f4mico de Davos, na Su\u00ed\u00e7a, quando fez associa\u00e7\u00e3o entre a homossexualidade e a pedofilia e indicou sua inten\u00e7\u00e3o de eliminar a tipifica\u00e7\u00e3o de feminic\u00eddio do C\u00f3digo Penal argentino foram o que levaram \u00e0 realiza\u00e7\u00e3o da marcha no fim de semana passado. <\/p>\n<\/div>\n<div>\n<p>As fam\u00edlias inteiras, de diferentes g\u00eaneros, se concentraram pacificamente em frente \u00e0 Casa Rosada, a sede da Presid\u00eancia argentina, ap\u00f3s uma caminhada que tinha sido iniciada na outra ponta da Avenida de Mayo, em frente ao Congresso Nacional. Milei disse que sua fala foi editada e atribuiu o fato \u00e0 esquerda \u2013 apesar de seu discurso, fazendo a associa\u00e7\u00e3o, ter sido visto nas emissoras de TV da Argentina. Tr\u00eas dias depois da marcha, o porta-voz da Presid\u00eancia, Manuel Adorni, anunciou a retirada da Argentina da Organiza\u00e7\u00e3o Mundial da Sa\u00fade (OMS). \u201cForam os ide\u00f3logos da quarentena carn\u00edvora\u201d, disse Adorni. O an\u00fancio gerou forte preocupa\u00e7\u00e3o entre os especialistas da \u00e1rea da sa\u00fade. O ex-ministro da Sa\u00fade, Adolfo Rubinstein, alertou que a Argentina ser\u00e1 prejudicada com a iniciativa. <\/p>\n<\/div>\n<div>\n<p>Ao contr\u00e1rio dos Estados Unidos, que fez o mesmo an\u00fancio dias atr\u00e1s, a Argentina n\u00e3o envia recursos milion\u00e1rios para a organiza\u00e7\u00e3o que \u00e9 ligada \u00e0 ONU. Rubinstein e outros especialistas notaram que a Argentina pode estar dando um passo para o isolamento internacional nesta \u00e1rea. Faltam ainda detalhes dessa inten\u00e7\u00e3o de Milei que, de acordo com analistas argentinos, deveria ser aprovada pelo Congresso Nacional. Num sinal que foi visto como improviso, a Argentina, segundo o governo, n\u00e3o sairia, por\u00e9m, da Organiza\u00e7\u00e3o Pan-Americana de Sa\u00fade (OPS) que \u00e9 subordinada \u00e0 OMS, como publicou o Clarin em espanhol. <\/p>\n<\/div>\n<div>\n<p>Na esteira de an\u00fancios similares ao do governo Trump, Milei disse em entrevista \u00e0 revista francesa Le Point que estuda a sa\u00edda da Argentina do Acordo de Paris. O Acordo de Paris, com a participa\u00e7\u00e3o de v\u00e1rios pa\u00edses, busca reduzir o aquecimento global. Milei j\u00e1 criticava o entendimento na campanha \u00e0 Presid\u00eancia, dizendo ser uma ideia equivocada da esquerda, dos socialistas. A Argentina ratificou o em 2016 e se, de fato, deix\u00e1-lo se unir\u00e1 aos Estados Unidos, ao Ir\u00e3, \u00e0 L\u00edbia e ao I\u00e9men. E deixar\u00e1 d\u00favidas sobre a participa\u00e7\u00e3o na COP-30, neste ano, em Bel\u00e9m, no Par\u00e1. <\/p>\n<\/div>\n<div>\n<p>Ser\u00e1 neste contexto de an\u00fancios sintonizados com a agenda de Trump que Milei voltar\u00e1 a embarcar para os Estados Unidos. O destino ser\u00e1 novamente Washington, onde esteve na posse de Trump, e, desta vez, para participar novamente da Confer\u00eancia da A\u00e7\u00e3o Pol\u00edtica Conservadora (CPAC), entre os dias 19 e 22 \u2013 com expectativa de poss\u00edvel novo encontro com o presidente dos Estados Unidos. A agenda de Milei deixa clara sua op\u00e7\u00e3o por um v\u00ednculo priorit\u00e1rio com a Casa Branca e pouco interesse pelos pa\u00edses vizinhos da Am\u00e9rica do Sul.<\/p>\n<\/div>\n<p><br \/>\n<br \/><a href=\"https:\/\/www.clarin.com\/clarin-em-portugues\/na-esteira-trump-milei-quer-argentina-fora-do-acordo-paris-da-oms_0_kN7XJ290mk.html\">Fuente Clarin.com <\/a><\/p>\n","protected":false},"excerpt":{"rendered":"<p>Nas \u00faltimas horas, o presidente da Argentina, Javier Milei, intensificou seus an\u00fancios nas \u00e1reas de pol\u00edtica interna e de pol\u00edtica externa. As mensagens de Milei ocorreram logo ap\u00f3s uma das maiores manifesta\u00e7\u00f5es no seu governo. No s\u00e1bado (1), a chamada \u2018Marcha contra o fascismo, contra o racismo \u2013 n\u00e3o voltamos mais para o arm\u00e1rio\u2019 reuniu [&hellip;]<\/p>\n","protected":false},"author":1,"featured_media":2921,"comment_status":"open","ping_status":"open","sticky":false,"template":"","format":"standard","meta":{"footnotes":""},"categories":[2],"tags":[1267,288,4926,4928,77,3325,1938,4927,179],"class_list":["post-2920","post","type-post","status-publish","format-standard","has-post-thumbnail","hentry","category-ultimas-noticias","tag-acordo","tag-argentina","tag-esteira","tag-fora","tag-milei","tag-oms","tag-paris","tag-quer","tag-trump"],"_links":{"self":[{"href":"https:\/\/13.com.ar\/index.php\/wp-json\/wp\/v2\/posts\/2920","targetHints":{"allow":["GET"]}}],"collection":[{"href":"https:\/\/13.com.ar\/index.php\/wp-json\/wp\/v2\/posts"}],"about":[{"href":"https:\/\/13.com.ar\/index.php\/wp-json\/wp\/v2\/types\/post"}],"author":[{"embeddable":true,"href":"https:\/\/13.com.ar\/index.php\/wp-json\/wp\/v2\/users\/1"}],"replies":[{"embeddable":true,"href":"https:\/\/13.com.ar\/index.php\/wp-json\/wp\/v2\/comments?post=2920"}],"version-history":[{"count":0,"href":"https:\/\/13.com.ar\/index.php\/wp-json\/wp\/v2\/posts\/2920\/revisions"}],"wp:featuredmedia":[{"embeddable":true,"href":"https:\/\/13.com.ar\/index.php\/wp-json\/wp\/v2\/media\/2921"}],"wp:attachment":[{"href":"https:\/\/13.com.ar\/index.php\/wp-json\/wp\/v2\/media?parent=2920"}],"wp:term":[{"taxonomy":"category","embeddable":true,"href":"https:\/\/13.com.ar\/index.php\/wp-json\/wp\/v2\/categories?post=2920"},{"taxonomy":"post_tag","embeddable":true,"href":"https:\/\/13.com.ar\/index.php\/wp-json\/wp\/v2\/tags?post=2920"}],"curies":[{"name":"wp","href":"https:\/\/api.w.org\/{rel}","templated":true}]}}