{"id":2918,"date":"2025-02-07T15:57:53","date_gmt":"2025-02-07T18:57:53","guid":{"rendered":"https:\/\/13.com.ar\/index.php\/tragico-incendio-de-una-casa-en-campana-murieron-cuatro-nenes\/"},"modified":"2025-02-07T15:57:53","modified_gmt":"2025-02-07T18:57:53","slug":"tragico-incendio-de-una-casa-en-campana-murieron-cuatro-nenes","status":"publish","type":"post","link":"https:\/\/13.com.ar\/index.php\/tragico-incendio-de-una-casa-en-campana-murieron-cuatro-nenes\/","title":{"rendered":"Tr\u00e1gico incendio de una casa en Campana: murieron cuatro nenes"},"content":{"rendered":"<p> <br \/>\n<br \/><img decoding=\"async\" src=\"https:\/\/13.com.ar\/wp-content\/uploads\/2025\/02\/Tragico-incendio-de-una-casa-en-Campana-murieron-cuatro-nenes.jpg\" \/><\/p>\n<div>\n<p>Cuatro nenes murieron este viernes en el <strong>incendio de su casa en Campana<\/strong>. El fuego comenz\u00f3 en la cocina de la vivienda y la madre sali\u00f3 desesperada a pedir auxilio. Los chicos quedaron atrapados por las llamas y el humo. <\/p>\n<\/div>\n<div>\n<p>Los fallecidos fueron identificados como Jonathan Mi\u00f1o (8 a\u00f1os), Daniel (7), Camila (4) y Emi (2). Al momento del incendio estaban dentro de la casa, ubicada en la calle Maip\u00fa al 400, en el barrio Dallera. <\/p>\n<\/div>\n<div>\n<p>Al menos tres de los nenes jugaban en la misma habitaci\u00f3n, indic\u00f3 el portal InfoZC. Los vecinos intentaron rescatarlos destruyendo una pared, aunque no tuvieron \u00e9xito en el improvisado operativo de salvataje.<\/p>\n<\/div>\n<div>\n<p>A trav\u00e9s de una ventana, los vecinos vieron a los chicos desvanecidos sobre una cama de la habitaci\u00f3n en la que estaban jugando, se\u00f1al\u00f3 <em>TN<\/em>. Los bomberos llegaron a sacar a uno de los nenes, pero cuando fueron a buscar al resto la casa ya estaba envuelta en llamas.<\/p>\n<\/div>\n<div>\n<p>Isabel, la madre, qued\u00f3 internada en el Hospital San Jos\u00e9 con quemaduras graves. Trabajaron tambi\u00e9n la Polic\u00eda y el SAME. Las autoridades investigan las causas del fuego. Al momento del inicio del incendio, la madre estaba cocinando.<\/p>\n<\/div>\n<div>\n<p>El intendente Sebasti\u00e1n Abella estuvo en el lugar y decret\u00f3 tres d\u00edas de luto.<\/p>\n<\/div>\n<p><br \/>\n<br \/><a href=\"https:\/\/www.clarin.com\/ciudades\/tragedia-campana-incendio-casa-murieron-nenes_0_VYcEzkMmk3.html\">Fuente Clarin.com <\/a><\/p>\n","protected":false},"excerpt":{"rendered":"<p>Cuatro nenes murieron este viernes en el incendio de su casa en Campana. El fuego comenz\u00f3 en la cocina de la vivienda y la madre sali\u00f3 desesperada a pedir auxilio. Los chicos quedaron atrapados por las llamas y el humo. Los fallecidos fueron identificados como Jonathan Mi\u00f1o (8 a\u00f1os), Daniel (7), Camila (4) y Emi [&hellip;]<\/p>\n","protected":false},"author":1,"featured_media":2919,"comment_status":"open","ping_status":"open","sticky":false,"template":"","format":"standard","meta":{"footnotes":""},"categories":[2],"tags":[2813,108,1932,2632,1787,2158,3465,73],"class_list":["post-2918","post","type-post","status-publish","format-standard","has-post-thumbnail","hentry","category-ultimas-noticias","tag-campana","tag-casa","tag-cuatro","tag-incendio","tag-murieron","tag-nenes","tag-tragico","tag-una"],"_links":{"self":[{"href":"https:\/\/13.com.ar\/index.php\/wp-json\/wp\/v2\/posts\/2918","targetHints":{"allow":["GET"]}}],"collection":[{"href":"https:\/\/13.com.ar\/index.php\/wp-json\/wp\/v2\/posts"}],"about":[{"href":"https:\/\/13.com.ar\/index.php\/wp-json\/wp\/v2\/types\/post"}],"author":[{"embeddable":true,"href":"https:\/\/13.com.ar\/index.php\/wp-json\/wp\/v2\/users\/1"}],"replies":[{"embeddable":true,"href":"https:\/\/13.com.ar\/index.php\/wp-json\/wp\/v2\/comments?post=2918"}],"version-history":[{"count":0,"href":"https:\/\/13.com.ar\/index.php\/wp-json\/wp\/v2\/posts\/2918\/revisions"}],"wp:featuredmedia":[{"embeddable":true,"href":"https:\/\/13.com.ar\/index.php\/wp-json\/wp\/v2\/media\/2919"}],"wp:attachment":[{"href":"https:\/\/13.com.ar\/index.php\/wp-json\/wp\/v2\/media?parent=2918"}],"wp:term":[{"taxonomy":"category","embeddable":true,"href":"https:\/\/13.com.ar\/index.php\/wp-json\/wp\/v2\/categories?post=2918"},{"taxonomy":"post_tag","embeddable":true,"href":"https:\/\/13.com.ar\/index.php\/wp-json\/wp\/v2\/tags?post=2918"}],"curies":[{"name":"wp","href":"https:\/\/api.w.org\/{rel}","templated":true}]}}