{"id":2914,"date":"2025-02-07T15:51:56","date_gmt":"2025-02-07T18:51:56","guid":{"rendered":"https:\/\/13.com.ar\/index.php\/el-periodista-rosarino-que-revelo-abusos-familiares-en-camara-deja-la-tv-y-se-suma-a-la-libertad-avanza\/"},"modified":"2025-02-07T15:51:56","modified_gmt":"2025-02-07T18:51:56","slug":"el-periodista-rosarino-que-revelo-abusos-familiares-en-camara-deja-la-tv-y-se-suma-a-la-libertad-avanza","status":"publish","type":"post","link":"https:\/\/13.com.ar\/index.php\/el-periodista-rosarino-que-revelo-abusos-familiares-en-camara-deja-la-tv-y-se-suma-a-la-libertad-avanza\/","title":{"rendered":"El periodista rosarino que revel\u00f3 abusos familiares en c\u00e1mara deja la TV y se suma a La Libertad Avanza"},"content":{"rendered":"<p> <br \/>\n<br \/><img decoding=\"async\" src=\"https:\/\/13.com.ar\/wp-content\/uploads\/2025\/02\/El-periodista-rosarino-que-revelo-abusos-familiares-en-camara-deja.jpg\" \/><\/p>\n<div>\n<p>El periodista rosarino Juan Pedro Aleart, que en abril del a\u00f1o pasado revel\u00f3 mientras conduc\u00eda el noticiero de Canal 3 que fue v\u00edctima de abusos por parte de su familia, anunci\u00f3 este viernes que <strong>deja la TV para meterse en pol\u00edtica y se suma a las filas de La Libertad Avanza<\/strong>. <\/p>\n<\/div>\n<div>\n<p>Aleart, uno de los comunicadores m\u00e1s escuchados de Rosario, ser\u00e1 el <strong>candidato de Milei en Santa Fe<\/strong> de cara a las elecciones legislativas. <\/p>\n<\/div>\n<div>\n<p>&#8220;Decid\u00ed involucrarme en el futuro de Santa Fe y de la ciudad que amo, Rosario, y lo voy a hacer desde la fuerza pol\u00edtica con la que <strong>me siento identificado por la forma de pensar y actuar<\/strong>, que es la fuerza del Presidente de la Naci\u00f3n&#8221;, destac\u00f3 Aleart al anunciar ese paso al aire, en el que, seg\u00fan se\u00f1al\u00f3, fue su \u00faltimo programa.<\/p>\n<\/div>\n<div>\n<p>La bienvenida al espacio libertario se la dio la diputada nacional Romina Diez, ahora mano derecha de Karina Milei. &#8220;Bienvenido Juan Pedro Aleart a La Libertad Avanza! Hombre \u00edntegro, resiliente, que siempre luch\u00f3 por la verdad y por lo que es correcto. Ahora se suma a la batalla por un pa\u00eds mejor junto a nuestro Presidente Javier Milei&#8221;, escribi\u00f3 Diez en X.<\/p>\n<\/div>\n<div>\n<p>Aleart, emocionado, record\u00f3 que estuvo 17 a\u00f1os trabajando en Televisi\u00f3n Litoral. &#8220;Esta decisi\u00f3n me va a impedir ejercer mi profesi\u00f3n pero uno nunca sabe, qui\u00e9n dice, que nos volvamos a encontrar en alg\u00fan momento, en alguna pantalla, uno nunca sabe, pero <strong>para seguir creciendo hay que tomar decisiones<\/strong> y esta es la m\u00eda&#8221;, sostuvo al despedirse. <\/p>\n<\/div>\n<div>\n<p>Pese a su reconocimiento desde hace a\u00f1os en Rosario, Aleart tuvo trascendencia nacional cuando en abril del a\u00f1o pasado se sent\u00f3 en la silla y frente a c\u00e1mara en el noticiero De 12 a 14 y relat\u00f3 el calvario por el que pas\u00f3 junto a sus hermanos. <\/p>\n<\/div>\n<div>\n<p>Habl\u00f3 de su padre y cont\u00f3 que se alej\u00f3 de \u00e9l porque era &#8220;violento y abusador&#8221;. Y revel\u00f3 que el hombre, seg\u00fan cont\u00f3 y denunci\u00f3 ante la Justicia, ten\u00eda HIV y a\u00fan as\u00ed abus\u00f3 de su hermana desde que ella ten\u00eda tres a\u00f1os.<\/p>\n<\/div>\n<div>\n<p>Seg\u00fan trascendi\u00f3, Aleart ser\u00e1 precandidato a convencional constituyente por La Libertad Avanza, que se realizar\u00e1n el 13 de abril.<\/p>\n<\/div>\n<p><br \/>\n<br \/><a href=\"https:\/\/www.clarin.com\/politica\/periodista-rosarino-revelo-abusos-familiares-camara-deja-tv-suma-libertad-avanza_0_GhkU9ePe1k.html\">Fuente Clarin.com <\/a><\/p>\n","protected":false},"excerpt":{"rendered":"<p>El periodista rosarino Juan Pedro Aleart, que en abril del a\u00f1o pasado revel\u00f3 mientras conduc\u00eda el noticiero de Canal 3 que fue v\u00edctima de abusos por parte de su familia, anunci\u00f3 este viernes que deja la TV para meterse en pol\u00edtica y se suma a las filas de La Libertad Avanza. Aleart, uno de los [&hellip;]<\/p>\n","protected":false},"author":1,"featured_media":2915,"comment_status":"open","ping_status":"open","sticky":false,"template":"","format":"standard","meta":{"footnotes":""},"categories":[2],"tags":[4925,253,1788,482,929,1792,390,241,4924,9],"class_list":["post-2914","post","type-post","status-publish","format-standard","has-post-thumbnail","hentry","category-ultimas-noticias","tag-abusos","tag-avanza","tag-camara","tag-deja","tag-familiares","tag-libertad","tag-periodista","tag-revelo","tag-rosarino","tag-suma"],"_links":{"self":[{"href":"https:\/\/13.com.ar\/index.php\/wp-json\/wp\/v2\/posts\/2914","targetHints":{"allow":["GET"]}}],"collection":[{"href":"https:\/\/13.com.ar\/index.php\/wp-json\/wp\/v2\/posts"}],"about":[{"href":"https:\/\/13.com.ar\/index.php\/wp-json\/wp\/v2\/types\/post"}],"author":[{"embeddable":true,"href":"https:\/\/13.com.ar\/index.php\/wp-json\/wp\/v2\/users\/1"}],"replies":[{"embeddable":true,"href":"https:\/\/13.com.ar\/index.php\/wp-json\/wp\/v2\/comments?post=2914"}],"version-history":[{"count":0,"href":"https:\/\/13.com.ar\/index.php\/wp-json\/wp\/v2\/posts\/2914\/revisions"}],"wp:featuredmedia":[{"embeddable":true,"href":"https:\/\/13.com.ar\/index.php\/wp-json\/wp\/v2\/media\/2915"}],"wp:attachment":[{"href":"https:\/\/13.com.ar\/index.php\/wp-json\/wp\/v2\/media?parent=2914"}],"wp:term":[{"taxonomy":"category","embeddable":true,"href":"https:\/\/13.com.ar\/index.php\/wp-json\/wp\/v2\/categories?post=2914"},{"taxonomy":"post_tag","embeddable":true,"href":"https:\/\/13.com.ar\/index.php\/wp-json\/wp\/v2\/tags?post=2914"}],"curies":[{"name":"wp","href":"https:\/\/api.w.org\/{rel}","templated":true}]}}