{"id":2912,"date":"2025-02-07T15:48:36","date_gmt":"2025-02-07T18:48:36","guid":{"rendered":"https:\/\/13.com.ar\/index.php\/abrio-el-outlet-de-marcas-premium-en-la-rural-y-hubo-sorpresas-con-las-marcas\/"},"modified":"2025-02-07T15:48:36","modified_gmt":"2025-02-07T18:48:36","slug":"abrio-el-outlet-de-marcas-premium-en-la-rural-y-hubo-sorpresas-con-las-marcas","status":"publish","type":"post","link":"https:\/\/13.com.ar\/index.php\/abrio-el-outlet-de-marcas-premium-en-la-rural-y-hubo-sorpresas-con-las-marcas\/","title":{"rendered":"Abri\u00f3 el outlet de marcas premium en La Rural y hubo sorpresas con las marcas"},"content":{"rendered":"<p> <br \/>\n<\/p>\n<div id=\"cuerpo\">\n<div class=\"sc-80531b6b-0 chRIGJ container-text text-embed\">\n<p>El reloj marc\u00f3 el mediod\u00eda y las puertas de Re Outlet! se abrieron por primera vez en La Rural. Desde las 11.30, una fila de ansiosos compradores ya se extend\u00eda por la entrada, listos para cazar ofertas en un evento que <strong>funcionar\u00e1 como prueba piloto<\/strong> hasta el 5 de marzo. <\/p>\n<\/div>\n<div class=\"sc-80531b6b-0 chRIGJ container-text text-embed\">\n<p>La gran expectativa estaba puesta en las marcas internacionales que a\u00fan no tienen presencia oficial en el pa\u00eds, como H&amp;M, Forever 21, Bershka y Pull &amp; Bear, reunidas en un espacio dentro del predio denominado &#8220;Premium Market&#8221;. Sin embargo<strong>, la emoci\u00f3n inicial fue dando paso a la sorpresa<\/strong>.<\/p>\n<\/div>\n<div class=\"sc-80531b6b-0 chRIGJ container-text text-embed\">\n<p>El p\u00fablico termin\u00f3 inclin\u00e1ndose mayormente por las tiendas deportivas, donde <strong>las zapatillas fueron el producto estrella<\/strong>. En varios locales, modelos con precios originales de $ 99.999 se vend\u00edan con descuentos del 20% o incluso del 50%, llegando a costar entre $ 39.999 y $ 79.000 en los casos m\u00e1s econ\u00f3micos. Para modelos m\u00e1s recientes y costosos, los valores rondaban los $125.000 rebajados hasta el 30%.<\/p>\n<\/div>\n<div class=\"sc-80531b6b-0 chRIGJ container-text text-embed\">\n<p>&#8220;Vine por la ropa importada para mi novia, porque quedamos en que le iba a pasar fotos, pero <strong>termin\u00e9 en la parte de zapatillas<\/strong> porque los descuentos realmente valen la pena y est\u00e1n buenas&#8221;, se\u00f1al\u00f3 Mat\u00edas Jerez, un joven de 27 a\u00f1os que lleg\u00f3 desde Villa Urquiza en busca de una ganga.<\/p>\n<\/div>\n<div class=\"sc-80531b6b-0 chRIGJ container-text text-embed\">\n<p>Abierto de 12 a 20 y con m\u00e1s de 40 marcas participantes, la propuesta del Grupo IRSA busca atraer a un p\u00fablico diverso con descuentos y opciones de financiaci\u00f3n atractivas.<\/p>\n<\/div>\n<div class=\"sc-198be8ec-0 cynXbu image-embed  image-embed \"><picture class=\"sc-198be8ec-1 kOjRiQ\"><source media=\"(min-width: 975px)\" width=\"720\" height=\"480\" \/><img alt=\"Clientas en uno de los locales. Foto Guillermo Rodr\u00edguez Adami\" loading=\"lazy\" width=\"720\" height=\"480\" decoding=\"async\" data-nimg=\"1\" style=\"color:transparent\" src=\"https:\/\/13.com.ar\/wp-content\/uploads\/2025\/02\/Abrio-el-outlet-de-marcas-premium-en-La-Rural-y.jpg\"\/><span class=\"epigraphe\">Clientas en uno de los locales. Foto Guillermo Rodr\u00edguez Adami<\/span><span class=\"bkg\"\/><span class=\"picture-open\"><button class=\"open-image\" aria-label=\"Open Image\"\/><\/span><\/picture><\/div>\n<div class=\"sc-80531b6b-0 chRIGJ container-text text-embed\">\n<p>Estas distintas opciones de pago se vieron por ejemplo en las marcas deportivas: algunas permit\u00edan financiar en 6 cuotas sin inter\u00e9s, mientras que en otros locales los planes iban de 3 a 6 cuotas con determinadas tarjetas de cr\u00e9dito o hab\u00eda descuentos adicionales de hasta el 30% con billeteras electr\u00f3nicas. <\/p>\n<\/div>\n<div class=\"sc-80531b6b-0 chRIGJ container-text text-embed\">\n<p>Cuando abrieron las puertas, la mayor\u00eda de las mujeres se inclinaron sin pensarlo a los  locales de H&amp;M, Forever 21 y Bershka, pero <strong>hubo decepci\u00f3n<\/strong> cuando los visitantes notaron que muchas de las prendas disponibles pertenec\u00edan a temporadas anteriores.<\/p>\n<\/div>\n<div class=\"sc-198be8ec-0 cynXbu image-embed  image-embed \"><picture class=\"sc-198be8ec-1 kOjRiQ\"><source media=\"(min-width: 975px)\" width=\"720\" height=\"480\" \/><img alt=\"Clientes buscando prendas en uno de los locales de las marcas internacionales. Hubo quejas por prendas &quot;desactualizadas&quot;. Foto Guillermo Rodr\u00edguez Adami\" loading=\"lazy\" width=\"720\" height=\"480\" decoding=\"async\" data-nimg=\"1\" style=\"color:transparent\" src=\"https:\/\/13.com.ar\/wp-content\/uploads\/2025\/02\/1738954116_414_Abrio-el-outlet-de-marcas-premium-en-La-Rural-y.jpg\"\/><span class=\"epigraphe\">Clientes buscando prendas en uno de los locales de las marcas internacionales. Hubo quejas por prendas &#8220;desactualizadas&#8221;. Foto Guillermo Rodr\u00edguez Adami<\/span><span class=\"bkg\"\/><span class=\"picture-open\"><button class=\"open-image\" aria-label=\"Open Image\"\/><\/span><\/picture><\/div>\n<div class=\"sc-80531b6b-0 chRIGJ container-text text-embed\">\n<p>&#8220;Me compr\u00e9 una remera a $ 15.000, pero <strong>no es como cualquier H&amp;M al que vas afuera<\/strong>. Hay ropa muy desactualizada, aunque las camperas s\u00ed valen la pena, algunas est\u00e1n a $ 99.000&#8243;, coment\u00f3 Andrea Sol\u00eds, quien lleg\u00f3 desde Caballito junto a su hija Ana, atra\u00edda por la promesa del desembarco de las prendas del exterior.<\/p>\n<\/div>\n<div class=\"sc-80531b6b-0 chRIGJ container-text text-embed\">\n<p>Desde la organizaci\u00f3n, Juliana Gonz\u00e1lez, referente de Re Outlet, explic\u00f3 que la naturaleza de los outlets es precisamente <strong>ofrecer productos de temporadas pasadas<\/strong>. &#8220;Siempre en los outlets encontr\u00e1s ediciones anteriores. No es temporada actual&#8221;, aclar\u00f3.<\/p>\n<\/div>\n<p><h2>M\u00e1s all\u00e1 del calzado: las oportunidades en indumentaria<\/h2>\n<\/p>\n<div class=\"sc-80531b6b-0 chRIGJ container-text text-embed\">\n<p>Si bien el furor se concentr\u00f3 en las zapatillas, otras tiendas tambi\u00e9n lograron captar la atenci\u00f3n. En Portsaid, por ejemplo, toda la tienda ten\u00eda promoci\u00f3n de 2&#215;1, permitiendo llevarse un jean de $ 54.000 y un blazer de $ 70.000 <strong>pagando s\u00f3lo el precio de la prenda m\u00e1s cara<\/strong>.<\/p>\n<\/div>\n<div class=\"sc-80531b6b-0 chRIGJ container-text text-embed\">\n<p>&#8220;La ropa ac\u00e1 no solo est\u00e1 linda, sino que es de buena calidad y no pasa de moda. Me encant\u00f3, y mir\u00e1 la fila que hay&#8221;, coment\u00f3 Susana Lencina, otra visitante que se mostr\u00f3 satisfecha con las ofertas. <\/p>\n<\/div>\n<div class=\"sc-198be8ec-0 cynXbu image-embed  image-embed \"><picture class=\"sc-198be8ec-1 kOjRiQ\"><source media=\"(min-width: 975px)\" width=\"720\" height=\"480\" \/><img alt=\"La entrada del outlet, en La Rural. Foto Guillermo Rodr\u00edguez Adami\" loading=\"lazy\" width=\"720\" height=\"480\" decoding=\"async\" data-nimg=\"1\" style=\"color:transparent\" src=\"https:\/\/13.com.ar\/wp-content\/uploads\/2025\/02\/1738954116_289_Abrio-el-outlet-de-marcas-premium-en-La-Rural-y.jpg\"\/><span class=\"epigraphe\">La entrada del outlet, en La Rural. Foto Guillermo Rodr\u00edguez Adami<\/span><span class=\"bkg\"\/><span class=\"picture-open\"><button class=\"open-image\" aria-label=\"Open Image\"\/><\/span><\/picture><\/div>\n<div class=\"sc-80531b6b-0 chRIGJ container-text text-embed\">\n<p>En Markova, otra marca de indumentaria femenina, una campera de cuero pod\u00eda conseguirse por $ 60.000, precio que, seg\u00fan una vendedora, resultaba mucho m\u00e1s conveniente que en otros outlets como el de Distrito Arcos, donde el mismo modelo cuesta $ 100.000.<\/p>\n<\/div>\n<p><h2>Un debut con buena respuesta y posibilidad de extenderse<\/h2>\n<\/p>\n<div class=\"sc-80531b6b-0 chRIGJ container-text text-embed\">\n<p>&#8220;<strong>Nos sorprendi\u00f3 la cantidad de gente que vino<\/strong>. Es una primera edici\u00f3n y estamos probando c\u00f3mo funciona. Si sigue con buena repercusi\u00f3n, la idea es extenderlo. Ac\u00e1 tenes precios que en otro lado no encontr\u00e1s. Por ejemplo, en Cheeky ten\u00e9s buzos a $ 16.000, son ofertas que no encontr\u00e1s en otros lados y adem\u00e1s lo pod\u00e9s hacer en cuotas&#8221;, afirm\u00f3 Juliana Gonz\u00e1lez y agreg\u00f3 que &#8220;a medida que pasen los d\u00edas las distintas marcas <strong>van a seguir trayendo m\u00e1s mercader\u00eda<\/strong>&#8220;.<\/p>\n<\/div>\n<div class=\"sc-198be8ec-0 cynXbu image-embed  image-embed \"><picture class=\"sc-198be8ec-1 kOjRiQ\"><source media=\"(min-width: 975px)\" width=\"720\" height=\"480\" \/><img alt=\"Una clienta con decena de zapatillas en uno de los locales. Foto Guillermo Rodr\u00edguez Adami\" loading=\"lazy\" width=\"720\" height=\"480\" decoding=\"async\" data-nimg=\"1\" style=\"color:transparent\" src=\"https:\/\/13.com.ar\/wp-content\/uploads\/2025\/02\/1738954116_364_Abrio-el-outlet-de-marcas-premium-en-La-Rural-y.jpg\"\/><span class=\"epigraphe\">Una clienta con decena de zapatillas en uno de los locales. Foto Guillermo Rodr\u00edguez Adami<\/span><span class=\"bkg\"\/><span class=\"picture-open\"><button class=\"open-image\" aria-label=\"Open Image\"\/><\/span><\/picture><\/div>\n<div class=\"sc-80531b6b-0 chRIGJ container-text text-embed\">\n<p>Con filas en la entrada y clientes con calculadora en mano sacando cuentas para aprovechar los descuentos, Re Outlet arranc\u00f3 con fuerza. Resta ver c\u00f3mo evolucionar\u00e1 la convocatoria en las pr\u00f3ximas semanas y si esta prueba piloto se convertir\u00e1 en una propuesta fija dentro de <strong>la oferta comercial\u00a0de\u00a0la\u00a0Ciudad<\/strong>.<\/p>\n<\/div>\n<\/div>\n<p><br \/>\n<br \/><a href=\"https:\/\/www.clarin.com\/sociedad\/abrio-outlet-marcas-premium-rural-sorpresas-marcas_0_H9h86UNpMa.html\">Fuente Clarin.com <\/a><\/p>\n","protected":false},"excerpt":{"rendered":"<p>El reloj marc\u00f3 el mediod\u00eda y las puertas de Re Outlet! se abrieron por primera vez en La Rural. Desde las 11.30, una fila de ansiosos compradores ya se extend\u00eda por la entrada, listos para cazar ofertas en un evento que funcionar\u00e1 como prueba piloto hasta el 5 de marzo. La gran expectativa estaba puesta [&hellip;]<\/p>\n","protected":false},"author":1,"featured_media":2913,"comment_status":"open","ping_status":"open","sticky":false,"template":"","format":"standard","meta":{"footnotes":""},"categories":[2],"tags":[4240,18,1633,48,4045,4044,3448,3580,4923],"class_list":["post-2912","post","type-post","status-publish","format-standard","has-post-thumbnail","hentry","category-ultimas-noticias","tag-abrio","tag-con","tag-hubo","tag-las","tag-marcas","tag-outlet","tag-premium","tag-rural","tag-sorpresas"],"_links":{"self":[{"href":"https:\/\/13.com.ar\/index.php\/wp-json\/wp\/v2\/posts\/2912","targetHints":{"allow":["GET"]}}],"collection":[{"href":"https:\/\/13.com.ar\/index.php\/wp-json\/wp\/v2\/posts"}],"about":[{"href":"https:\/\/13.com.ar\/index.php\/wp-json\/wp\/v2\/types\/post"}],"author":[{"embeddable":true,"href":"https:\/\/13.com.ar\/index.php\/wp-json\/wp\/v2\/users\/1"}],"replies":[{"embeddable":true,"href":"https:\/\/13.com.ar\/index.php\/wp-json\/wp\/v2\/comments?post=2912"}],"version-history":[{"count":0,"href":"https:\/\/13.com.ar\/index.php\/wp-json\/wp\/v2\/posts\/2912\/revisions"}],"wp:featuredmedia":[{"embeddable":true,"href":"https:\/\/13.com.ar\/index.php\/wp-json\/wp\/v2\/media\/2913"}],"wp:attachment":[{"href":"https:\/\/13.com.ar\/index.php\/wp-json\/wp\/v2\/media?parent=2912"}],"wp:term":[{"taxonomy":"category","embeddable":true,"href":"https:\/\/13.com.ar\/index.php\/wp-json\/wp\/v2\/categories?post=2912"},{"taxonomy":"post_tag","embeddable":true,"href":"https:\/\/13.com.ar\/index.php\/wp-json\/wp\/v2\/tags?post=2912"}],"curies":[{"name":"wp","href":"https:\/\/api.w.org\/{rel}","templated":true}]}}