{"id":2910,"date":"2025-02-07T15:29:37","date_gmt":"2025-02-07T18:29:37","guid":{"rendered":"https:\/\/13.com.ar\/index.php\/envalentonado-el-oficialismo-ahora-quiere-votar-ficha-limpia-el-miercoles-que-viene\/"},"modified":"2025-02-07T15:29:37","modified_gmt":"2025-02-07T18:29:37","slug":"envalentonado-el-oficialismo-ahora-quiere-votar-ficha-limpia-el-miercoles-que-viene","status":"publish","type":"post","link":"https:\/\/13.com.ar\/index.php\/envalentonado-el-oficialismo-ahora-quiere-votar-ficha-limpia-el-miercoles-que-viene\/","title":{"rendered":"Envalentonado, el oficialismo ahora quiere votar Ficha Limpia el mi\u00e9rcoles que viene"},"content":{"rendered":"<p> <br \/>\n<br \/><img decoding=\"async\" src=\"https:\/\/13.com.ar\/wp-content\/uploads\/2025\/02\/Envalentonado-el-oficialismo-ahora-quiere-votar-Ficha-Limpia-el-miercoles.jpg\" \/><\/p>\n<div id=\"cuerpo\">\n<div class=\"sc-80531b6b-0 chRIGJ container-text text-embed\">\n<p>Envalentonado con la victoria reciente, el oficialismo de Diputados ahora convoc\u00f3 a una <strong>sesi\u00f3n para el mi\u00e9rcoles que viene, a las 10, con el objetivo de conseguir la media sanci\u00f3n del proyecto de Ficha Limpia.<\/strong><\/p>\n<\/div>\n<div class=\"sc-80531b6b-0 chRIGJ container-text text-embed\">\n<p>Al tratarse de un tema electoral, la norma necesita mayor\u00eda especial para ser aprobada: es decir<strong>, 129 votos afirmativos.<\/strong> Igual que la suspensi\u00f3n de las PASO. Sin embargo, en este caso, <strong>se descarta que puedan haber apoyos provenientes del peronismo que durante el debate se\u00f1al\u00f3 que el proyecto solo busca proscribir a Cristina Kirchner, condenada en noviembre, segunda instancia, en la causa Vialidad.<\/strong><\/p>\n<\/div>\n<div class=\"sc-80531b6b-0 chRIGJ container-text text-embed\">\n<p>La sesi\u00f3n fue pedida por<strong> diputados del PRO, La Libertad Avanza, la UCR de Rodrigo De Loredo y La Coalici\u00f3n C\u00edvica que comanda Juan L\u00f3pez. Tambi\u00e9n el cordob\u00e9s del bloque federal, el ex PRO Oscar Agost Carre\u00f1o.<\/strong><\/p>\n<\/div>\n<div class=\"sc-80531b6b-0 chRIGJ container-text text-embed\">\n<p>Los radicales y la Coalici\u00f3n ya hab\u00edan firmado el dictamen del oficialismo, aunque en disidencia. Carre\u00f1o firm\u00f3 un dictamen propio junto con su compa\u00f1era de bancada, Margarita Stolbizer.<\/p>\n<\/div>\n<div class=\"sc-80531b6b-0 chRIGJ container-text text-embed\">\n<p>&#8220;Nosotros marcamos la diferencia porque pedimos incluir delitos dolosos, incluso creemos que con una condena confirmada alcanza para que aplique, entre otros puntos. Pero lo principal es que todo el mundo deje de poner excusas y que esto se apruebe&#8221;, se\u00f1al\u00f3 L\u00f3pez a <strong>Clar\u00edn <\/strong><\/p>\n<\/div>\n<p><h2>Los puntos principales del proyecto<\/h2>\n<\/p>\n<div class=\"sc-80531b6b-0 chRIGJ container-text text-embed\">\n<p><strong>El nuevo proyecto, elaborado por el exdiputado radical y actual ministro de Defensa, Luis Petri<\/strong>, con el respaldo de la legisladora PRO, Silvia Lospennato, conserva el n\u00facleo del dictamen original: establece la prohibici\u00f3n de que personas con condenas confirmadas en segunda instancia por delitos de corrupci\u00f3n puedan postularse como candidatos.<\/p>\n<\/div>\n<div class=\"sc-80531b6b-0 chRIGJ container-text text-embed\">\n<p>Se mantienen los mismos delitos del texto original: &#8220;Cohecho y tr\u00e1fico de influencia, fraude, malversaci\u00f3n de caudales p\u00fablicos, negociaciones incompatibles con el ejercicio de funciones p\u00fablicas, exacciones ilegales, enriquecimiento il\u00edcito de funcionarios y empleados p\u00fablicos y encubrimiento&#8221;.<\/p>\n<\/div>\n<div class=\"sc-80531b6b-0 chRIGJ container-text text-embed\">\n<p>Pero el principal cambio es que el Gobierno incorpor\u00f3 un plazo: el impedimento a ser candidato aplica si la segunda condena ocurre antes del 31 de diciembre del a\u00f1o anterior a los comicios.<\/p>\n<\/div>\n<div class=\"sc-80531b6b-0 chRIGJ container-text text-embed\">\n<p>A su vez, extiende su alcance: no solo aplicar\u00e1 a quienes deseen ser candidatos, sino tambi\u00e9n a los funcionarios.<\/p>\n<\/div>\n<div class=\"sc-80531b6b-0 chRIGJ container-text text-embed\">\n<p>El texto detalla: &#8220;No podr\u00e1n ser designadas como Jefe de Gabinete de Ministros, Ministros, Secretarios, Subsecretarios, autoridades de entes y organismos descentralizados e instituciones de la Seguridad Social, integrantes de cuerpos colegiados, personal diplom\u00e1tico en actividad conforme a la Ley del Servicio Exterior&#8221;.<\/p>\n<\/div>\n<\/div>\n<p><br \/>\n<br \/><a href=\"https:\/\/www.clarin.com\/politica\/envalentonado-oficialismo-ahora-quiere-votar-ficha-limpia-miercoles-viene_0_8Z5yvVEbj7.html\">Fuente Clarin.com <\/a><\/p>\n","protected":false},"excerpt":{"rendered":"<p>Envalentonado con la victoria reciente, el oficialismo de Diputados ahora convoc\u00f3 a una sesi\u00f3n para el mi\u00e9rcoles que viene, a las 10, con el objetivo de conseguir la media sanci\u00f3n del proyecto de Ficha Limpia. Al tratarse de un tema electoral, la norma necesita mayor\u00eda especial para ser aprobada: es decir, 129 votos afirmativos. Igual [&hellip;]<\/p>\n","protected":false},"author":1,"featured_media":2911,"comment_status":"open","ping_status":"open","sticky":false,"template":"","format":"standard","meta":{"footnotes":""},"categories":[2],"tags":[1412,4922,4236,4237,667,3658,1273,436,1416],"class_list":["post-2910","post","type-post","status-publish","format-standard","has-post-thumbnail","hentry","category-ultimas-noticias","tag-ahora","tag-envalentonado","tag-ficha","tag-limpia","tag-miercoles","tag-oficialismo","tag-quiere","tag-viene","tag-votar"],"_links":{"self":[{"href":"https:\/\/13.com.ar\/index.php\/wp-json\/wp\/v2\/posts\/2910","targetHints":{"allow":["GET"]}}],"collection":[{"href":"https:\/\/13.com.ar\/index.php\/wp-json\/wp\/v2\/posts"}],"about":[{"href":"https:\/\/13.com.ar\/index.php\/wp-json\/wp\/v2\/types\/post"}],"author":[{"embeddable":true,"href":"https:\/\/13.com.ar\/index.php\/wp-json\/wp\/v2\/users\/1"}],"replies":[{"embeddable":true,"href":"https:\/\/13.com.ar\/index.php\/wp-json\/wp\/v2\/comments?post=2910"}],"version-history":[{"count":0,"href":"https:\/\/13.com.ar\/index.php\/wp-json\/wp\/v2\/posts\/2910\/revisions"}],"wp:featuredmedia":[{"embeddable":true,"href":"https:\/\/13.com.ar\/index.php\/wp-json\/wp\/v2\/media\/2911"}],"wp:attachment":[{"href":"https:\/\/13.com.ar\/index.php\/wp-json\/wp\/v2\/media?parent=2910"}],"wp:term":[{"taxonomy":"category","embeddable":true,"href":"https:\/\/13.com.ar\/index.php\/wp-json\/wp\/v2\/categories?post=2910"},{"taxonomy":"post_tag","embeddable":true,"href":"https:\/\/13.com.ar\/index.php\/wp-json\/wp\/v2\/tags?post=2910"}],"curies":[{"name":"wp","href":"https:\/\/api.w.org\/{rel}","templated":true}]}}