{"id":28990,"date":"2025-05-27T17:10:30","date_gmt":"2025-05-27T20:10:30","guid":{"rendered":"https:\/\/13.com.ar\/index.php\/se-dice-que-soy-romanista\/"},"modified":"2025-05-27T17:10:30","modified_gmt":"2025-05-27T20:10:30","slug":"se-dice-que-soy-romanista","status":"publish","type":"post","link":"https:\/\/13.com.ar\/index.php\/se-dice-que-soy-romanista\/","title":{"rendered":"Se dice que soy romanista"},"content":{"rendered":"<p> <br \/>\n<br \/><img decoding=\"async\" src=\"https:\/\/13.com.ar\/wp-content\/uploads\/2025\/05\/Se-dice-que-soy-romanista.jpg\" \/><\/p>\n<div id=\"element-body-0\">\n<p>El papa<strong> Le\u00f3n XIV<\/strong> recibi\u00f3 este martes al<strong> plantel del Napoli<\/strong>, flamante <strong>campe\u00f3n del f\u00fatbol italiano <\/strong>y brome\u00f3 sobre los dichos de la prensa sobre qu\u00e9 colores defiende la m\u00e1xima autoridad del Vaticano.<\/p>\n<\/div>\n<div id=\"element-body-1\">\n<p>&#8220;Tal vez no quer\u00edan aplaudir porque<strong> en la prensa se dice que soy romanista<\/strong>&#8220;, dijo al ingresar al gran sal\u00f3n donde se llevan a cabo las audiencias. En Estados Unidos, su pa\u00eds natal, se discute si es fan\u00e1tico de los Chicago Cubs o de los White Sox. En Italia, el debate es similar, pero alrededor del f\u00fatbol.<\/p>\n<\/div>\n<div id=\"element-body-2\">\n<p>El 8 de mayo, d\u00eda de su elecci\u00f3n,<strong> tanto Lazio como Roma celebraron que el humo blanco haya sido por \u00e9l<\/strong>, pero no se lo adjudicaron como &#8220;tiffosi&#8221;, como s\u00ed hicieron los equipos de baseball.<\/p>\n<\/div>\n<div id=\"element-body-3\">\n<p>La broma, festejada, fue dirigida al plantel del N\u00e1poli, que el pasado viernes se consagr\u00f3 campe\u00f3n de la Serie A en el ex estadio San Paolo, hoy llamado <strong>Diego Armando Maradona.<\/strong><\/p>\n<\/div>\n<div id=\"element-body-5\">\n<p>El Inter de <strong>Lautaro Mart\u00ednez y Javier Zanetti<\/strong> peleaba con el N\u00e1poli el campeonato, pero la suerte no le sonr\u00edo al equipo del norte de Italia. Finalmente, fue el conjunto presidido por Aurelio De Laurentiis, el primero en ser recibido por el Pont\u00edfice desde que asumi\u00f3 el pasado 10 de mayo. El <strong>Bolonia<\/strong>, campe\u00f3n de la Copa Italia d\u00edas antes que el N\u00e1poli, no acudi\u00f3 al Vaticano. En cambio, Le\u00f3n XIV s\u00ed hab\u00eda recibido al italiano Jannik Sinner, n\u00famero 1 del mundo en tenis.<\/p>\n<\/div>\n<div id=\"element-body-6\">\n<p>El Papa se sent\u00f3 y felicit\u00f3 protocolarmente a <strong>&#8220;Gio&#8221; Simeone, <\/strong>Antonio Conte y el resto de los futbolistas que repitieron lo logrado en la temporada 2022\/23 y la 1986\/87 y 1989\/90, con Maradona como h\u00e9roe eterno de la ciudad sure\u00f1a.<\/p>\n<\/div>\n<div id=\"element-body-8\">\n<p>&#8220;Pero bienvenidos&#8221;, dijo Le\u00f3n XIV al iniciar la parte m\u00e1s formal del encuentro. &#8220;Felicidades por la victoria del campeonato. <strong>Es una gran fiesta para la ciudad de N\u00e1poles<\/strong>&#8220;, a\u00f1adi\u00f3.<\/p>\n<\/div>\n<div id=\"element-body-9\">\n<p>Seg\u00fan report\u00f3<em> Vatican News,<\/em> el Santo Padre destac\u00f3 el trabajo en equipo. \u201cGanar el campeonato es un logro al final de un largo camino, en el que lo que m\u00e1s cuenta no es la haza\u00f1a de una vez, o la prestaci\u00f3n extraordinaria de un campe\u00f3n. <strong>El campeonato lo gana el equipo<\/strong>&#8220;, asegur\u00f3.<\/p>\n<\/div>\n<div id=\"element-body-10\">\n<p>Luego, reflexion\u00f3 sobre<strong> los riesgos que implica que el deporte se convierta en un negocio<\/strong>, en tiempos en los que el f\u00fatbol se encuentra en el top 10 de los m\u00e1s redituables del mundo.<\/p>\n<\/div>\n<div id=\"element-body-11\">\n<p>\u201cDesgraciadamente \u2013 remarc\u00f3\u2013 cuando el deporte se convierte en negocio, corre el riesgo de <strong>perder los valores que lo hacen educativo<\/strong>, e incluso puede llegar a ser deseducativo. Es algo sobre lo que hay que estar alerta, especialmente cuando se trata con los adolescentes\u201d.<\/p>\n<\/div>\n<div id=\"element-body-12\">\n<p>Luego de sus palabras, De Laurentiis se acerc\u00f3 a Robert Francis Prevost y le regal\u00f3 un n\u00famero 10 blanco, con fondo celeste, como si fuer<strong>a parte de una camiseta autografiada y enmarcada<\/strong>, con la inscripci\u00f3n &#8220;Papa Leone XIV&#8221; sobre la ic\u00f3nica cifra.<\/p>\n<\/div>\n<div id=\"element-body-14\">\n<p>&#8220;Porque <strong>usted es un n\u00famero 10<\/strong>, es un gran atacante&#8221;, le dijo el dirigente napolitano al Papa, nuevamente entre risas y dando una segunda explicaci\u00f3n sobre por qu\u00e9 ese dorsal y no otro.<\/p>\n<\/div>\n<div id=\"element-body-15\">\n<p>En N\u00e1poli, aquel 10 hasta hizo a un lado San Gennaro, santo de la ciudad.<\/p>\n<\/div>\n<p><br \/>\n<br \/><a href=\"https:\/\/www.clarin.com\/deportes\/broma-papa-recibir-napoli-campeon-italia-dice-romanista_0_0os8RyA0U3.html\">Fuente Clarin.com <\/a><\/p>\n","protected":false},"excerpt":{"rendered":"<p>El papa Le\u00f3n XIV recibi\u00f3 este martes al plantel del Napoli, flamante campe\u00f3n del f\u00fatbol italiano y brome\u00f3 sobre los dichos de la prensa sobre qu\u00e9 colores defiende la m\u00e1xima autoridad del Vaticano. &#8220;Tal vez no quer\u00edan aplaudir porque en la prensa se dice que soy romanista&#8220;, dijo al ingresar al gran sal\u00f3n donde se [&hellip;]<\/p>\n","protected":false},"author":1,"featured_media":28991,"comment_status":"open","ping_status":"open","sticky":false,"template":"","format":"standard","meta":{"footnotes":""},"categories":[2],"tags":[655,19569,4008],"class_list":["post-28990","post","type-post","status-publish","format-standard","has-post-thumbnail","hentry","category-ultimas-noticias","tag-dice","tag-romanista","tag-soy"],"_links":{"self":[{"href":"https:\/\/13.com.ar\/index.php\/wp-json\/wp\/v2\/posts\/28990","targetHints":{"allow":["GET"]}}],"collection":[{"href":"https:\/\/13.com.ar\/index.php\/wp-json\/wp\/v2\/posts"}],"about":[{"href":"https:\/\/13.com.ar\/index.php\/wp-json\/wp\/v2\/types\/post"}],"author":[{"embeddable":true,"href":"https:\/\/13.com.ar\/index.php\/wp-json\/wp\/v2\/users\/1"}],"replies":[{"embeddable":true,"href":"https:\/\/13.com.ar\/index.php\/wp-json\/wp\/v2\/comments?post=28990"}],"version-history":[{"count":0,"href":"https:\/\/13.com.ar\/index.php\/wp-json\/wp\/v2\/posts\/28990\/revisions"}],"wp:featuredmedia":[{"embeddable":true,"href":"https:\/\/13.com.ar\/index.php\/wp-json\/wp\/v2\/media\/28991"}],"wp:attachment":[{"href":"https:\/\/13.com.ar\/index.php\/wp-json\/wp\/v2\/media?parent=28990"}],"wp:term":[{"taxonomy":"category","embeddable":true,"href":"https:\/\/13.com.ar\/index.php\/wp-json\/wp\/v2\/categories?post=28990"},{"taxonomy":"post_tag","embeddable":true,"href":"https:\/\/13.com.ar\/index.php\/wp-json\/wp\/v2\/tags?post=28990"}],"curies":[{"name":"wp","href":"https:\/\/api.w.org\/{rel}","templated":true}]}}