{"id":28988,"date":"2025-05-27T17:07:29","date_gmt":"2025-05-27T20:07:29","guid":{"rendered":"https:\/\/13.com.ar\/index.php\/larreta-reivindica-su-campana-del-olor-a-pis-y-piensa-en-una-alianza-con-carrio-y-otros-para-2027\/"},"modified":"2025-05-27T17:07:29","modified_gmt":"2025-05-27T20:07:29","slug":"larreta-reivindica-su-campana-del-olor-a-pis-y-piensa-en-una-alianza-con-carrio-y-otros-para-2027","status":"publish","type":"post","link":"https:\/\/13.com.ar\/index.php\/larreta-reivindica-su-campana-del-olor-a-pis-y-piensa-en-una-alianza-con-carrio-y-otros-para-2027\/","title":{"rendered":"Larreta reivindica su campa\u00f1a del &#8220;olor a pis&#8221; y piensa en una alianza con Carri\u00f3 y otros para 2027"},"content":{"rendered":"<p> <br \/>\n<br \/><img decoding=\"async\" src=\"https:\/\/13.com.ar\/wp-content\/uploads\/2025\/05\/Larreta-reivindica-su-campana-del-olor-a-pis-y-piensa.jpg\" \/><\/p>\n<div id=\"element-body-0\">\n<p>En cualquier chat de Whatsapp existe una variante alternativa para expresar sentimientos, m\u00e1s all\u00e1 de los m\u00faltiples estados de \u00e1nimo que se pueden utilizar. Hay una carita que se identifica con una leve sonrisa con el labio apenas desviado hacia arriba, casi c\u00f3mplice, o que denota cierta satisfacci\u00f3n despu\u00e9s de una maldad que termin\u00f3 teniendo \u00e9xito.<\/p>\n<\/div>\n<div id=\"element-body-1\">\n<p>D\u00edas despu\u00e9s de la elecci\u00f3n porte\u00f1a, hay un candidato que sonri\u00f3 en p\u00fablico adem\u00e1s de Manuel Adorni, m\u00e1s all\u00e1 de que<strong> <\/strong>el<strong> 8%<\/strong> de votos que sac\u00f3 pueda motivar interpretaciones ambiguas sobre cu\u00e1n exitosa fue su performance: <strong>Horacio Rodr\u00edguez Larreta<\/strong>.<\/p>\n<\/div>\n<div id=\"element-body-2\">\n<p>Fue viral la imagen del ex jefe de Gobierno porte\u00f1o<strong> con las manos en las orejas imitando el Topo Gigio<\/strong> que hace casi 25 a\u00f1os Juan Rom\u00e1n Riquelme le hizo a Mauricio Macri.<\/p>\n<\/div>\n<div id=\"element-body-3\">\n<p>En charlas entre amigos posteriores a la elecci\u00f3n, Larreta jura que no fue a prop\u00f3sito el gesto y que no lo direccion\u00f3 hacia nadie en particular. &#8220;Horacio es de Racing, jam\u00e1s pensar\u00eda en hacer un gesto tan bostero&#8221;, resume alguien que lo sigui\u00f3 en la campa\u00f1a.<\/p>\n<\/div>\n<div id=\"element-body-4\">\n<p>Adem\u00e1s de la imagen, se difundieron videos y audios donde ironizaba sobre la gesti\u00f3n de Jorge Macri: &#8220;Le dimos una calesita y el boludo la choc\u00f3&#8221;, dec\u00eda la canci\u00f3n, en su tramo m\u00e1s agresivo.<\/p>\n<\/div>\n<div id=\"element-body-6\">\n<p>Quienes conversan frecuentemente con Larreta lo ven contento por haber empezado una <strong>suerte de resurgimiento<\/strong> despu\u00e9s de lo que fue su fallida candidatura presidencial en 2023. Interpreta que el 8%, <strong>adem\u00e1s de asegurar su banca como legislador y otras dos m\u00e1s, le sirve como plataforma para reconstruirse<\/strong>. Y que los votos, esta vez, &#8220;son todos de \u00e9l, y de nadie m\u00e1s&#8221;.<\/p>\n<\/div>\n<div id=\"element-body-7\">\n<p><strong>No fue la mejor elecci\u00f3n que imagin\u00f3 el ex jefe de Gobierno, pero tampoco la peor, ya que compiti\u00f3 con una estructura muy chica e impulsando una cuarta v\u00eda frente al PRO, La Libertad Avanza y el peronismo.<\/strong><\/p>\n<\/div>\n<div id=\"element-body-9\">\n<p>&#8220;<strong>Hubo d\u00edas que nos despert\u00e1bamos pensando que sac\u00e1bamos cinco puntos, y otros quince<\/strong>. Lo ideal era llegar a los dos d\u00edgitos, pero despu\u00e9s de Adorni, el \u00fanico candidato que puede festejar por los resultados de la elecci\u00f3n porte\u00f1a es Horacio&#8221;, comentan quienes trabajan en las oficinas palermitanas donde intenta reconfigurarse como dirigente para volver a aspirar a gobernar la Ciudad que gestion\u00f3 de 2015 a 2023.<\/p>\n<\/div>\n<div id=\"element-body-10\">\n<p><strong>Cerca de Larreta aseguran que el principal \u00e9xito de la campa\u00f1a para legislador fue instalar en la agenda la idea del &#8220;olor a pis&#8221; que, creen, afect\u00f3 notablemente la performance electoral del PRO. <\/strong><\/p>\n<\/div>\n<div id=\"element-body-11\">\n<p>&#8220;El tema entr\u00f3, sin dudas, pero no todos los votos terminaron yendo para Horacio&#8221;, comentan sobre el r\u00e9dito que signific\u00f3 en la elecci\u00f3n y argumentan que Adorni termin\u00f3 llev\u00e1ndose votos a partir de ese slogan que ellos instalaron.<\/p>\n<\/div>\n<div id=\"element-body-13\">\n<p>Larreta ya blanque\u00f3 en el debate y en varias oportunidades m\u00e1s que s<strong>u lanzamiento como candidato a legislador apunta a fortalecer sus aspiraciones a la jefatura de Gobierno en 2027<\/strong>.<\/p>\n<\/div>\n<div id=\"element-body-14\">\n<p>En ese intento, quienes armaron su campa\u00f1a aseguran que desde su espacio van a dejar pasar el turno electoral nacional de octubre para pensar en construir la candidatura en dos a\u00f1os. <\/p>\n<\/div>\n<div id=\"element-body-15\">\n<p>En el mientras tanto,<strong> con tres legisladores m\u00e1s otros dos que arrastra de la antigua Legislatura<\/strong>, consideran que van a tener peso propio a nivel porte\u00f1o para sacar adelante leyes importantes.<\/p>\n<\/div>\n<div id=\"element-body-16\">\n<p>Pensando en la contienda ejecutiva, <strong>los 8 puntos de Larreta resultan codiciados para quienes quieran construir una alternativa competitiva<\/strong> a La Libertad Avanza, que en esta legislativa fue la fuerza m\u00e1s votada.<\/p>\n<\/div>\n<div id=\"element-body-17\">\n<p>Ah\u00ed es donde resurge la posibilidad de<strong> rearmar un Juntos por el Cambio local<\/strong>, tal vez con el PRO, m\u00e1s el radicalismo de Mart\u00edn Lousteau y la Coalici\u00f3n C\u00edvica de Elisa Carri\u00f3, por ejemplo, en un escenario, tal vez, con PASO, una herramienta que \u00e9l valora. Entre esas cuatro fuerzas -Larretismo incluido-, <strong>se tocan casi los 30 puntos porcentuales<\/strong> y se puede pensar en llegar a un balotaje contra los libertarios o el PJ en una elecci\u00f3n de tercios.<\/p>\n<\/div>\n<div id=\"element-body-18\">\n<p>Por ahora, son apenas especulaciones. Internamente, Larreta <strong>no est\u00e1 del todo convencido en volver a sentarse a conversar con una fuerza como el macrismo<\/strong>, a la que cuestion\u00f3 abiertamente en la campa\u00f1a. Tambi\u00e9n tiene claro que quiz\u00e1s esa posibilidad haya pasado de largo ya este a\u00f1o. E incluso, que ni siquiera le interese intentar reflotarla porque atentar\u00eda con su <em>leitmotiv<\/em> de empezar de cero para, por ahora, alcanzar un ocho.<\/p>\n<\/div>\n<p><br \/>\n<br \/><a href=\"https:\/\/www.clarin.com\/politica\/larreta-reivindica-campana-olor-pis-piensa-alianza-carrio-lousteau-2027_0_823RPQhzlq.html\">Fuente Clarin.com <\/a><\/p>\n","protected":false},"excerpt":{"rendered":"<p>En cualquier chat de Whatsapp existe una variante alternativa para expresar sentimientos, m\u00e1s all\u00e1 de los m\u00faltiples estados de \u00e1nimo que se pueden utilizar. Hay una carita que se identifica con una leve sonrisa con el labio apenas desviado hacia arriba, casi c\u00f3mplice, o que denota cierta satisfacci\u00f3n despu\u00e9s de una maldad que termin\u00f3 teniendo [&hellip;]<\/p>\n","protected":false},"author":1,"featured_media":28989,"comment_status":"open","ping_status":"open","sticky":false,"template":"","format":"standard","meta":{"footnotes":""},"categories":[2],"tags":[1817,2813,6437,18,100,7930,5071,1103,16,6100,14287,15499,73],"class_list":["post-28988","post","type-post","status-publish","format-standard","has-post-thumbnail","hentry","category-ultimas-noticias","tag-alianza","tag-campana","tag-carrio","tag-con","tag-del","tag-larreta","tag-olor","tag-otros","tag-para","tag-piensa","tag-pis","tag-reivindica","tag-una"],"_links":{"self":[{"href":"https:\/\/13.com.ar\/index.php\/wp-json\/wp\/v2\/posts\/28988","targetHints":{"allow":["GET"]}}],"collection":[{"href":"https:\/\/13.com.ar\/index.php\/wp-json\/wp\/v2\/posts"}],"about":[{"href":"https:\/\/13.com.ar\/index.php\/wp-json\/wp\/v2\/types\/post"}],"author":[{"embeddable":true,"href":"https:\/\/13.com.ar\/index.php\/wp-json\/wp\/v2\/users\/1"}],"replies":[{"embeddable":true,"href":"https:\/\/13.com.ar\/index.php\/wp-json\/wp\/v2\/comments?post=28988"}],"version-history":[{"count":0,"href":"https:\/\/13.com.ar\/index.php\/wp-json\/wp\/v2\/posts\/28988\/revisions"}],"wp:featuredmedia":[{"embeddable":true,"href":"https:\/\/13.com.ar\/index.php\/wp-json\/wp\/v2\/media\/28989"}],"wp:attachment":[{"href":"https:\/\/13.com.ar\/index.php\/wp-json\/wp\/v2\/media?parent=28988"}],"wp:term":[{"taxonomy":"category","embeddable":true,"href":"https:\/\/13.com.ar\/index.php\/wp-json\/wp\/v2\/categories?post=28988"},{"taxonomy":"post_tag","embeddable":true,"href":"https:\/\/13.com.ar\/index.php\/wp-json\/wp\/v2\/tags?post=28988"}],"curies":[{"name":"wp","href":"https:\/\/api.w.org\/{rel}","templated":true}]}}