{"id":28986,"date":"2025-05-27T17:04:40","date_gmt":"2025-05-27T20:04:40","guid":{"rendered":"https:\/\/13.com.ar\/index.php\/asi-fue-la-impactante-reaccion-de-la-gente-en-espana\/"},"modified":"2025-05-27T17:04:40","modified_gmt":"2025-05-27T20:04:40","slug":"asi-fue-la-impactante-reaccion-de-la-gente-en-espana","status":"publish","type":"post","link":"https:\/\/13.com.ar\/index.php\/asi-fue-la-impactante-reaccion-de-la-gente-en-espana\/","title":{"rendered":"as\u00ed fue la impactante reacci\u00f3n de la gente en Espa\u00f1a"},"content":{"rendered":"<p> <br \/>\n<br \/><img decoding=\"async\" src=\"https:\/\/13.com.ar\/wp-content\/uploads\/2025\/05\/asi-fue-la-impactante-reaccion-de-la-gente-en-Espana.jpg\" \/><\/p>\n<div id=\"element-body-0\">\n<p>El exfutbolista del FC Barcelona,<strong> Gerard Piqu\u00e9<\/strong>, y su novia, <strong>Clara Ch\u00eda,<\/strong> nuevamente se encuentran en el centro del esc\u00e1ndalo. Esta vez, la pareja fue recibida con gritos y abucheos a la salida de un restaurante en la <strong>ciudad espa\u00f1ola de Le\u00f3n<\/strong>.<\/p>\n<\/div>\n<div id=\"element-body-1\">\n<p>En el \u00faltimo tiempo, hubo rumores de separaci\u00f3n motivados por la distancia temporal de la pareja, ya que el <strong>catal\u00e1n se mud\u00f3 a Miami<\/strong>, donde viven los hijos que tuvo con la cantante colombiana <strong>Shakira<\/strong>. No obstante, estas especulaciones fueron desmentidas y ambos continuaron mostr\u00e1ndose en p\u00fablico como una pareja estable.<\/p>\n<\/div>\n<div id=\"element-body-2\">\n<p>Piqu\u00e9 y Clara se conocieron en 2021, cuando ella trabajaba en el bar que \u00e9l sol\u00eda frecuentar. Seg\u00fan personas cercanas, l<strong>a conexi\u00f3n entre ellos fue inmediata. <\/strong>En 2022, Shakira y Piqu\u00e9 se separaron luego de m\u00e1s de una d\u00e9cada juntos. Meses despu\u00e9s, espec\u00edficamente<strong> en agosto,<\/strong> Gerard y Clara hicieron oficial su romance durante <strong>una boda en la Costa Brava.<\/strong>&#8220;<\/p>\n<\/div>\n<div id=\"element-body-3\">\n<p>En enero de 2023, Piqu\u00e9 comparti\u00f3 por primera vez una foto junto a Clara en sus redes sociales, lo que dej\u00f3 en claro que su relaci\u00f3n iba en serio.\u00f1<\/p>\n<\/div>\n<div id=\"element-body-6\">\n<p>La pareja se encontraba en <strong>Espa\u00f1a por motivos laborales<\/strong> relacionados con el exfutbolista, quien tambi\u00e9n asisti\u00f3 a un partido del<strong> FC Andorra, <\/strong>equipo con el que est\u00e1 vinculado desde su retiro del f\u00fatbol profesional. El FC Andorra se enfrentaba a la<strong> Cultural Leonesa<\/strong> en un partido clave por el ascenso a la Segunda Divisi\u00f3n espa\u00f1ola.<\/p>\n<\/div>\n<div id=\"element-body-7\">\n<p>Ambos estaban <strong>recorriendo las calles de la ciudad<\/strong> cuando intentaron salir del restaurante en el que se encontraban, momento en el que algunas personas comenzaron a gritarles y a hacer comentarios ofensivos, aunque otros solo <strong>quer\u00edan saludar al exjugador<\/strong> del FC Barcelona.<\/p>\n<\/div>\n<div id=\"element-body-8\">\n<p>Esta situaci\u00f3n hizo que Piqu\u00e9 y Ch\u00eda fueran acompa\u00f1ados por la <strong>Polic\u00eda Nacional de Espa\u00f1a<\/strong> mientras atravesaban la <strong>plaza San Mart\u00edn<\/strong> rodeados de personas, con el fin de garantizar su seguridad y evitar incidentes mayores.<\/p>\n<\/div>\n<div id=\"element-body-9\">\n<blockquote class=\"twitter-tweet\">\n<p lang=\"es\" dir=\"ltr\">\ud83d\udd34 Se viraliza un v\u00eddeo donde la Polic\u00eda Nacional escolta a Piqu\u00e9 y Clara Ch\u00eda para salir de un restaurante y evitar ser molestados. Esto ha generado rechazo por el uso de recursos del Estado. <a rel=\"nofollow\" target=\"_blank\" href=\"https:\/\/t.co\/VQMnToFnUm\">pic.twitter.com\/VQMnToFnUm<\/a><\/p>\n<p>\u2014 La Bandera (@labanderaes) <a rel=\"nofollow\" target=\"_blank\" href=\"https:\/\/twitter.com\/labanderaes\/status\/1926959376130044399?ref_src=twsrc%5Etfw\">May 26, 2025<\/a><\/p><\/blockquote>\n<\/div>\n<div id=\"element-body-10\">\n<p>Desde el entorno del exfutbolista aclararon que fue el propio restaurante el que dio <strong>la voz de alarma<\/strong> ante la cantidad de gente que esperaba en el exterior de<strong> La Lumbre.<\/strong> &#8216;Era una plaza que estaba llena porque hab\u00eda partido, y para evitar un altercado, el restaurante se ofreci\u00f3 a avisar a los polic\u00edas que normalmente ya est\u00e1n en esa zona. As\u00ed que es evidente que no lo pidieron ni se trata de ninguna excentricidad&#8217;, dijeron al medio espa\u00f1ol 20 Minutos.<\/p>\n<\/div>\n<div id=\"element-body-11\">\n<p>En el video difundido en la red <strong>social X (antes Twitter)<\/strong>, se lo ve a Piqu\u00e9 tratando de ocultar su identidad con una gorra y una campera con capucha, mientras que su actual pareja llevaba lentes de sol y lo segu\u00eda en silencio, sin apartar la mirada del camino.<\/p>\n<\/div>\n<div id=\"element-body-12\">\n<p>El restaurante al que acudi\u00f3 la pareja se llama<strong> La Lumbre<\/strong> y est\u00e1 ubicado en la plaza San Mart\u00edn. Est\u00e1 especializado en cocina a la parrilla y es atendido por la <strong>empresa C\u00e1rnicas Ria\u00f1o<\/strong>, uno de los proveedores de carne m\u00e1s exclusivos, especializado en bifes gigantes premium.<\/p>\n<\/div>\n<p><script async src=\"\/\/platform.twitter.com\/widgets.js\" charset=\"utf-8\"><\/script><br \/>\n<br \/><br \/>\n<br \/><a href=\"https:\/\/www.clarin.com\/internacional\/pique-clara-chia-reaparecen-impactante-reaccion-gente-espana_0_0OSO6jwNSu.html\">Fuente Clarin.com <\/a><\/p>\n","protected":false},"excerpt":{"rendered":"<p>El exfutbolista del FC Barcelona, Gerard Piqu\u00e9, y su novia, Clara Ch\u00eda, nuevamente se encuentran en el centro del esc\u00e1ndalo. Esta vez, la pareja fue recibida con gritos y abucheos a la salida de un restaurante en la ciudad espa\u00f1ola de Le\u00f3n. En el \u00faltimo tiempo, hubo rumores de separaci\u00f3n motivados por la distancia temporal [&hellip;]<\/p>\n","protected":false},"author":1,"featured_media":28987,"comment_status":"open","ping_status":"open","sticky":false,"template":"","format":"standard","meta":{"footnotes":""},"categories":[2],"tags":[789,2785,105,519,232,825],"class_list":["post-28986","post","type-post","status-publish","format-standard","has-post-thumbnail","hentry","category-ultimas-noticias","tag-asi","tag-espana","tag-fue","tag-gente","tag-impactante","tag-reaccion"],"_links":{"self":[{"href":"https:\/\/13.com.ar\/index.php\/wp-json\/wp\/v2\/posts\/28986","targetHints":{"allow":["GET"]}}],"collection":[{"href":"https:\/\/13.com.ar\/index.php\/wp-json\/wp\/v2\/posts"}],"about":[{"href":"https:\/\/13.com.ar\/index.php\/wp-json\/wp\/v2\/types\/post"}],"author":[{"embeddable":true,"href":"https:\/\/13.com.ar\/index.php\/wp-json\/wp\/v2\/users\/1"}],"replies":[{"embeddable":true,"href":"https:\/\/13.com.ar\/index.php\/wp-json\/wp\/v2\/comments?post=28986"}],"version-history":[{"count":0,"href":"https:\/\/13.com.ar\/index.php\/wp-json\/wp\/v2\/posts\/28986\/revisions"}],"wp:featuredmedia":[{"embeddable":true,"href":"https:\/\/13.com.ar\/index.php\/wp-json\/wp\/v2\/media\/28987"}],"wp:attachment":[{"href":"https:\/\/13.com.ar\/index.php\/wp-json\/wp\/v2\/media?parent=28986"}],"wp:term":[{"taxonomy":"category","embeddable":true,"href":"https:\/\/13.com.ar\/index.php\/wp-json\/wp\/v2\/categories?post=28986"},{"taxonomy":"post_tag","embeddable":true,"href":"https:\/\/13.com.ar\/index.php\/wp-json\/wp\/v2\/tags?post=28986"}],"curies":[{"name":"wp","href":"https:\/\/api.w.org\/{rel}","templated":true}]}}