{"id":28984,"date":"2025-05-27T17:01:46","date_gmt":"2025-05-27T20:01:46","guid":{"rendered":"https:\/\/13.com.ar\/index.php\/thiago-messi-y-benjamin-suarez-campeones-con-la-academia-del-inter-miami-en-estados-unidos\/"},"modified":"2025-05-27T17:01:46","modified_gmt":"2025-05-27T20:01:46","slug":"thiago-messi-y-benjamin-suarez-campeones-con-la-academia-del-inter-miami-en-estados-unidos","status":"publish","type":"post","link":"https:\/\/13.com.ar\/index.php\/thiago-messi-y-benjamin-suarez-campeones-con-la-academia-del-inter-miami-en-estados-unidos\/","title":{"rendered":"Thiago Messi y Benjam\u00edn Su\u00e1rez, campeones con la Academia del Inter Miami en Estados Unidos"},"content":{"rendered":"<p> <br \/>\n<br \/><img decoding=\"async\" src=\"https:\/\/13.com.ar\/wp-content\/uploads\/2025\/05\/Thiago-Messi-y-Benjamin-Suarez-campeones-con-la-Academia-del.jpg\" \/><\/p>\n<div id=\"element-body-0\">\n<p>Los <strong>hijos mayores <\/strong>de las leyendas del f\u00fatbol que integran el <strong>Inter Miami<\/strong>, <strong>Lionel Messi <\/strong>y <strong>Luis Su\u00e1rez<\/strong>, alcanzaron la gloria. Este lunes tras derrotar en la final a Neuesports One FC por 3-0, se consagraron campeones de la <strong>Dreams Cup<\/strong>. Es que tanto <strong>Thiago Messi <\/strong>como <strong>Benjam\u00edn Su\u00e1rez <\/strong>formaron parte de &#8216;<em>Las Garzas&#8217; <\/em>Sub-13 que, en el Florida Blue Training Center, se coronaron como los mejores de este torneo internacional organizado por la Academia del club de Florida.<\/p>\n<\/div>\n<div id=\"element-body-1\">\n<p>Reuniendo a equipos juveniles de todo el mundo, el debut de la Dreams Cup el pasado 23 de mayo propuso un escenario m\u00e1s que competitivo. Fomentar el desarrollo de las inferiores fue el objetivo principal de la competencia, organizada por el propio club que conforma la <em>MLS<\/em>.<\/p>\n<\/div>\n<div id=\"element-body-2\">\n<blockquote class=\"twitter-tweet\">\n<p lang=\"en\" dir=\"ltr\">The dream began here. And it was lifted here. VAMOS U13s! \ud83d\udc97\ud83c\udfc6<a rel=\"nofollow\" target=\"_blank\" href=\"https:\/\/twitter.com\/hashtag\/DreamsCup?src=hash&amp;ref_src=twsrc%5Etfw\">#DreamsCup<\/a> <a rel=\"nofollow\" target=\"_blank\" href=\"https:\/\/t.co\/11qcnYre3H\">pic.twitter.com\/11qcnYre3H<\/a><\/p>\n<p>\u2014 Inter Miami CF Academy (@InterMiamiAcad) <a rel=\"nofollow\" target=\"_blank\" href=\"https:\/\/twitter.com\/InterMiamiAcad\/status\/1927105842102387061?ref_src=twsrc%5Etfw\">May 26, 2025<\/a><\/p><\/blockquote>\n<\/div>\n<div id=\"element-body-3\">\n<p>Thiago Messi con la 10 y Benjam\u00edn Su\u00e1rez con la 9, fueron imprescindibles en el equipo que viste camiseta rosa. De hecho, el partido inaugural los tuvo como protagonistas con el cl\u00e1sico ante Orlando City, en el mism\u00edsimo Chase Stadium.<\/p>\n<\/div>\n<div id=\"element-body-4\">\n<p>El chileno Manuel Yarur fue quien abri\u00f3 el marcador con un acertado derechazo desde el borde del \u00e1rea. <em>\u201cMe dije a m\u00ed mismo que si ten\u00eda la oportunidad de patear, lo har\u00eda. Cuando escuch\u00e9 al p\u00fablico gritar, supe que era gol\u201d<\/em>, hab\u00eda expresado el joven.<\/p>\n<\/div>\n<div id=\"element-body-6\">\n<p>Durante la totalidad de la competencia, la tribuna principal se encontr\u00f3 repleta de espectadores, incluido Lionel Messi, ya que el astro rosarino fue visto en las instalaciones del Chase Stadium apoyando a sus tres hijos Thiago, Mateo y Ciro.<\/p>\n<\/div>\n<div id=\"element-body-7\">\n<blockquote class=\"twitter-tweet\">\n<p lang=\"en\" dir=\"ltr\">BOOKED THE FINAL \u2705 This goal sent the U13s to the big stage of <a rel=\"nofollow\" target=\"_blank\" href=\"https:\/\/twitter.com\/hashtag\/DreamsCup?src=hash&amp;ref_src=twsrc%5Etfw\">#DreamsCup<\/a> \ud83d\udcab <a rel=\"nofollow\" target=\"_blank\" href=\"https:\/\/t.co\/X7oYHOt9HX\">pic.twitter.com\/X7oYHOt9HX<\/a><\/p>\n<p>\u2014 Inter Miami CF Academy (@InterMiamiAcad) <a rel=\"nofollow\" target=\"_blank\" href=\"https:\/\/twitter.com\/InterMiamiAcad\/status\/1926813462316892422?ref_src=twsrc%5Etfw\">May 26, 2025<\/a><\/p><\/blockquote>\n<\/div>\n<div id=\"element-body-8\">\n<p>El espect\u00e1culo de la <em>Dreams Cup <\/em>finaliz\u00f3 este lunes 26 de mayo y, adem\u00e1s de concluir con la consagraci\u00f3n de la Sub-13, mostr\u00f3 el que pareciera ser un brillante futuro para los hijos mayores de las figuras que hoy defienden la camiseta rosada en el equipo superior.<\/p>\n<\/div>\n<p><script async src=\"\/\/platform.twitter.com\/widgets.js\" charset=\"utf-8\"><\/script><br \/>\n<br \/><br \/>\n<br \/><a href=\"https:\/\/www.clarin.com\/deportes\/legado-continua-thiago-messi-benjamin-suarez-campeones-academia-inter-miami-estados-unidos_0_rePK7IF539.html\">Fuente Clarin.com <\/a><\/p>\n","protected":false},"excerpt":{"rendered":"<p>Los hijos mayores de las leyendas del f\u00fatbol que integran el Inter Miami, Lionel Messi y Luis Su\u00e1rez, alcanzaron la gloria. Este lunes tras derrotar en la final a Neuesports One FC por 3-0, se consagraron campeones de la Dreams Cup. Es que tanto Thiago Messi como Benjam\u00edn Su\u00e1rez formaron parte de &#8216;Las Garzas&#8217; Sub-13 [&hellip;]<\/p>\n","protected":false},"author":1,"featured_media":28985,"comment_status":"open","ping_status":"open","sticky":false,"template":"","format":"standard","meta":{"footnotes":""},"categories":[2],"tags":[4451,1694,1786,18,100,1737,1292,708,4714,131,7564,1738],"class_list":["post-28984","post","type-post","status-publish","format-standard","has-post-thumbnail","hentry","category-ultimas-noticias","tag-academia","tag-benjamin","tag-campeones","tag-con","tag-del","tag-estados","tag-inter","tag-messi","tag-miami","tag-suarez","tag-thiago","tag-unidos"],"_links":{"self":[{"href":"https:\/\/13.com.ar\/index.php\/wp-json\/wp\/v2\/posts\/28984","targetHints":{"allow":["GET"]}}],"collection":[{"href":"https:\/\/13.com.ar\/index.php\/wp-json\/wp\/v2\/posts"}],"about":[{"href":"https:\/\/13.com.ar\/index.php\/wp-json\/wp\/v2\/types\/post"}],"author":[{"embeddable":true,"href":"https:\/\/13.com.ar\/index.php\/wp-json\/wp\/v2\/users\/1"}],"replies":[{"embeddable":true,"href":"https:\/\/13.com.ar\/index.php\/wp-json\/wp\/v2\/comments?post=28984"}],"version-history":[{"count":0,"href":"https:\/\/13.com.ar\/index.php\/wp-json\/wp\/v2\/posts\/28984\/revisions"}],"wp:featuredmedia":[{"embeddable":true,"href":"https:\/\/13.com.ar\/index.php\/wp-json\/wp\/v2\/media\/28985"}],"wp:attachment":[{"href":"https:\/\/13.com.ar\/index.php\/wp-json\/wp\/v2\/media?parent=28984"}],"wp:term":[{"taxonomy":"category","embeddable":true,"href":"https:\/\/13.com.ar\/index.php\/wp-json\/wp\/v2\/categories?post=28984"},{"taxonomy":"post_tag","embeddable":true,"href":"https:\/\/13.com.ar\/index.php\/wp-json\/wp\/v2\/tags?post=28984"}],"curies":[{"name":"wp","href":"https:\/\/api.w.org\/{rel}","templated":true}]}}