{"id":28982,"date":"2025-05-27T16:28:51","date_gmt":"2025-05-27T19:28:51","guid":{"rendered":"https:\/\/13.com.ar\/index.php\/lo-habian-echado-por-twitter-en-abril-de-2024\/"},"modified":"2025-05-27T16:28:51","modified_gmt":"2025-05-27T19:28:51","slug":"lo-habian-echado-por-twitter-en-abril-de-2024","status":"publish","type":"post","link":"https:\/\/13.com.ar\/index.php\/lo-habian-echado-por-twitter-en-abril-de-2024\/","title":{"rendered":"lo hab\u00edan echado &#8220;por Twitter&#8221; en abril de 2024"},"content":{"rendered":"<p> <br \/>\n<br \/><img decoding=\"async\" src=\"https:\/\/13.com.ar\/wp-content\/uploads\/2025\/05\/lo-habian-echado-por-Twitter-en-abril-de-2024.jpg\" \/><\/p>\n<div id=\"element-body-0\">\n<p><strong>Ram\u00f3n D\u00edaz <\/strong>es un t\u00e9cnico &#8220;ganador&#8221;. El mantra que se repite desde hace 30 a\u00f1os con el entrenador riojano, leyenda en River, y con una vigencia total a sus <strong>65 a\u00f1os de edad<\/strong>, se repite tambi\u00e9n en los Tribunales. Desde <strong>Brasil <\/strong>informan que el DT y su hijo <strong>Emiliano <\/strong>le ganaron un juicio millonario al <strong>Vasco Da Gama<\/strong>, el club que los ech\u00f3 por Twitter en abril del a\u00f1o pasado.<\/p>\n<\/div>\n<div id=\"element-body-1\">\n<p>Ram\u00f3n y Emiliano fueron despedidos del conjunto carioca en abril de 2024 tras una goleada 4-0 contra el Criciuma, por la cuarta fecha del Brasileirao. &#8220;Inmediatamente despu\u00e9s del partido ya no forman parte del cuerpo t\u00e9cnico&#8221;, avis\u00f3 el conjunto albo a trav\u00e9s de sus redes sociales, en una comunicaci\u00f3n que en ese momento molest\u00f3 a los argentinos: se enteraron de su salida &#8220;por Twitter&#8221;. <\/p>\n<\/div>\n<div id=\"element-body-2\">\n<p>Poco despu\u00e9s se tomaron revancha al frente del <strong>Corinthians<\/strong>, equipo al que llegaron para salvarlo del descenso y no s\u00f3lo lo terminaron clasificando a la <strong>Sudamericana <\/strong>sino que este a\u00f1o adem\u00e1s se consagraron como campeones del Torneo Estadual, venciendo en la final al poderoso Palmeiras. Sin embargo, otro flojo comienzo en la liga los volvi\u00f3 a dejar sin trabajo.<\/p>\n<\/div>\n<div id=\"element-body-3\">\n<p>Pero los D\u00edaz tuvieron que esperar hasta hoy para cerrar su cap\u00edtulo con el Vasco. La Justicia brasile\u00f1a escuch\u00f3 sus demandas y el club deber\u00e1 pagarles un total de 30 millones de reales, algo as\u00ed como<strong> 5 millones de d\u00f3lares<\/strong> entre indemnizaci\u00f3n y multas.<\/p>\n<\/div>\n<div id=\"element-body-4\">\n<p>Seg\u00fan inform\u00f3 <em>Globo Esporte<\/em>, el Vasco apelar\u00e1 la decisi\u00f3n en el TAS, el Tribunal de Arbitraje Deportivo de la FIFA, y conf\u00eda en que ese monto ser\u00e1 menor. En todo caso, la decisi\u00f3n abre otro foco de conflicto: las actuales autoridades del club iniciar\u00e1n acciones legales acciones legales contra la empresa que lo gerenciaba en ese momento, 777 Partners, que entr\u00f3 en quiebra a fines del a\u00f1o pasado y dio un paso al costado.<\/p>\n<\/div>\n<div id=\"element-body-6\">\n<p>A prop\u00f3sito del rev\u00e9s judicial, la instituci\u00f3n vasca\u00edna afirm\u00f3: \u201cEsta decisi\u00f3n se produce tras la renuncia de ambos, ocurrida el 27 de abril de 2024, per\u00edodo en el que 777 Partners ejerci\u00f3 el control de la SAF y la gesti\u00f3n estuvo a cargo de ejecutivos designados por \u00e9sta\u201d.<\/p>\n<\/div>\n<div id=\"element-body-7\">\n<p>\u201cVasco da Gama estudia la posibilidad de un eventual recurso ante el Tribunal de Arbitraje Deportivo (TAS). Tambi\u00e9n destacamos que en caso de que se mantenga la decisi\u00f3n, cualquier cr\u00e9dito que surja de este proceso ser\u00e1 dirigido al pago de los acreedores en el \u00e1mbito del Recuperaci\u00f3n Judicial\u201d, agreg\u00f3.<\/p>\n<\/div>\n<p><br \/>\n<br \/><a href=\"https:\/\/www.clarin.com\/deportes\/ramon-diaz-hijo-emiliano-ganaron-juicio-millonario-vasco-da-gama-echado-twitter-abril-2024_0_dZhvnm13dR.html\">Fuente Clarin.com <\/a><\/p>\n","protected":false},"excerpt":{"rendered":"<p>Ram\u00f3n D\u00edaz es un t\u00e9cnico &#8220;ganador&#8221;. El mantra que se repite desde hace 30 a\u00f1os con el entrenador riojano, leyenda en River, y con una vigencia total a sus 65 a\u00f1os de edad, se repite tambi\u00e9n en los Tribunales. Desde Brasil informan que el DT y su hijo Emiliano le ganaron un juicio millonario al [&hellip;]<\/p>\n","protected":false},"author":1,"featured_media":28983,"comment_status":"open","ping_status":"open","sticky":false,"template":"","format":"standard","meta":{"footnotes":""},"categories":[2],"tags":[10047,8147,2944,142,10032],"class_list":["post-28982","post","type-post","status-publish","format-standard","has-post-thumbnail","hentry","category-ultimas-noticias","tag-abril","tag-echado","tag-habian","tag-por","tag-twitter"],"_links":{"self":[{"href":"https:\/\/13.com.ar\/index.php\/wp-json\/wp\/v2\/posts\/28982","targetHints":{"allow":["GET"]}}],"collection":[{"href":"https:\/\/13.com.ar\/index.php\/wp-json\/wp\/v2\/posts"}],"about":[{"href":"https:\/\/13.com.ar\/index.php\/wp-json\/wp\/v2\/types\/post"}],"author":[{"embeddable":true,"href":"https:\/\/13.com.ar\/index.php\/wp-json\/wp\/v2\/users\/1"}],"replies":[{"embeddable":true,"href":"https:\/\/13.com.ar\/index.php\/wp-json\/wp\/v2\/comments?post=28982"}],"version-history":[{"count":0,"href":"https:\/\/13.com.ar\/index.php\/wp-json\/wp\/v2\/posts\/28982\/revisions"}],"wp:featuredmedia":[{"embeddable":true,"href":"https:\/\/13.com.ar\/index.php\/wp-json\/wp\/v2\/media\/28983"}],"wp:attachment":[{"href":"https:\/\/13.com.ar\/index.php\/wp-json\/wp\/v2\/media?parent=28982"}],"wp:term":[{"taxonomy":"category","embeddable":true,"href":"https:\/\/13.com.ar\/index.php\/wp-json\/wp\/v2\/categories?post=28982"},{"taxonomy":"post_tag","embeddable":true,"href":"https:\/\/13.com.ar\/index.php\/wp-json\/wp\/v2\/tags?post=28982"}],"curies":[{"name":"wp","href":"https:\/\/api.w.org\/{rel}","templated":true}]}}