{"id":28976,"date":"2025-05-27T16:16:35","date_gmt":"2025-05-27T19:16:35","guid":{"rendered":"https:\/\/13.com.ar\/index.php\/se-confirmo-otro-muerto-por-el-fentanilo-en-un-hospital-de-balcarce-y-ya-suman-34\/"},"modified":"2025-05-27T16:16:35","modified_gmt":"2025-05-27T19:16:35","slug":"se-confirmo-otro-muerto-por-el-fentanilo-en-un-hospital-de-balcarce-y-ya-suman-34","status":"publish","type":"post","link":"https:\/\/13.com.ar\/index.php\/se-confirmo-otro-muerto-por-el-fentanilo-en-un-hospital-de-balcarce-y-ya-suman-34\/","title":{"rendered":"Se confirm\u00f3 otro muerto por el fentanilo en un hospital de Balcarce y ya suman 34"},"content":{"rendered":"<p> <br \/>\n<br \/><img decoding=\"async\" src=\"https:\/\/13.com.ar\/wp-content\/uploads\/2025\/05\/Se-confirmo-otro-muerto-por-el-fentanilo-en-un-hospital.jpg\" \/><\/p>\n<div id=\"element-body-0\">\n<p>Las secuelas del fentanilo contaminado siguen expandi\u00e9ndose sin freno. Ya eran 33 los fallecidos a causa de este potente anest\u00e9sico, y ahora <strong>la cifra ascendi\u00f3 a 34<\/strong>, seg\u00fan fuentes de la investigaci\u00f3n: <strong>un hombre oriundo de Balcarce, que muri\u00f3 el 20 de mayo<\/strong>. A\u00fan se desconoce la edad.<\/p>\n<\/div>\n<div id=\"element-body-1\">\n<p>La fiscal\u00eda de Mar del Plata que encabeza el fiscal Rodolfo Maure recibi\u00f3 una denuncia del Hospital P\u00fablico de Balcarce por el caso de una <strong>aplicaci\u00f3n de fentanilo HLB<\/strong> (sin informaci\u00f3n del Lote) con an\u00e1lisis bacteriol\u00f3gico positivo de klebsiella y ralstonia. El fallecido habr\u00eda recibido el anest\u00e9sico antes de que se levantaran todos los lotes contaminados en circulaci\u00f3n. <\/p>\n<\/div>\n<div id=\"element-body-2\">\n<p>Sin mayores trascendidos por el momento, el n\u00famero de muertos asciende a 34. El lunes, la Justicia orden\u00f3 el allanamiento de tres droguer\u00edas y dos laboratorios que vendieron el fentanilo contaminado a hospitales y cl\u00ednicas de CABA, Buenos Aires y Santa Fe.<\/p>\n<\/div>\n<p><br \/>\n<br \/><a href=\"https:\/\/www.clarin.com\/sociedad\/confirmo-muerto-fentanilo-hospital-balcarce-suman-34_0_6yGJcyUsv1.html\">Fuente Clarin.com <\/a><\/p>\n","protected":false},"excerpt":{"rendered":"<p>Las secuelas del fentanilo contaminado siguen expandi\u00e9ndose sin freno. Ya eran 33 los fallecidos a causa de este potente anest\u00e9sico, y ahora la cifra ascendi\u00f3 a 34, seg\u00fan fuentes de la investigaci\u00f3n: un hombre oriundo de Balcarce, que muri\u00f3 el 20 de mayo. A\u00fan se desconoce la edad. La fiscal\u00eda de Mar del Plata que [&hellip;]<\/p>\n","protected":false},"author":1,"featured_media":28977,"comment_status":"open","ping_status":"open","sticky":false,"template":"","format":"standard","meta":{"footnotes":""},"categories":[2],"tags":[7378,218,3625,154,2827,366,142,3240],"class_list":["post-28976","post","type-post","status-publish","format-standard","has-post-thumbnail","hentry","category-ultimas-noticias","tag-balcarce","tag-confirmo","tag-fentanilo","tag-hospital","tag-muerto","tag-otro","tag-por","tag-suman"],"_links":{"self":[{"href":"https:\/\/13.com.ar\/index.php\/wp-json\/wp\/v2\/posts\/28976","targetHints":{"allow":["GET"]}}],"collection":[{"href":"https:\/\/13.com.ar\/index.php\/wp-json\/wp\/v2\/posts"}],"about":[{"href":"https:\/\/13.com.ar\/index.php\/wp-json\/wp\/v2\/types\/post"}],"author":[{"embeddable":true,"href":"https:\/\/13.com.ar\/index.php\/wp-json\/wp\/v2\/users\/1"}],"replies":[{"embeddable":true,"href":"https:\/\/13.com.ar\/index.php\/wp-json\/wp\/v2\/comments?post=28976"}],"version-history":[{"count":0,"href":"https:\/\/13.com.ar\/index.php\/wp-json\/wp\/v2\/posts\/28976\/revisions"}],"wp:featuredmedia":[{"embeddable":true,"href":"https:\/\/13.com.ar\/index.php\/wp-json\/wp\/v2\/media\/28977"}],"wp:attachment":[{"href":"https:\/\/13.com.ar\/index.php\/wp-json\/wp\/v2\/media?parent=28976"}],"wp:term":[{"taxonomy":"category","embeddable":true,"href":"https:\/\/13.com.ar\/index.php\/wp-json\/wp\/v2\/categories?post=28976"},{"taxonomy":"post_tag","embeddable":true,"href":"https:\/\/13.com.ar\/index.php\/wp-json\/wp\/v2\/tags?post=28976"}],"curies":[{"name":"wp","href":"https:\/\/api.w.org\/{rel}","templated":true}]}}