{"id":28972,"date":"2025-05-27T15:58:38","date_gmt":"2025-05-27T18:58:38","guid":{"rendered":"https:\/\/13.com.ar\/index.php\/impacto-por-la-muerte-de-un-reconocido-empresario-de-la-carne-que-revelo-un-caso-de-corrupcion-durante-el-gobierno-de-carlos-menem\/"},"modified":"2025-05-27T15:58:38","modified_gmt":"2025-05-27T18:58:38","slug":"impacto-por-la-muerte-de-un-reconocido-empresario-de-la-carne-que-revelo-un-caso-de-corrupcion-durante-el-gobierno-de-carlos-menem","status":"publish","type":"post","link":"https:\/\/13.com.ar\/index.php\/impacto-por-la-muerte-de-un-reconocido-empresario-de-la-carne-que-revelo-un-caso-de-corrupcion-durante-el-gobierno-de-carlos-menem\/","title":{"rendered":"Impacto por la muerte de un reconocido empresario de la carne que revel\u00f3 un caso de corrupci\u00f3n durante el gobierno de Carlos Menem"},"content":{"rendered":"<p> <br \/>\n<br \/><img decoding=\"async\" src=\"https:\/\/13.com.ar\/wp-content\/uploads\/2025\/05\/Impacto-por-la-muerte-de-un-reconocido-empresario-de-la.jpg\" \/><\/p>\n<div id=\"element-body-0\">\n<p>El reconocido empresario de la carne <strong>Carlos Oliva Funes<\/strong> muri\u00f3 en Nueva York a los 82 a\u00f1os. El expresidente de Swift revel\u00f3 un caso de corrupci\u00f3n durante el gobierno de Carlos Menem.<\/p>\n<\/div>\n<div id=\"element-body-1\">\n<p>Seg\u00fan consign\u00f3 el sitio Valor Carne, Oliva Funes era de origen cordob\u00e9s, muy joven, a poco de recibirse de licenciado en Administraci\u00f3n de Empresas de la Universidad Cat\u00f3lica de la provincia, se mud\u00f3 a Buenos Aires para empezar a trabajar con su amigo y entonces cu\u00f1ado, Rodolfo Costantini, en el desarrollo de su gran empresa frigor\u00edfica.<\/p>\n<\/div>\n<div id=\"element-body-2\">\n<p>En 1977, Costantini agrega a Swift, cuando se privatiza, a su conjunto de frigor\u00edficos. Cuando en 1980 se la vende a Campbell Soup, con la que lo un\u00eda un contrato muy importante de provisi\u00f3n de carne cocida y congelada, la empresa norteamericana elige a Oliva como su CEO y luego presidente, adem\u00e1s de integrar el board de la controlante. Era una de las plantas m\u00e1s importantes del pa\u00eds, situaci\u00f3n que reforz\u00f3 cuando construy\u00f3 una planta nueva en Rosario, al lado de la antigua, inaugurada a principios de los \u201990.<\/p>\n<\/div>\n<div id=\"element-body-3\">\n<p>A fines de esa d\u00e9cada, cont\u00f3 el sitio mencionado, protagoniz\u00f3 uno de los m\u00e1s grandes buyouts del pa\u00eds, al comprarle la empresa a sus accionistas de EE.UU.<\/p>\n<\/div>\n<div id=\"element-body-4\">\n<p>En 2005, siendo propietario de otras cuatro plantas, busc\u00f3 a la entonces Friboi (hoy, JBS) como socio estrat\u00e9gico, pero finalmente le vendi\u00f3 todo el paquete accionario. Qued\u00f3 a cargo de la empresa un tiempo, mientras tambi\u00e9n participaba en el directorio de la brasile\u00f1a, hasta su retiro total de la actividad en la Argentina y su mudanza a Rep\u00fablica Dominicana.<\/p>\n<\/div>\n<div id=\"element-body-7\">\n<p>Su libro \u201cUn disparo en la oscuridad. Pecados de la carne Argentina\u201d publicado este a\u00f1o pero escrito hace 35 a\u00f1os hizo un repaso del Swiftgate, uno de los casos m\u00e1s resonantes de corrupci\u00f3n en la d\u00e9cada de los 90, durante la presidencia de Carlos Menem. <\/p>\n<\/div>\n<div id=\"element-body-8\">\n<p>Se conoci\u00f3 como swiftgate a un esc\u00e1ndalo pol\u00edtico en Argentina de diciembre de 1990, que involucr\u00f3 a funcionarios del gobierno nacional a cargo del entonces presidente Carlos Menem con respecto al pago de una comisi\u00f3n para la instalaci\u00f3n de una planta de Swift Armour S.A. La salida a la luz de los hechos, con inter\u00e9s de la embajada de los Estados Unidos, provoc\u00f3 la dimisi\u00f3n de los funcionarios implicados. <\/p>\n<\/div>\n<div id=\"element-body-9\">\n<p>Como consecuencia de la crisis desatada, a finales de enero de 1991 todo el gabinete estuvo obligado a renunciar, tambi\u00e9n el asesor presidencial Emir Yoma y Erman Gonz\u00e1lez dej\u00f3 el Ministerio de Econom\u00eda en manos del canciller, Domingo Felipe Cavallo. <\/p>\n<\/div>\n<p><br \/>\n<br \/><a href=\"https:\/\/www.clarin.com\/rural\/impacto-muerte-reconocido-empresario-carne-revelo-caso-corrupcion-gobierno-carlos-menem_0_11FMXhYAUq.html\">Fuente Clarin.com <\/a><\/p>\n","protected":false},"excerpt":{"rendered":"<p>El reconocido empresario de la carne Carlos Oliva Funes muri\u00f3 en Nueva York a los 82 a\u00f1os. El expresidente de Swift revel\u00f3 un caso de corrupci\u00f3n durante el gobierno de Carlos Menem. Seg\u00fan consign\u00f3 el sitio Valor Carne, Oliva Funes era de origen cordob\u00e9s, muy joven, a poco de recibirse de licenciado en Administraci\u00f3n de [&hellip;]<\/p>\n","protected":false},"author":1,"featured_media":28973,"comment_status":"open","ping_status":"open","sticky":false,"template":"","format":"standard","meta":{"footnotes":""},"categories":[2],"tags":[3559,1882,800,4433,1549,44,71,1988,6317,1506,142,1315,241],"class_list":["post-28972","post","type-post","status-publish","format-standard","has-post-thumbnail","hentry","category-ultimas-noticias","tag-carlos","tag-carne","tag-caso","tag-corrupcion","tag-durante","tag-empresario","tag-gobierno","tag-impacto","tag-menem","tag-muerte","tag-por","tag-reconocido","tag-revelo"],"_links":{"self":[{"href":"https:\/\/13.com.ar\/index.php\/wp-json\/wp\/v2\/posts\/28972","targetHints":{"allow":["GET"]}}],"collection":[{"href":"https:\/\/13.com.ar\/index.php\/wp-json\/wp\/v2\/posts"}],"about":[{"href":"https:\/\/13.com.ar\/index.php\/wp-json\/wp\/v2\/types\/post"}],"author":[{"embeddable":true,"href":"https:\/\/13.com.ar\/index.php\/wp-json\/wp\/v2\/users\/1"}],"replies":[{"embeddable":true,"href":"https:\/\/13.com.ar\/index.php\/wp-json\/wp\/v2\/comments?post=28972"}],"version-history":[{"count":0,"href":"https:\/\/13.com.ar\/index.php\/wp-json\/wp\/v2\/posts\/28972\/revisions"}],"wp:featuredmedia":[{"embeddable":true,"href":"https:\/\/13.com.ar\/index.php\/wp-json\/wp\/v2\/media\/28973"}],"wp:attachment":[{"href":"https:\/\/13.com.ar\/index.php\/wp-json\/wp\/v2\/media?parent=28972"}],"wp:term":[{"taxonomy":"category","embeddable":true,"href":"https:\/\/13.com.ar\/index.php\/wp-json\/wp\/v2\/categories?post=28972"},{"taxonomy":"post_tag","embeddable":true,"href":"https:\/\/13.com.ar\/index.php\/wp-json\/wp\/v2\/tags?post=28972"}],"curies":[{"name":"wp","href":"https:\/\/api.w.org\/{rel}","templated":true}]}}