{"id":28966,"date":"2025-05-27T15:28:30","date_gmt":"2025-05-27T18:28:30","guid":{"rendered":"https:\/\/13.com.ar\/index.php\/exitosa-participacion-de-colombo-y-magliano-en-la-82a-expo-angus-de-otono-y-ya-palpita-las-nacionales\/"},"modified":"2025-05-27T15:28:30","modified_gmt":"2025-05-27T18:28:30","slug":"exitosa-participacion-de-colombo-y-magliano-en-la-82a-expo-angus-de-otono-y-ya-palpita-las-nacionales","status":"publish","type":"post","link":"https:\/\/13.com.ar\/index.php\/exitosa-participacion-de-colombo-y-magliano-en-la-82a-expo-angus-de-otono-y-ya-palpita-las-nacionales\/","title":{"rendered":"Exitosa participaci\u00f3n de Colombo y Magliano en la 82\u00aa Expo Angus de Oto\u00f1o y ya palpita Las Nacionales"},"content":{"rendered":"<p> <br \/>\n<br \/><img decoding=\"async\" src=\"https:\/\/13.com.ar\/wp-content\/uploads\/2025\/05\/Exitosa-participacion-de-Colombo-y-Magliano-en-la-82a-Expo.jpg\" \/><\/p>\n<div id=\"element-body-0\">\n<p>La 82\u00aa edici\u00f3n de la Expo Angus de Oto\u00f1o, uno de los eventos m\u00e1s importantes del sector ganadero argentino, fue el escenario perfecto para que <strong>Colombo y Magliano<\/strong> <strong>continuara demostrando su solidez y compromiso con la raza Angus<\/strong>. La firma, con casi 90 a\u00f1os de historia, volvi\u00f3 a posicionarse como uno de los principales actores en el mercado ganadero, con una destacada participaci\u00f3n en el remate realizado en Palermo.<\/p>\n<\/div>\n<div id=\"element-body-1\">\n<p>Leandro Illia, coordinador de los remates y negocios de la regi\u00f3n Pampa H\u00fameda, destac\u00f3 la importancia de la raza en Argentina, especialmente en la zona pampeana, donde esta se adapta perfectamente al clima templado y ocupa el 70% del rodeo nacional, con un 35% concentrado solo en la provincia de Buenos Aires. Subray\u00f3 que, para Colombo y Magliano, \u201c<strong>la raza Angus es la de mayor movimiento y demanda<\/strong>, y nuestro compromiso es seguir apostando al crecimiento de este segmento\u201d.<\/p>\n<\/div>\n<div id=\"element-body-3\">\n<p>El remate del viernes pasado fue un \u00e9xito rotundo, con un excelente resultado en los valores de negocio. L<strong>os machos alcanzaron los $ 4.000, mientras que las hembras se comercializaron en los $3.600 promedio<\/strong><\/p>\n<\/div>\n<div id=\"element-body-4\">\n<p>La participaci\u00f3n de m\u00e1s de 100 compradores, provenientes de diferentes puntos del pa\u00eds, permiti\u00f3 a la firma consolidar su red de contactos y ampliar su alcance en todo el territorio nacional. Illia mencion\u00f3 con orgullo que el remate cont\u00f3 con la participaci\u00f3n de 46 representantes, demostrando la s\u00f3lida presencia de la firma en diversas regiones y su capacidad de conectar a los productores con compradores de confianza.<\/p>\n<\/div>\n<div id=\"element-body-5\">\n<p>Este remate no solo dej\u00f3 una excelente imagen de los negocios realizados, sino tambi\u00e9n una sensaci\u00f3n de \u00e9xito y satisfacci\u00f3n tanto para los vendedores como para los compradores.<\/p>\n<\/div>\n<div id=\"element-body-6\">\n<p>En palabras de Illia, \u201csin dudas, este ha sido un gran remate. La raza Angus sigue demostrando su potencial y, desde Colombo y Magliano, seguimos trabajando para ofrecer lo mejor del mercado ganadero argentino\u201d.<\/p>\n<\/div>\n<p><h2>Colombo y Magliano, protagonistas en las Nacionales de la Sociedad Rural de Corrientes<\/h2>\n<\/p>\n<div id=\"element-body-8\">\n<p>A solo unos d\u00edas de la Expo Angus de Oto\u00f1o, Colombo y Magliano ya est\u00e1 preparando su pr\u00f3xima participaci\u00f3n: las subastas ganaderas en las Nacionales que se llevar\u00e1n a cabo en la Sociedad Rural de Corrientes. Entre el 26 y el 30 de mayo, la firma ser\u00e1 protagonista de un evento clave en el calendario ganadero argentino, con remates que incluyen razas de gran importancia como Braford, Brahman, y Brangus.<\/p>\n<\/div>\n<div id=\"element-body-10\">\n<p>Hern\u00e1n Vasallo, martillero de la firma, destac\u00f3 que el equipo se encuentra con grandes expectativas para esta nueva edici\u00f3n. \u201cNos preparamos con muchas expectativas para la realizaci\u00f3n de las subastas dentro del tercer galp\u00f3n que inaugur\u00f3 la Sociedad Rural de Corrientes. All\u00ed ya se est\u00e1 llevando a cabo la jura de la raza Braford, todo bajo techo, lo cual es una ventaja, sobre todo en este momento que llueve en Corrientes\u201d.<\/p>\n<\/div>\n<div id=\"element-body-11\">\n<p>El mi\u00e9rcoles 28 de mayo, ser\u00e1n los responsable de las ventas de las razas Braford y Brahman. El jueves 29, se llevar\u00e1 a cabo una subasta televisada a trav\u00e9s de Canal Rural, donde se ofrecer\u00e1n 10.000 vacunos de invernada y cr\u00eda de las razas Braford, Brangus y Brahman, todos provenientes del norte del pa\u00eds. A las 18:00, el remate se completar\u00e1 con equinos de la raza Criolla.<\/p>\n<\/div>\n<div id=\"element-body-13\">\n<p>Finalmente, hizo referencia al \u00e9xito que signific\u00f3 la participaci\u00f3n de la firma en la 82 Expo Angus de Oto\u00f1o en Palermo, donde, a trav\u00e9s de un remate televisado, se subastaron 17.500 cabezas de hacienda. \u201cLa cantidad de hacienda presentada en la pista, las juras, las ventas, la concurrencia de gente y las caba\u00f1as reunidas fueron factores claves para que este remate fuera realmente excepcional\u201d, dijo Vasallo. <\/p>\n<\/div>\n<div id=\"element-body-14\">\n<p>Los resultados de la subasta fueron muy positivos, consolidando a Colombo y Magliano como un l\u00edder del mercado.<\/p>\n<\/div>\n<p><br \/>\n<br \/><a href=\"https:\/\/www.clarin.com\/rural\/exitosa-participacion-colombo-magliano-82-expo-angus-otono-palpita-nacionales_0_srxjrI0wKK.html\">Fuente Clarin.com <\/a><\/p>\n","protected":false},"excerpt":{"rendered":"<p>La 82\u00aa edici\u00f3n de la Expo Angus de Oto\u00f1o, uno de los eventos m\u00e1s importantes del sector ganadero argentino, fue el escenario perfecto para que Colombo y Magliano continuara demostrando su solidez y compromiso con la raza Angus. La firma, con casi 90 a\u00f1os de historia, volvi\u00f3 a posicionarse como uno de los principales actores [&hellip;]<\/p>\n","protected":false},"author":1,"featured_media":28967,"comment_status":"open","ping_status":"open","sticky":false,"template":"","format":"standard","meta":{"footnotes":""},"categories":[2],"tags":[19563,17272,19561,10982,19166,48,19562,2543,8326,18281,5553],"class_list":["post-28966","post","type-post","status-publish","format-standard","has-post-thumbnail","hentry","category-ultimas-noticias","tag-82a","tag-angus","tag-colombo","tag-exitosa","tag-expo","tag-las","tag-magliano","tag-nacionales","tag-otono","tag-palpita","tag-participacion"],"_links":{"self":[{"href":"https:\/\/13.com.ar\/index.php\/wp-json\/wp\/v2\/posts\/28966","targetHints":{"allow":["GET"]}}],"collection":[{"href":"https:\/\/13.com.ar\/index.php\/wp-json\/wp\/v2\/posts"}],"about":[{"href":"https:\/\/13.com.ar\/index.php\/wp-json\/wp\/v2\/types\/post"}],"author":[{"embeddable":true,"href":"https:\/\/13.com.ar\/index.php\/wp-json\/wp\/v2\/users\/1"}],"replies":[{"embeddable":true,"href":"https:\/\/13.com.ar\/index.php\/wp-json\/wp\/v2\/comments?post=28966"}],"version-history":[{"count":0,"href":"https:\/\/13.com.ar\/index.php\/wp-json\/wp\/v2\/posts\/28966\/revisions"}],"wp:featuredmedia":[{"embeddable":true,"href":"https:\/\/13.com.ar\/index.php\/wp-json\/wp\/v2\/media\/28967"}],"wp:attachment":[{"href":"https:\/\/13.com.ar\/index.php\/wp-json\/wp\/v2\/media?parent=28966"}],"wp:term":[{"taxonomy":"category","embeddable":true,"href":"https:\/\/13.com.ar\/index.php\/wp-json\/wp\/v2\/categories?post=28966"},{"taxonomy":"post_tag","embeddable":true,"href":"https:\/\/13.com.ar\/index.php\/wp-json\/wp\/v2\/tags?post=28966"}],"curies":[{"name":"wp","href":"https:\/\/api.w.org\/{rel}","templated":true}]}}