{"id":28963,"date":"2025-05-27T15:22:30","date_gmt":"2025-05-27T18:22:30","guid":{"rendered":"https:\/\/13.com.ar\/index.php\/que-se-vota-el-domingo-8-de-junio\/"},"modified":"2025-05-27T15:22:30","modified_gmt":"2025-05-27T18:22:30","slug":"que-se-vota-el-domingo-8-de-junio","status":"publish","type":"post","link":"https:\/\/13.com.ar\/index.php\/que-se-vota-el-domingo-8-de-junio\/","title":{"rendered":"\u00bfqu\u00e9 se vota el domingo 8 de junio?"},"content":{"rendered":"<p> <br \/>\n<br \/><img decoding=\"async\" src=\"https:\/\/13.com.ar\/wp-content\/uploads\/2025\/04\/Que-pasa-si-no-vote-en-las-elecciones-anteriores-en.jpg\" \/><\/p>\n<div id=\"element-body-0\">\n<p>Se sabe que el 2025 es un a\u00f1o marcado por un intenso <strong>calendario electoral<\/strong> en nuestro pa\u00eds. A nivel nacional, se celebrar\u00e1n comicios que<strong> renovar\u00e1n una parte del Congreso de la Naci\u00f3n <\/strong>en octubre, pero en diversas provincias el calendario electoral toma caminos distintos. Por ejemplo, en <strong>Misiones habr\u00e1 elecciones<\/strong> el <strong>domingo 8 de junio: \u00bfQu\u00e9 se vota?<\/strong><\/p>\n<\/div>\n<div id=\"element-body-1\">\n<p>La provincia mesopot\u00e1mica votar\u00e1 el 8 de junio para <strong>renovar 20 bancas en la Legislatura provincial<\/strong>, y estas elecciones se dan en medio de una pol\u00e9mica nacional, luego de que<strong> se cayera Ficha Limpia<\/strong> en el Senado por el cambio de voto de los senadores <strong>Sonia Rojas Decut y Carlos Arce<\/strong>, de esa provincia. La oposici\u00f3n denunci\u00f3 un acuerdo entre el presidente <strong>Javier Milei<\/strong> y la dirigencia misionera, pero este lo neg\u00f3 de manera categ\u00f3rica.<\/p>\n<\/div>\n<div id=\"element-body-2\">\n<p>&#8220;<strong>Lo pidi\u00f3 Javier Milei<\/strong>&#8220;, dijo el exgobernador <strong>Carlos Rovira<\/strong>, en relaci\u00f3n al tema de los dos senadores que \u00e9l maneja. Lo admiti\u00f3 ante un grupo de dirigentes con los que suele reunirse los d\u00edas jueves y que forman parte de una escuela dirigencial que conduce el veterano caudillo provincial y verdadero jefe de Misiones.<\/p>\n<\/div>\n<div id=\"element-body-4\">\n<p>Es que el gobernador de Misiones es<strong> Hugo Passalacqua<\/strong>, pero el poder en la provincia lo maneja en realidad Rovira, aunque desde las sombras. Ex mandatario provincial, es en la actualidad el presidente del partido <strong>Renovador de la Concordia Misionero<\/strong>. <\/p>\n<\/div>\n<div id=\"element-body-5\">\n<p>Desde esa posici\u00f3n es quien elige al gobernador y a los diputados -tiene cuatro- y senadores nacionales (tiene dos). Se sabe que el todopoderoso cacique provincial se comunica con sus legisladores por un sistema de mensajer\u00eda cifrada con la indicaci\u00f3n de c\u00f3mo deben votar en el Congreso las leyes.<\/p>\n<\/div>\n<div id=\"element-body-7\">\n<p>Rovira felicit\u00f3 a los dos senadores que cambiaron el voto, en una maniobra que termin\u00f3 con el rechazo del proyecto de Ficha Limpia y termin\u00f3 beneficiando de manera directa a <strong>Cristina Kirchner<\/strong>. Las versiones de un pacto entre el Gobierno y el kirchnerismo se multiplicaron. Adem\u00e1s, el v\u00ednculo de Rovira y Misiones con el Gobierno de Milei es directo.<\/p>\n<\/div>\n<div id=\"element-body-8\">\n<p>Sus legisladores nacionales en Diputados y el Senado fueron clave para apoyar las leyes que impuls\u00f3 el oficialismo. Dieron sus votos por la <strong>Ley Bases<\/strong>, los pliegos de los jueces de la Corte <strong>Ariel Lijo y Manuel Garc\u00eda Mansilla<\/strong>, se ausentaron cuando se votaba la investigaci\u00f3n contra Milei por el caso $Libra y ratificaron el Mega DNU 70\/2023.<\/p>\n<\/div>\n<div id=\"element-body-9\">\n<p>Adem\u00e1s, la provincia de Misiones fue la m\u00e1s beneficiado por los fondos discrecionales que env\u00eda el Gobierno nacional. Seg\u00fan datos oficiales recibi\u00f3 16.000 millones de pesos entre 2024 y lo que va de 2025 de <strong>Aporte de Tesoro Nacional (ATN)<\/strong>.<\/p>\n<\/div>\n<div id=\"element-body-11\">\n<p>En Misiones se renovar\u00e1n 20 bancas en la Legislatura provincial y <strong>los libertarios van en tres listas<\/strong>, en un armado que favorece al oficialismo de Misiones, el Frente Renovador de la Concordia manejado por Rovira.<\/p>\n<\/div>\n<div id=\"element-body-12\">\n<p>Este \u00faltimo <strong>renueva 11 de las 20 bancas en juego<\/strong>. En Misiones <strong>Javier Milei mide bien<\/strong> -obtuvo el 56% en el balotaje de 2023-. Encuestas de la oposici\u00f3n marcan al Gobierno nacional con 50 puntos de imagen positiva y 35 de negativa. Pero el armado con libertarios repartidos en tres listas convierte en favorita a la fuerza de Rovira.<\/p>\n<\/div>\n<div id=\"element-body-13\">\n<p>Adem\u00e1s de los legisladores provinciales, tambi\u00e9n se renovar\u00e1n parte de 11 Concejos Deliberantes, incluyendo el de su capital, Posadas.<\/p>\n<\/div>\n<p><br \/>\n<br \/><a href=\"https:\/\/www.clarin.com\/informacion-general\/elecciones-2025-misiones-vota-domingo-8-junio_0_SMyCTCZ1B1.html\">Fuente Clarin.com <\/a><\/p>\n","protected":false},"excerpt":{"rendered":"<p>Se sabe que el 2025 es un a\u00f1o marcado por un intenso calendario electoral en nuestro pa\u00eds. A nivel nacional, se celebrar\u00e1n comicios que renovar\u00e1n una parte del Congreso de la Naci\u00f3n en octubre, pero en diversas provincias el calendario electoral toma caminos distintos. Por ejemplo, en Misiones habr\u00e1 elecciones el domingo 8 de junio: [&hellip;]<\/p>\n","protected":false},"author":1,"featured_media":20997,"comment_status":"open","ping_status":"open","sticky":false,"template":"","format":"standard","meta":{"footnotes":""},"categories":[2],"tags":[2845,16525,286,4654],"class_list":["post-28963","post","type-post","status-publish","format-standard","has-post-thumbnail","hentry","category-ultimas-noticias","tag-domingo","tag-junio","tag-que","tag-vota"],"_links":{"self":[{"href":"https:\/\/13.com.ar\/index.php\/wp-json\/wp\/v2\/posts\/28963","targetHints":{"allow":["GET"]}}],"collection":[{"href":"https:\/\/13.com.ar\/index.php\/wp-json\/wp\/v2\/posts"}],"about":[{"href":"https:\/\/13.com.ar\/index.php\/wp-json\/wp\/v2\/types\/post"}],"author":[{"embeddable":true,"href":"https:\/\/13.com.ar\/index.php\/wp-json\/wp\/v2\/users\/1"}],"replies":[{"embeddable":true,"href":"https:\/\/13.com.ar\/index.php\/wp-json\/wp\/v2\/comments?post=28963"}],"version-history":[{"count":0,"href":"https:\/\/13.com.ar\/index.php\/wp-json\/wp\/v2\/posts\/28963\/revisions"}],"wp:featuredmedia":[{"embeddable":true,"href":"https:\/\/13.com.ar\/index.php\/wp-json\/wp\/v2\/media\/20997"}],"wp:attachment":[{"href":"https:\/\/13.com.ar\/index.php\/wp-json\/wp\/v2\/media?parent=28963"}],"wp:term":[{"taxonomy":"category","embeddable":true,"href":"https:\/\/13.com.ar\/index.php\/wp-json\/wp\/v2\/categories?post=28963"},{"taxonomy":"post_tag","embeddable":true,"href":"https:\/\/13.com.ar\/index.php\/wp-json\/wp\/v2\/tags?post=28963"}],"curies":[{"name":"wp","href":"https:\/\/api.w.org\/{rel}","templated":true}]}}