{"id":28961,"date":"2025-05-27T15:13:29","date_gmt":"2025-05-27T18:13:29","guid":{"rendered":"https:\/\/13.com.ar\/index.php\/lo-que-los-expertos-quieren-que-sepas-sobre-los-microplasticos\/"},"modified":"2025-05-27T15:13:29","modified_gmt":"2025-05-27T18:13:29","slug":"lo-que-los-expertos-quieren-que-sepas-sobre-los-microplasticos","status":"publish","type":"post","link":"https:\/\/13.com.ar\/index.php\/lo-que-los-expertos-quieren-que-sepas-sobre-los-microplasticos\/","title":{"rendered":"Lo que los expertos quieren que sepas sobre los micropl\u00e1sticos"},"content":{"rendered":"<p> <br \/>\n<\/p>\n<div id=\"cuerpo\">\n<div class=\"sc-45461e9c-0 eqiBeF container-text text-embed \" id=\"element-body-0\">\n<p>Titulares recientes han suscitado preocupaci\u00f3n por los micropl\u00e1sticos en nuestros cuerpos y el da\u00f1o que pueden estar causando.<\/p>\n<\/div>\n<div class=\"sc-45461e9c-0 eqiBeF container-text text-embed \" id=\"element-body-1\">\n<p>Los cient\u00edficos afirman que podr\u00edan pasar a\u00f1os antes de que comprendamos por completo c\u00f3mo estas diminutas part\u00edculas de pl\u00e1stico afectan la salud humana.<\/p>\n<\/div>\n<div class=\"sc-45461e9c-0 eqiBeF container-text text-embed \" id=\"element-body-2\">\n<p>Pero s\u00ed sabemos que se han encontrado desde las profundidades de la Fosa de las Marianas hasta las alturas del Monte Everest. <\/p>\n<\/div>\n<div class=\"sc-45461e9c-0 eqiBeF container-text text-embed \" id=\"element-body-3\">\n<p>Y sabemos que el pl\u00e1stico tambi\u00e9n se acumula en nuestros cuerpos.<\/p>\n<\/div>\n<div class=\"sc-98b114a2-0 bkqiHH image-embed  image-embed \" id=\"element-body-4\"><picture class=\"sc-98b114a2-1 jRUlDm\"><source media=\"(min-width: 975px)\" width=\"720\" height=\"480\" \/><img alt=\"Micropl\u00e1sticos y desechos mesopl\u00e1sticos en la playa de Almaciga, en la costa norte de la isla canaria de Tenerife. (Foto de DESIREE MARTIN \/ AFP)\" loading=\"lazy\" width=\"720\" height=\"480\" decoding=\"async\" data-nimg=\"1\" style=\"color:transparent\" src=\"https:\/\/13.com.ar\/wp-content\/uploads\/2025\/05\/Lo-que-los-expertos-quieren-que-sepas-sobre-los-microplasticos.jpg\"\/><span class=\"epigraphe\">Micropl\u00e1sticos y desechos mesopl\u00e1sticos en la playa de Almaciga, en la costa norte de la isla canaria de Tenerife. (Foto de DESIREE MARTIN \/ AFP)<\/span><span class=\"picture-open\"><button class=\"open-image\" aria-label=\"Open Image\"\/><\/span><\/picture><\/div>\n<div class=\"sc-45461e9c-0 eqiBeF container-text text-embed \" id=\"element-body-5\">\n<p>\u201cEl aire que respiramos, el agua que bebemos, los alimentos que comemos&#8230; todo est\u00e1 presente\u201d, afirm\u00f3 Richard Thompson, bi\u00f3logo marino de la Universidad de Plymouth, quien acu\u00f1\u00f3 el t\u00e9rmino \u201cmicropl\u00e1sticos\u201d en un art\u00edculo de 2004. <\/p>\n<\/div>\n<p><h2>\u00bfQu\u00e9 son los micropl\u00e1sticos?<\/h2>\n<\/p>\n<div class=\"sc-45461e9c-0 eqiBeF container-text text-embed \" id=\"element-body-8\">\n<p>Los cient\u00edficos generalmente definen los micropl\u00e1sticos como fragmentos de menos de 5 mm de longitud. <\/p>\n<\/div>\n<div class=\"sc-45461e9c-0 eqiBeF container-text text-embed \" id=\"element-body-9\">\n<p>Los nanopl\u00e1sticos, que miden menos de 1 micr\u00f3metro, son los m\u00e1s peque\u00f1os y los que tienen m\u00e1s probabilidades de penetrar en la sangre y los tejidos.<\/p>\n<\/div>\n<div class=\"sc-45461e9c-0 eqiBeF container-text text-embed \" id=\"element-body-10\">\n<p>Los micropl\u00e1sticos provienen en su mayor\u00eda de pl\u00e1sticos m\u00e1s grandes, que se degradan con el uso o cuando no se desechan adecuadamente, dijo Jeffrey Farner, profesor asistente de ingenier\u00eda civil y ambiental en la Facultad de Ingenier\u00eda de la Universidad A&amp;M de Florida-Universidad Estatal de Florida.<\/p>\n<\/div>\n<div class=\"sc-45461e9c-0 eqiBeF container-text text-embed \" id=\"element-body-11\">\n<p>\u201cUsamos pl\u00e1sticos en \u00e1reas o de maneras que se prestan a la producci\u00f3n de micropl\u00e1sticos o a su descomposici\u00f3n con el tiempo\u201d, dijo Farner, por ejemplo, en materiales de construcci\u00f3n que se desgastan al aire libre; en tuber\u00edas que generan micropl\u00e1sticos al cortarse; y en la agricultura, como mantillo pl\u00e1stico o en sistemas de riego.<\/p>\n<\/div>\n<div class=\"sc-45461e9c-0 eqiBeF container-text text-embed \" id=\"element-body-12\">\n<p>M\u00e1s de un tercio del pl\u00e1stico que se produce hoy en d\u00eda se destina a envases, incluyendo art\u00edculos de un solo uso, como envases de alimentos, que en su mayor\u00eda acaban como residuos. <\/p>\n<\/div>\n<div class=\"sc-45461e9c-0 eqiBeF container-text text-embed \" id=\"element-body-13\">\n<p>Una bolsa o botella de pl\u00e1stico desechada que llega al oc\u00e9ano o a la playa se expone a la luz ultravioleta, el calor y la abrasi\u00f3n de la arena. <\/p>\n<\/div>\n<div class=\"sc-45461e9c-0 eqiBeF container-text text-embed \" id=\"element-body-14\">\n<p>A partir de ah\u00ed, la bolsa o botella &#8220;se descompone en una enorme cantidad de micropl\u00e1sticos y nanopl\u00e1sticos&#8221;, afirm\u00f3 Farner.<\/p>\n<\/div>\n<p><h2>\u00bfC\u00f3mo entran a nuestro organismo?<\/h2>\n<\/p>\n<div class=\"sc-45461e9c-0 eqiBeF container-text text-embed \" id=\"element-body-16\">\n<p>Estos micropl\u00e1sticos y nanopl\u00e1sticos acaban en el aire, el suelo, el agua y los alimentos. <\/p>\n<\/div>\n<div class=\"sc-45461e9c-0 eqiBeF container-text text-embed \" id=\"element-body-17\">\n<p>El desgaste de los neum\u00e1ticos de nuestros coches, por ejemplo, produce part\u00edculas que contaminan el aire y el agua. <\/p>\n<\/div>\n<div class=\"sc-45461e9c-0 eqiBeF container-text text-embed \" id=\"element-body-18\">\n<p>Los micropl\u00e1sticos filtrados de las aguas residuales acaban en lodos que se utilizan como fertilizantes. <\/p>\n<\/div>\n<div class=\"sc-45461e9c-0 eqiBeF container-text text-embed \" id=\"element-body-19\">\n<p>Los filtros de pl\u00e1stico de los cigarrillos acaban en lagos y oc\u00e9anos, donde se degradan con el tiempo.<\/p>\n<\/div>\n<div class=\"sc-45461e9c-0 eqiBeF container-text text-embed \" id=\"element-body-20\">\n<p>Los humanos inhalan y ingieren estas part\u00edculas. <\/p>\n<\/div>\n<div class=\"sc-45461e9c-0 eqiBeF container-text text-embed \" id=\"element-body-21\">\n<p>Algunas investigaciones sugieren que las plantas las absorben directamente del suelo y las incorporan a sus ra\u00edces, seg\u00fan Christy Tyler, profesora de ciencias ambientales del Instituto Tecnol\u00f3gico de Rochester. <\/p>\n<\/div>\n<div class=\"sc-45461e9c-0 eqiBeF container-text text-embed \" id=\"element-body-22\">\n<p>Cuanto m\u00e1s alto se encuentra un animal en la cadena alimentaria, mayor es la concentraci\u00f3n de micropl\u00e1sticos que probablemente se encuentre en su interior. <\/p>\n<\/div>\n<div class=\"sc-45461e9c-0 eqiBeF container-text text-embed \" id=\"element-body-23\">\n<p>Los micropl\u00e1sticos tambi\u00e9n son m\u00e1s comunes en los alimentos altamente procesados, posiblemente debido a la contaminaci\u00f3n de la maquinaria de procesamiento o incluso de la ropa de los trabajadores.<\/p>\n<\/div>\n<div class=\"sc-45461e9c-0 eqiBeF container-text text-embed \" id=\"element-body-24\">\n<p>Los cient\u00edficos tienen una comprensi\u00f3n limitada de si los micropl\u00e1sticos podr\u00edan penetrar la piel y, de ser as\u00ed, c\u00f3mo, dijo Tracey Woodruff, directora del programa de salud reproductiva y medio ambiente de la Universidad de California en San Francisco.<\/p>\n<\/div>\n<div class=\"sc-45461e9c-0 eqiBeF container-text text-embed \" id=\"element-body-25\">\n<p>Pero, dijo Woodruff, algunas evidencias sugieren que podemos absorber micropl\u00e1sticos, y los qu\u00edmicos da\u00f1inos que contienen, de productos de cuidado personal como cosm\u00e9ticos y de nuestra ropa, que pierde fibras a medida que nos movemos.<\/p>\n<\/div>\n<div class=\"sc-45461e9c-0 eqiBeF container-text text-embed \" id=\"element-body-26\">\n<p>Nuestros cuerpos parecen eliminar algunos de estos micropl\u00e1sticos, en particular los de mayor tama\u00f1o. <\/p>\n<\/div>\n<div class=\"sc-45461e9c-0 eqiBeF container-text text-embed \" id=\"element-body-27\">\n<p>Se han encontrado micropl\u00e1sticos en heces y orina humanas.<\/p>\n<\/div>\n<div class=\"sc-45461e9c-0 eqiBeF container-text text-embed \" id=\"element-body-28\">\n<p>Jacques Robert, profesor de microbiolog\u00eda e inmunolog\u00eda, y de medicina ambiental, en la Universidad de Rochester, afirm\u00f3 que su propia investigaci\u00f3n sobre renacuajos alimentados con micropl\u00e1sticos revel\u00f3 que entre el 60 % y el 70 % del pl\u00e1stico se excretaba. <\/p>\n<\/div>\n<div class=\"sc-45461e9c-0 eqiBeF container-text text-embed \" id=\"element-body-29\">\n<p>(Esta investigaci\u00f3n a\u00fan no se ha publicado).<\/p>\n<\/div>\n<div class=\"sc-45461e9c-0 eqiBeF container-text text-embed \" id=\"element-body-30\">\n<p>Otros estudios han sugerido que el pl\u00e1stico no excretado en los desechos parece pasar del intestino a la sangre, y desde all\u00ed puede migrar a otros \u00f3rganos, incluido el h\u00edgado y el cerebro.<\/p>\n<\/div>\n<p><h2>\u00bfQu\u00e9 sabemos sobre los efectos sobre la salud?<\/h2>\n<\/p>\n<div class=\"sc-45461e9c-0 eqiBeF container-text text-embed \" id=\"element-body-32\">\n<p>Estudios en animales indican que los micropl\u00e1sticos pueden perjudicar la reproducci\u00f3n, en particular la calidad del esperma. <\/p>\n<\/div>\n<div class=\"sc-45461e9c-0 eqiBeF container-text text-embed \" id=\"element-body-33\">\n<p>Tambi\u00e9n pueden afectar el funcionamiento pulmonar e intestinal y aumentar el riesgo de c\u00e1ncer de pulm\u00f3n y colon, afirm\u00f3 Woodruff, quien revis\u00f3 la investigaci\u00f3n.<\/p>\n<\/div>\n<div class=\"sc-45461e9c-0 eqiBeF container-text text-embed \" id=\"element-body-34\">\n<p>Las investigaciones de Robert en renacuajos tambi\u00e9n han demostrado que los micropl\u00e1sticos pueden debilitar el <strong>sistema inmunol\u00f3gico<\/strong>.<\/p>\n<\/div>\n<div class=\"sc-45461e9c-0 eqiBeF container-text text-embed \" id=\"element-body-35\">\n<p>Tyler dijo que puede ser dif\u00edcil extrapolar los efectos en los humanos a partir de estudios realizados con animales, ya que el tipo y la cantidad de pl\u00e1sticos que se les dan a los animales en entornos experimentales a menudo difieren de la exposici\u00f3n cr\u00f3nica y de bajo nivel a part\u00edculas erosionadas que experimentamos nosotros.<\/p>\n<\/div>\n<div class=\"sc-45461e9c-0 eqiBeF container-text text-embed \" id=\"element-body-36\">\n<p>Dicho esto, existen investigaciones preliminares en humanos que muestran v\u00ednculos entre los micropl\u00e1sticos y los partos prematuros, la inflamaci\u00f3n y las enfermedades cardiovasculares. <\/p>\n<\/div>\n<div class=\"sc-45461e9c-0 eqiBeF container-text text-embed \" id=\"element-body-37\">\n<p>Adem\u00e1s, existe evidencia s\u00f3lida de que algunas sustancias qu\u00edmicas presentes en los pl\u00e1sticos son perjudiciales para los humanos. <\/p>\n<\/div>\n<div class=\"sc-45461e9c-0 eqiBeF container-text text-embed \" id=\"element-body-38\">\n<p>Estas incluyen las sustancias perfluoroalquiladas y polifluoroalquiladas (PFAS), algunas de las cuales se han clasificado como carcin\u00f3genos humanos conocidos o probables. <\/p>\n<\/div>\n<div class=\"sc-45461e9c-0 eqiBeF container-text text-embed \" id=\"element-body-39\">\n<p>Tambi\u00e9n incluyen el bisfenol A y los ftalatos, que alteran la funci\u00f3n hormonal normal.<\/p>\n<\/div>\n<p><h2>\u00bfC\u00f3mo podemos reducir la exposici\u00f3n?<\/h2>\n<\/p>\n<div class=\"sc-45461e9c-0 eqiBeF container-text text-embed \" id=\"element-body-41\">\n<p>Una de las medidas m\u00e1s efectivas podr\u00eda ser simplemente no beber agua de botellas de pl\u00e1stico, especialmente si han estado expuestas al sol, dijo Woodruff.<\/p>\n<\/div>\n<div class=\"sc-45461e9c-0 eqiBeF container-text text-embed \" id=\"element-body-42\">\n<p>Otra opci\u00f3n es evitar calentar alimentos en recipientes de pl\u00e1stico. <\/p>\n<\/div>\n<div class=\"sc-45461e9c-0 eqiBeF container-text text-embed \" id=\"element-body-43\">\n<p>Los expertos recomiendan cambiar a recipientes de<strong> vidrio o acero<\/strong> para almacenar alimentos, o al menos transferir los alimentos a un recipiente de vidrio o cer\u00e1mica antes de calentarlos.<\/p>\n<\/div>\n<div class=\"sc-45461e9c-0 eqiBeF container-text text-embed \" id=\"element-body-44\">\n<p>Comer m\u00e1s frutas y verduras frescas tambi\u00e9n puede ayudar. <\/p>\n<\/div>\n<div class=\"sc-45461e9c-0 eqiBeF container-text text-embed \" id=\"element-body-45\">\n<p>Los alimentos envasados \u200b\u200by altamente procesados \u200b\u200bcontienen muchos m\u00e1s micropl\u00e1sticos, y estas part\u00edculas tambi\u00e9n pueden concentrarse en el pescado y la carne.<\/p>\n<\/div>\n<div class=\"sc-45461e9c-0 eqiBeF container-text text-embed \" id=\"element-body-46\">\n<p>Aspirar la casa regularmente y usar un purificador de aire con <strong>filtro HEPA<\/strong> puede reducir la cantidad de micropl\u00e1sticos que inhala, dijo Tyler, y limpiar las superficies con un pa\u00f1o h\u00famedo puede evitar que las part\u00edculas regresen al aire.<\/p>\n<\/div>\n<div class=\"sc-45461e9c-0 eqiBeF container-text text-embed \" id=\"element-body-47\">\n<p>Lavar la ropa de fibras sint\u00e9ticas, como el acr\u00edlico o el nailon, antes de usarla por primera vez tambi\u00e9n puede ayudar a reducir la exposici\u00f3n, al eliminar los micropl\u00e1sticos que quedan del proceso de corte y costura.<\/p>\n<\/div>\n<div class=\"sc-45461e9c-0 eqiBeF container-text text-embed \" id=\"element-body-48\">\n<p> (Sin embargo, al hacerlo tambi\u00e9n se introducen micropl\u00e1sticos en las aguas residuales). <\/p>\n<\/div>\n<div class=\"sc-45461e9c-0 eqiBeF container-text text-embed \" id=\"element-body-49\">\n<p>La ropa de fibras naturales, como el algod\u00f3n o la lana, evita por completo el problema de los micropl\u00e1sticos.<\/p>\n<\/div>\n<div class=\"sc-45461e9c-0 eqiBeF container-text text-embed \" id=\"element-body-50\">\n<p>Sin embargo, estas medidas tienen limitaciones. <\/p>\n<\/div>\n<div class=\"sc-45461e9c-0 eqiBeF container-text text-embed \" id=\"element-body-51\">\n<p>El pl\u00e1stico es omnipresente y, a menudo, la opci\u00f3n m\u00e1s asequible. <\/p>\n<\/div>\n<div class=\"sc-45461e9c-0 eqiBeF container-text text-embed \" id=\"element-body-52\">\n<p>&#8220;No deber\u00eda recaer exclusivamente sobre el consumidor la responsabilidad de tomar estas decisiones&#8221;, afirm\u00f3 Tyler. <\/p>\n<\/div>\n<div class=\"sc-45461e9c-0 eqiBeF container-text text-embed \" id=\"element-body-53\">\n<p>Tampoco est\u00e1 del todo claro que evitar las botellas de agua o las tablas de cortar de pl\u00e1stico reduzca significativamente la exposici\u00f3n a lo largo de la vida cuando los residuos pl\u00e1sticos se acumulan en el suelo, el aire y el agua.<\/p>\n<\/div>\n<div class=\"sc-45461e9c-0 eqiBeF container-text text-embed \" id=\"element-body-54\">\n<p>Los expertos afirmaron que los gobiernos tendr\u00edan que regular y reducir los pl\u00e1sticos no esenciales para detener esa acumulaci\u00f3n. <\/p>\n<\/div>\n<div class=\"sc-45461e9c-0 eqiBeF container-text text-embed \" id=\"element-body-56\">\n<p>Estados Unidos y Europa, por ejemplo, prohibieron el uso de microesferas en cosm\u00e9ticos, y varios estados de EE. UU. est\u00e1n eliminando gradualmente el poliestireno extruido en los envases de alimentos. <\/p>\n<\/div>\n<div class=\"sc-45461e9c-0 eqiBeF container-text text-embed \" id=\"element-body-57\">\n<p>Adem\u00e1s, 175 pa\u00edses han acordado crear un tratado de las Naciones Unidas para erradicar la contaminaci\u00f3n por pl\u00e1sticos.<\/p>\n<\/div>\n<div class=\"sc-45461e9c-0 eqiBeF container-text text-embed \" id=\"element-body-58\">\n<p>En comparaci\u00f3n con las actitudes de hace 20 a\u00f1os, dijo Thompson, ahora hay \u201cun apetito p\u00fablico\u201d por el cambio.<\/p>\n<\/div>\n<div class=\"sc-45461e9c-0 eqiBeF container-text text-embed \" id=\"element-body-59\">\n<p><strong>c.2025 The New York Times Company<\/strong><\/p>\n<\/div>\n<\/div>\n<p><br \/>\n<br \/><a href=\"https:\/\/www.clarin.com\/new-york-times-international-weekly\/expertos-quieren-sepas-microplasticos_0_suWIWkAyv8.html\">Fuente Clarin.com <\/a><\/p>\n","protected":false},"excerpt":{"rendered":"<p>Titulares recientes han suscitado preocupaci\u00f3n por los micropl\u00e1sticos en nuestros cuerpos y el da\u00f1o que pueden estar causando. Los cient\u00edficos afirman que podr\u00edan pasar a\u00f1os antes de que comprendamos por completo c\u00f3mo estas diminutas part\u00edculas de pl\u00e1stico afectan la salud humana. Pero s\u00ed sabemos que se han encontrado desde las profundidades de la Fosa de [&hellip;]<\/p>\n","protected":false},"author":1,"featured_media":28962,"comment_status":"open","ping_status":"open","sticky":false,"template":"","format":"standard","meta":{"footnotes":""},"categories":[2],"tags":[1887,28,19355,585,19560,732],"class_list":["post-28961","post","type-post","status-publish","format-standard","has-post-thumbnail","hentry","category-ultimas-noticias","tag-expertos","tag-los","tag-microplasticos","tag-quieren","tag-sepas","tag-sobre"],"_links":{"self":[{"href":"https:\/\/13.com.ar\/index.php\/wp-json\/wp\/v2\/posts\/28961","targetHints":{"allow":["GET"]}}],"collection":[{"href":"https:\/\/13.com.ar\/index.php\/wp-json\/wp\/v2\/posts"}],"about":[{"href":"https:\/\/13.com.ar\/index.php\/wp-json\/wp\/v2\/types\/post"}],"author":[{"embeddable":true,"href":"https:\/\/13.com.ar\/index.php\/wp-json\/wp\/v2\/users\/1"}],"replies":[{"embeddable":true,"href":"https:\/\/13.com.ar\/index.php\/wp-json\/wp\/v2\/comments?post=28961"}],"version-history":[{"count":0,"href":"https:\/\/13.com.ar\/index.php\/wp-json\/wp\/v2\/posts\/28961\/revisions"}],"wp:featuredmedia":[{"embeddable":true,"href":"https:\/\/13.com.ar\/index.php\/wp-json\/wp\/v2\/media\/28962"}],"wp:attachment":[{"href":"https:\/\/13.com.ar\/index.php\/wp-json\/wp\/v2\/media?parent=28961"}],"wp:term":[{"taxonomy":"category","embeddable":true,"href":"https:\/\/13.com.ar\/index.php\/wp-json\/wp\/v2\/categories?post=28961"},{"taxonomy":"post_tag","embeddable":true,"href":"https:\/\/13.com.ar\/index.php\/wp-json\/wp\/v2\/tags?post=28961"}],"curies":[{"name":"wp","href":"https:\/\/api.w.org\/{rel}","templated":true}]}}