{"id":28959,"date":"2025-05-27T15:10:30","date_gmt":"2025-05-27T18:10:30","guid":{"rendered":"https:\/\/13.com.ar\/index.php\/anibal-pachano-reivindico-la-dictadura-y-genero-indignacion\/"},"modified":"2025-05-27T15:10:30","modified_gmt":"2025-05-27T18:10:30","slug":"anibal-pachano-reivindico-la-dictadura-y-genero-indignacion","status":"publish","type":"post","link":"https:\/\/13.com.ar\/index.php\/anibal-pachano-reivindico-la-dictadura-y-genero-indignacion\/","title":{"rendered":"An\u00edbal Pachano reivindic\u00f3 la dictadura y gener\u00f3 indignaci\u00f3n"},"content":{"rendered":"<p> <br \/>\n<br \/><img decoding=\"async\" src=\"https:\/\/13.com.ar\/wp-content\/uploads\/2025\/05\/Anibal-Pachano-reivindico-la-dictadura-y-genero-indignacion.jpg\" \/><\/p>\n<div id=\"element-body-0\">\n<p>Aunque en los \u00faltimos a\u00f1os mantiene un perfil m\u00e1s bajo, <strong>An\u00edbal Pachano <\/strong>volvi\u00f3 a generar pol\u00e9mica luego de lanzar fuertes dichos en su programa radial en los que<strong> reivindic\u00f3 la \u00faltima dictadura c\u00edvico-militar.<\/strong><\/p>\n<\/div>\n<div id=\"element-body-1\">\n<p>El reconocido bailar\u00edn y core\u00f3grafo es desde hace un tiempo el conductor de <em>Al\u00f3 Pachano<\/em>, en Radio Nacional. Fue all\u00ed, en su editorial del programa semanal en Radio Nacional, en que <strong>defini\u00f3 a la dictadura como el \u201c\u00faltimo vestigio de cultura\u201d en el pa\u00eds.<\/strong><\/p>\n<\/div>\n<div id=\"element-body-2\">\n<p>Sus declaraciones no tardaron en viralizarse en las redes sociales y fueron fuertemente criticadas y repudiadas.<\/p>\n<\/div>\n<div id=\"element-body-3\">\n<p>\u201c<strong>Estamos equivocados<\/strong>. Venimos hace muchos a\u00f1os, no de 20, hace 40 a\u00f1os equivocados. Primero se le ech\u00f3 la culpa a los milicos&#8230; no, los milicos\u2026 <strong>Yo me recib\u00ed durante el proceso y hab\u00eda que agarrarse los pantalones<\/strong>\u201d, plante\u00f3 Pachano este domingo por la ma\u00f1ana.<\/p>\n<\/div>\n<div id=\"element-body-4\">\n<p>Y sigui\u00f3: \u201cPero, en realidad,<strong> fue el \u00faltimo vestigio de cultura<\/strong> en el sentido de que hab\u00eda una camada de profesores que no mezclaba todo y hac\u00eda una ensalada rusa\u201d.<\/p>\n<\/div>\n<div id=\"element-body-5\">\n<p>\u201cDespu\u00e9s con el tiempo, ya en democracia, se mejor\u00f3. <strong>Despu\u00e9s de los 90 empez\u00f3 una situaci\u00f3n de pan y circo. <\/strong>Hay que marcar eso\u201d, agreg\u00f3 An\u00edbal.<\/p>\n<\/div>\n<div id=\"element-body-7\">\n<p>Luego, defendi\u00f3 el mandato del jefe de Gobierno de la dictadura (entre 1976 y 1982), Osvaldo Cacciatore. \u201cSi no es como que no podamos decir que la Ciudad en la \u00e9poca de Cacciatore estaba ordenada. <strong>S\u00ed estaba ordenada, m\u00e1s all\u00e1 de que fuera milico o no fuera milico<\/strong>\u201d, asegur\u00f3.<\/p>\n<\/div>\n<div id=\"element-body-8\">\n<p>Y, en esa misma l\u00ednea, agreg\u00f3: \u201cEstaba limpia, ten\u00eda horarios nocturnos para carga y descarga, entonces <strong>cuando el tr\u00e1nsito empezaba a fluir era m\u00e1s llevadero. <\/strong>Ahora est\u00e1s con la camioneta, el auto, el cami\u00f3n y es un caos\u201d.<\/p>\n<\/div>\n<div id=\"element-body-9\">\n<p>El recorte de sus dichos fueron reproducidos por miles de personas en las redes sociales, quienes no se ahorraron en cr\u00edticas y comentarios en los que mostraban su indignaci\u00f3n ante las declaraciones del core\u00f3grafo.<\/p>\n<\/div>\n<div id=\"element-body-10\">\n<p>En la mayor\u00eda, se habla de c\u00f3mo Pachano, con sus dichos <strong>\u201cenalteciendo\u201d la cultura de los mencionados a\u00f1os<\/strong>, elimina y banaliza las torturas, desapariciones y asesinatos de personas en mano de los militares.<\/p>\n<\/div>\n<div id=\"element-body-12\">\n<p>\u201cEsto de Pachano reivindicando la dictadura genocida es tremendo, pero es otro de los fen\u00f3menos que crecen con este gobierno libertario: Piazza, Pachano, Milei&#8230; <strong>Cada vez son m\u00e1s viejos trolos fachos diciendo barbaridades<\/strong>\u201d, escribi\u00f3 un usuario en X (ex Twitter).<\/p>\n<\/div>\n<div id=\"element-body-13\">\n<p>Y le siguieron: \u201c\u00bfYa echaron a Pachano de radio Nacional?\u201d, \u201cSab\u00e9s qu\u00e9 pasa, Pachano, <strong>a la siguiente generaci\u00f3n la asesinaron tus cultos milicos<\/strong>\u201d, \u201c\u00bfPor qu\u00e9 hay que bancar a gente que tiene este tipo de discurso?\u201d,<strong> \u201c\u00bfLa llam\u00f3 \u2018el proceso\u2019?&#8221;<\/strong>, \u201cVivi\u00f3 del pan y circo todo lo que dur\u00f3 el show decadente de Tinelli, \u00bfqu\u00e9 dice?\u201d, \u201c<strong>Mezcla el tr\u00e1nsito con los milicos, \u00bfqu\u00e9 le pasa?\u201d<\/strong>.<\/p>\n<\/div>\n<div id=\"element-body-14\">\n<p>\u201cMientras estos meados sigan teniendo micr\u00f3fono, van a seguir escuch\u00e1ndose cosas de meados\u201d, \u201cComo le da la cara para hablar ante un micr\u00f3fono siendo realmente<strong> tan bruto e ignorante<\/strong>, que cosa de locos\u201d, \u201cSi fu\u00e9ramos un pa\u00eds serio, estos comentarios ameritan c\u00e1rcel como Alemania\u201d, <strong>\u201cNazi y fascista\u201d <\/strong>y \u201cPachano hablando de pan, circo y cultura y no se pone colorado\u201d, fueron otros de los comentarios que se leyeron.<\/p>\n<\/div>\n<p><br \/>\n<br \/><a href=\"https:\/\/www.clarin.com\/fama\/ultimo-vestigio-cultura-anibal-pachano-reivindico-dictadura-genero-indignacion_0_1n2GjDxmJx.html\">Fuente Clarin.com <\/a><\/p>\n","protected":false},"excerpt":{"rendered":"<p>Aunque en los \u00faltimos a\u00f1os mantiene un perfil m\u00e1s bajo, An\u00edbal Pachano volvi\u00f3 a generar pol\u00e9mica luego de lanzar fuertes dichos en su programa radial en los que reivindic\u00f3 la \u00faltima dictadura c\u00edvico-militar. El reconocido bailar\u00edn y core\u00f3grafo es desde hace un tiempo el conductor de Al\u00f3 Pachano, en Radio Nacional. Fue all\u00ed, en su [&hellip;]<\/p>\n","protected":false},"author":1,"featured_media":28960,"comment_status":"open","ping_status":"open","sticky":false,"template":"","format":"standard","meta":{"footnotes":""},"categories":[2],"tags":[18445,3476,630,7117,19558,19559],"class_list":["post-28959","post","type-post","status-publish","format-standard","has-post-thumbnail","hentry","category-ultimas-noticias","tag-anibal","tag-dictadura","tag-genero","tag-indignacion","tag-pachano","tag-reivindico"],"_links":{"self":[{"href":"https:\/\/13.com.ar\/index.php\/wp-json\/wp\/v2\/posts\/28959","targetHints":{"allow":["GET"]}}],"collection":[{"href":"https:\/\/13.com.ar\/index.php\/wp-json\/wp\/v2\/posts"}],"about":[{"href":"https:\/\/13.com.ar\/index.php\/wp-json\/wp\/v2\/types\/post"}],"author":[{"embeddable":true,"href":"https:\/\/13.com.ar\/index.php\/wp-json\/wp\/v2\/users\/1"}],"replies":[{"embeddable":true,"href":"https:\/\/13.com.ar\/index.php\/wp-json\/wp\/v2\/comments?post=28959"}],"version-history":[{"count":0,"href":"https:\/\/13.com.ar\/index.php\/wp-json\/wp\/v2\/posts\/28959\/revisions"}],"wp:featuredmedia":[{"embeddable":true,"href":"https:\/\/13.com.ar\/index.php\/wp-json\/wp\/v2\/media\/28960"}],"wp:attachment":[{"href":"https:\/\/13.com.ar\/index.php\/wp-json\/wp\/v2\/media?parent=28959"}],"wp:term":[{"taxonomy":"category","embeddable":true,"href":"https:\/\/13.com.ar\/index.php\/wp-json\/wp\/v2\/categories?post=28959"},{"taxonomy":"post_tag","embeddable":true,"href":"https:\/\/13.com.ar\/index.php\/wp-json\/wp\/v2\/tags?post=28959"}],"curies":[{"name":"wp","href":"https:\/\/api.w.org\/{rel}","templated":true}]}}