{"id":28955,"date":"2025-05-27T15:04:32","date_gmt":"2025-05-27T18:04:32","guid":{"rendered":"https:\/\/13.com.ar\/index.php\/las-nubes-rho-ophiuchi-y-la-nebulosa-zeta-en-la-via-lactea\/"},"modified":"2025-05-27T15:04:32","modified_gmt":"2025-05-27T18:04:32","slug":"las-nubes-rho-ophiuchi-y-la-nebulosa-zeta-en-la-via-lactea","status":"publish","type":"post","link":"https:\/\/13.com.ar\/index.php\/las-nubes-rho-ophiuchi-y-la-nebulosa-zeta-en-la-via-lactea\/","title":{"rendered":"las nubes Rho Ophiuchi y la nebulosa Zeta en la V\u00eda L\u00e1ctea"},"content":{"rendered":"<p> <br \/>\n<br \/><img decoding=\"async\" src=\"https:\/\/13.com.ar\/wp-content\/uploads\/2025\/05\/las-nubes-Rho-Ophiuchi-y-la-nebulosa-Zeta-en-la.jpg\" \/><\/p>\n<div id=\"element-body-0\">\n<p>Contempla una de las regiones m\u00e1s fotog\u00e9nicas del cielo nocturno, capturada <strong>de manera impresionante. <\/strong><\/p>\n<\/div>\n<div id=\"element-body-1\">\n<p>Destacada, la banda de nuestra galaxia, la V\u00eda L\u00e1ctea, corre diagonalmente a lo largo de la esquina inferior izquierda, mientras que el colorido complejo de <strong>nubes Rho Ophiuchi<\/strong> es visible justo a la derecha del centro y<strong> la gran nebulosa roja circular Zeta Ophiuchi <\/strong>aparece cerca de la parte superior. <\/p>\n<\/div>\n<div id=\"element-body-2\">\n<p>En general, el rojo emana de nebulosas que brillan a la luz del gas de hidr\u00f3geno excitado, mientras que <strong>el azul marca el polvo interestelar<\/strong> que refleja preferentemente la luz de estrellas j\u00f3venes brillantes. <\/p>\n<\/div>\n<div id=\"element-body-4\">\n<p>El polvo espeso generalmente aparece marr\u00f3n oscuro. <\/p>\n<\/div>\n<div id=\"element-body-5\">\n<p>Aparecen muchos objetos ic\u00f3nicos del cielo nocturno, incluidos (\u00bfpuedes encontrarlos?) <strong>la brillante estrella Antares<\/strong>, el c\u00famulo estelar globular M4 y la nebulosa Cabeza de Caballo Azul . <\/p>\n<\/div>\n<div id=\"element-body-6\">\n<p>Esta composici\u00f3n de campo amplio , tomada durante 17 horas, fue capturada desde Sud\u00e1frica en junio pasado.<\/p>\n<\/div>\n<p><br \/>\n<br \/><a href=\"https:\/\/www.clarin.com\/viste\/foto-nasa-dia-nubes-rho-ophiuchi-nebulosa-zeta-via-lactea_0_2DUdxPaqzu.html\">Fuente Clarin.com <\/a><\/p>\n","protected":false},"excerpt":{"rendered":"<p>Contempla una de las regiones m\u00e1s fotog\u00e9nicas del cielo nocturno, capturada de manera impresionante. Destacada, la banda de nuestra galaxia, la V\u00eda L\u00e1ctea, corre diagonalmente a lo largo de la esquina inferior izquierda, mientras que el colorido complejo de nubes Rho Ophiuchi es visible justo a la derecha del centro y la gran nebulosa roja [&hellip;]<\/p>\n","protected":false},"author":1,"featured_media":28956,"comment_status":"open","ping_status":"open","sticky":false,"template":"","format":"standard","meta":{"footnotes":""},"categories":[2],"tags":[11592,48,15296,9436,19556,19555,6721,19557],"class_list":["post-28955","post","type-post","status-publish","format-standard","has-post-thumbnail","hentry","category-ultimas-noticias","tag-lactea","tag-las","tag-nebulosa","tag-nubes","tag-ophiuchi","tag-rho","tag-via","tag-zeta"],"_links":{"self":[{"href":"https:\/\/13.com.ar\/index.php\/wp-json\/wp\/v2\/posts\/28955","targetHints":{"allow":["GET"]}}],"collection":[{"href":"https:\/\/13.com.ar\/index.php\/wp-json\/wp\/v2\/posts"}],"about":[{"href":"https:\/\/13.com.ar\/index.php\/wp-json\/wp\/v2\/types\/post"}],"author":[{"embeddable":true,"href":"https:\/\/13.com.ar\/index.php\/wp-json\/wp\/v2\/users\/1"}],"replies":[{"embeddable":true,"href":"https:\/\/13.com.ar\/index.php\/wp-json\/wp\/v2\/comments?post=28955"}],"version-history":[{"count":0,"href":"https:\/\/13.com.ar\/index.php\/wp-json\/wp\/v2\/posts\/28955\/revisions"}],"wp:featuredmedia":[{"embeddable":true,"href":"https:\/\/13.com.ar\/index.php\/wp-json\/wp\/v2\/media\/28956"}],"wp:attachment":[{"href":"https:\/\/13.com.ar\/index.php\/wp-json\/wp\/v2\/media?parent=28955"}],"wp:term":[{"taxonomy":"category","embeddable":true,"href":"https:\/\/13.com.ar\/index.php\/wp-json\/wp\/v2\/categories?post=28955"},{"taxonomy":"post_tag","embeddable":true,"href":"https:\/\/13.com.ar\/index.php\/wp-json\/wp\/v2\/tags?post=28955"}],"curies":[{"name":"wp","href":"https:\/\/api.w.org\/{rel}","templated":true}]}}