{"id":28951,"date":"2025-05-27T14:46:30","date_gmt":"2025-05-27T17:46:30","guid":{"rendered":"https:\/\/13.com.ar\/index.php\/la-quiebra-obliga-a-una-iconica-cadena-de-helados-a-cerrar-500-locales\/"},"modified":"2025-05-27T14:46:30","modified_gmt":"2025-05-27T17:46:30","slug":"la-quiebra-obliga-a-una-iconica-cadena-de-helados-a-cerrar-500-locales","status":"publish","type":"post","link":"https:\/\/13.com.ar\/index.php\/la-quiebra-obliga-a-una-iconica-cadena-de-helados-a-cerrar-500-locales\/","title":{"rendered":"La quiebra obliga a una ic\u00f3nica cadena de helados a cerrar 500 locales"},"content":{"rendered":"<p> <br \/>\n<br \/><img decoding=\"async\" src=\"https:\/\/13.com.ar\/wp-content\/uploads\/2025\/05\/La-quiebra-obliga-a-una-iconica-cadena-de-helados-a.jpg\" \/><\/p>\n<div id=\"element-body-0\">\n<p>Da\u00f1o colateral. A veces, una empresa sufre da\u00f1os sin tener la culpa.<\/p>\n<\/div>\n<div id=\"element-body-1\">\n<p>Miles de restaurantes y comercios, por ejemplo, perdieron clientes cuando la pandemia de Covid-19 oblig\u00f3 a todos a quedarse en su casa. Si la gente no iba a trabajar, no ten\u00eda la oportunidad de tomar un caf\u00e9 en un bar ni de comprar comida en los restaurantes cercanos.<\/p>\n<\/div>\n<div id=\"element-body-2\">\n<p>Dado que muchas empresas mantuvieron un horario de teletrabajo o h\u00edbrido tras la disminuci\u00f3n del impacto del Covid-19, muchos de esos clientes simplemente no volvieron.<strong> No fue culpa de esas empresas, pero aun as\u00ed sufrieron.<\/strong><\/p>\n<\/div>\n<div id=\"element-body-3\">\n<p>Las quiebras suelen tener sus propios da\u00f1os colaterales. A veces, una empresa que se declara en quiebra posee marcas que tienen \u00e9xito por s\u00ed solas.<\/p>\n<\/div>\n<div id=\"element-body-5\">\n<p>Esas marcas pueden venderse como parte de una declaraci\u00f3n de quiebra bajo el Cap\u00edtulo 11 de la Ley de Quiebras de Estados Unidos, o simplemente podr\u00edan perderse durante el proceso. <strong>Es una situaci\u00f3n lamentable que est\u00e1 resurgiendo con la quiebra de Rite Aid, una cadena de farmacias de EE.UU. fundada en 1962.<\/strong><\/p>\n<\/div>\n<div id=\"element-body-8\">\n<p>Las farmacias y los helados tienen una larga historia. Muchas farmacias ten\u00edan mostradores de helados, y algunas, como Rite Aid, ten\u00edan sus propias marcas.<\/p>\n<\/div>\n<div id=\"element-body-9\">\n<p>El helado Thrifty se lanz\u00f3 en 1940 en una peque\u00f1a f\u00e1brica de Los Angeles. Pronto se hizo popular. Y ya en la d\u00e9cada del 70 se convirti\u00f3 en un producto de culto para toda la Costa Oeste de Estados Unidos. <\/p>\n<\/div>\n<div id=\"element-body-11\">\n<p>Thrifty Ice Cream ofrece una amplia variedad de sabores y productos, incluyendo helados de crema, yogur griego helado y postres helados.<\/p>\n<\/div>\n<div id=\"element-body-12\">\n<p>Actualmente, Rite Aid es propietario de Thrifty Ice Cream y tiene 500 farmacias que lo ofrecen a trav\u00e9s de un mostrador de helados al estilo tradicional.<\/p>\n<\/div>\n<div id=\"element-body-14\">\n<p>Thrifty Ice Cream es conocida por dos cosas. Primero, tiene una bola patentada que produce una especie de cono de helado cuadrado. La compa\u00f1\u00eda tambi\u00e9n es conocida por su innovaci\u00f3n en sabores.<\/p>\n<\/div>\n<div id=\"element-body-16\">\n<p><strong>Las aproximadamente 500 helader\u00edas Thrifty Ice Cream que se encuentran dentro de las farmacias Rite Aid cerrar\u00e1n como parte de la quiebra de Rite Aid. <\/strong>Dado que estas helader\u00edas se encuentran dentro de las farmacias Rite Aid, no pueden venderse como un activo independiente.<\/p>\n<\/div>\n<div id=\"element-body-17\">\n<p>Thrifty Ice Cream tambi\u00e9n se vende en la secci\u00f3n de congelados de varios supermercados. Un comprador podr\u00eda continuar operando la marca, vendiendo helados envasados \u200b\u200ba cadenas de supermercados. Tambi\u00e9n podr\u00eda seguir abasteciendo a los mostradores de helados que no pertenecen a Rite Aid.<\/p>\n<\/div>\n<div id=\"element-body-18\">\n<p>Tambi\u00e9n es posible que un comprador adquiera la f\u00e1brica para elaborar su propio helado o incluso producir algo m\u00e1s.<strong> Y siempre, l\u00f3gicamente, tambi\u00e9n es posible que no surja ning\u00fan comprador.<\/strong><\/p>\n<\/div>\n<p><br \/>\n<br \/><a href=\"https:\/\/www.clarin.com\/internacional\/quiebra-obliga-iconica-cadena-helados-cerrar-500-locales_0_mgQXuFpSHq.html\">Fuente Clarin.com <\/a><\/p>\n","protected":false},"excerpt":{"rendered":"<p>Da\u00f1o colateral. A veces, una empresa sufre da\u00f1os sin tener la culpa. Miles de restaurantes y comercios, por ejemplo, perdieron clientes cuando la pandemia de Covid-19 oblig\u00f3 a todos a quedarse en su casa. Si la gente no iba a trabajar, no ten\u00eda la oportunidad de tomar un caf\u00e9 en un bar ni de comprar [&hellip;]<\/p>\n","protected":false},"author":1,"featured_media":28952,"comment_status":"open","ping_status":"open","sticky":false,"template":"","format":"standard","meta":{"footnotes":""},"categories":[2],"tags":[969,3463,19554,7539,5524,9358,279,73],"class_list":["post-28951","post","type-post","status-publish","format-standard","has-post-thumbnail","hentry","category-ultimas-noticias","tag-cadena","tag-cerrar","tag-helados","tag-iconica","tag-locales","tag-obliga","tag-quiebra","tag-una"],"_links":{"self":[{"href":"https:\/\/13.com.ar\/index.php\/wp-json\/wp\/v2\/posts\/28951","targetHints":{"allow":["GET"]}}],"collection":[{"href":"https:\/\/13.com.ar\/index.php\/wp-json\/wp\/v2\/posts"}],"about":[{"href":"https:\/\/13.com.ar\/index.php\/wp-json\/wp\/v2\/types\/post"}],"author":[{"embeddable":true,"href":"https:\/\/13.com.ar\/index.php\/wp-json\/wp\/v2\/users\/1"}],"replies":[{"embeddable":true,"href":"https:\/\/13.com.ar\/index.php\/wp-json\/wp\/v2\/comments?post=28951"}],"version-history":[{"count":0,"href":"https:\/\/13.com.ar\/index.php\/wp-json\/wp\/v2\/posts\/28951\/revisions"}],"wp:featuredmedia":[{"embeddable":true,"href":"https:\/\/13.com.ar\/index.php\/wp-json\/wp\/v2\/media\/28952"}],"wp:attachment":[{"href":"https:\/\/13.com.ar\/index.php\/wp-json\/wp\/v2\/media?parent=28951"}],"wp:term":[{"taxonomy":"category","embeddable":true,"href":"https:\/\/13.com.ar\/index.php\/wp-json\/wp\/v2\/categories?post=28951"},{"taxonomy":"post_tag","embeddable":true,"href":"https:\/\/13.com.ar\/index.php\/wp-json\/wp\/v2\/tags?post=28951"}],"curies":[{"name":"wp","href":"https:\/\/api.w.org\/{rel}","templated":true}]}}