{"id":28946,"date":"2025-05-27T14:28:49","date_gmt":"2025-05-27T17:28:49","guid":{"rendered":"https:\/\/13.com.ar\/index.php\/un-fallo-favorece-la-candidatura-de-evo-morales-y-sus-seguidores-vuelven-a-marchar\/"},"modified":"2025-05-27T14:28:49","modified_gmt":"2025-05-27T17:28:49","slug":"un-fallo-favorece-la-candidatura-de-evo-morales-y-sus-seguidores-vuelven-a-marchar","status":"publish","type":"post","link":"https:\/\/13.com.ar\/index.php\/un-fallo-favorece-la-candidatura-de-evo-morales-y-sus-seguidores-vuelven-a-marchar\/","title":{"rendered":"un fallo favorece la candidatura de Evo Morales y sus seguidores vuelven a marchar"},"content":{"rendered":"<p> <br \/>\n<br \/><img decoding=\"async\" src=\"https:\/\/13.com.ar\/wp-content\/uploads\/2025\/05\/un-fallo-favorece-la-candidatura-de-Evo-Morales-y-sus.jpg\" \/><\/p>\n<div id=\"element-body-0\">\n<p>Seguidores del expresidente Evo Morales planeaban este martes <strong>seguir con <\/strong>marchas y concentraciones para exigir que se lo inscriba como candidato a la Presidencia, pese a una inhabilitaci\u00f3n constitucional, y para pedir la renuncia de Luis Arce, en una movilizaci\u00f3n que el Gobierno de Bolivia califica como un intento para impedir que se realicen las <strong>elecciones generales del 17 de agosto.<\/strong><\/p>\n<\/div>\n<div id=\"element-body-1\">\n<p>Ya el lunes, decenas de seguidores del expresidente marcharon en La Paz para exigir que inscriban su candidatura como candidato a la Presidencia en las elecciones generales.<\/p>\n<\/div>\n<div id=\"element-body-3\">\n<p>La candidatura de Evo est\u00e1 enredada en la Justicia luego de que este lunes, en un fallo judicial inesperado, la Sala Constitucional Cuarta del Tribunal Departamental de Justicia de La Paz revoc\u00f3 una resoluci\u00f3n del Tribunal Supremo Electoral (TSE) <strong>que hab\u00eda cancelado la personer\u00eda jur\u00eddica del Partido de Acci\u00f3n Nacional Boliviano<\/strong> (PAN-BOL). <\/p>\n<\/div>\n<div id=\"element-body-4\">\n<p>La decisi\u00f3n <strong>reabre la puerta para que este partido postule al expresidente Evo Morales<\/strong> como candidato presidencial, pese a un precedente constitucional que proh\u00edbe su reelecci\u00f3n.<\/p>\n<\/div>\n<div id=\"element-body-5\">\n<p>La resoluci\u00f3n judicial fue emitida en respuesta a <strong>un amparo constitucional presentado por PAN-BOL<\/strong> tras la decisi\u00f3n del TSE, tomada a principios de mayo, de <strong>anular su registro por no haber alcanzado el 3 por ciento de votos v\u00e1lidos <\/strong>en las elecciones de 2020. La Sala orden\u00f3 al TSE emitir<strong> una nueva resoluci\u00f3n debidamente fundamentada<\/strong>, considerando las observaciones del partido.<\/p>\n<\/div>\n<div id=\"element-body-7\">\n<p>La presidenta de PAN-BOL, Ruth Nina, <strong>quien calific\u00f3 el fallo como &#8220;hist\u00f3rico&#8221;,<\/strong> agradeci\u00f3 el respaldo de las organizaciones sociales e ind\u00edgenas que sostienen a la agrupaci\u00f3n. Poco despu\u00e9s, Nina confirm\u00f3 que el binomio presidencial de PAN-BOL estar\u00e1 encabezado por<strong> Evo Morales y Wilma Alanoca.<\/strong><\/p>\n<\/div>\n<div id=\"element-body-8\">\n<p>&#8220;Nuestros candidatos elegidos org\u00e1nicamente son: el se\u00f1or Evo Morales Ayma como candidato a la Presidencia y la se\u00f1ora Wilma Alanoca como candidata a la Vicepresidencia&#8221;, afirm\u00f3 en conferencia de prensa.<\/p>\n<\/div>\n<div id=\"element-body-9\">\n<p>El anuncio ha generado un nuevo frente de tensi\u00f3n institucional y pol\u00edtica. Desde el TSE, el vocal Tahuichi Tahuichi Quispe advirti\u00f3 que <strong>el fallo judicial no habilita autom\u00e1ticamente a PAN-BOL para inscribir candidatos<\/strong>, ya que el plazo para el registro venci\u00f3 el 19 de mayo.<\/p>\n<\/div>\n<div id=\"element-body-11\">\n<p>Diferentes delegaciones de<strong> mineros, campesinos y cocaleros<\/strong> del Tr\u00f3pico de Cochabamba, principal basti\u00f3n pol\u00edtico y sindical de Morales (2006-2019) se reunieron el lunes en el centro de la ciudad y marcharon hasta los alrededores de las sedes de Gobierno y del Legislativo para pedir la renuncia de Arce.<\/p>\n<\/div>\n<div id=\"element-body-12\">\n<p>En su intento de llegar a la casa de Gobierno se toparon con polic\u00edas que horas antes<strong> colocaron vallas met\u00e1licas <\/strong>que impidieron su ingreso.<\/p>\n<\/div>\n<div id=\"element-body-14\">\n<p>&#13;<br \/>\n&#8220;Este Gobierno nos ha sumido en esta crisis y no hace nada, no da soluciones, solamente va culpando a otros de la ineficiencia que tiene Luis Arce y David Choquehuanca, que no ha sabido gobernar este pa\u00eds&#8221;, dijo a EFE Ruth L\u00f3pez, seguidora de Morales. <\/p>\n<\/div>\n<div id=\"element-body-15\">\n<p>Otro simpatizante del exgobernante se\u00f1al\u00f3 que<strong> las bases ind\u00edgenas de Bolivia decidieron &#8220;que el hermano Evo sea candidato <\/strong>y presidente del Estado Plurinacional&#8221;, por lo que Bolivia &#8220;no necesita un presidente que entre a aprender&#8221;, sino &#8220;un presidente como Evo, que tenga experiencia&#8221;.<\/p>\n<\/div>\n<div id=\"element-body-16\">\n<p>Los manifestantes se quedaron en el lugar durante unas horas en espera de la audiencia judicial que deb\u00eda solucionar<strong> un recurso de inconstitucionalidad<\/strong>, presentado contra el Tribunal Supremo Electoral (TSE) por el Partido de Acci\u00f3n Nacional Boliviano (Pan-Bol) para que su personer\u00eda jur\u00eddica sea restituida.<\/p>\n<\/div>\n<div id=\"element-body-17\">\n<p>Morales quiere participar en los comicios para buscar<strong> su cuarto mandato<\/strong>, a pesar de que el Tribunal Constitucional Plurinacional (TCP) emiti\u00f3 un fallo en el que indica que una persona puede reelegirse como presidente &#8220;por una \u00fanica vez&#8221; de forma contin\u00faa.<\/p>\n<\/div>\n<div id=\"element-body-18\">\n<p>&#13;<br \/>\nEsto inhabilitar\u00eda a Evo Morales, quien ya gobern\u00f3 el pa\u00eds en tres per\u00edodos (2006-2009, 2010-2014 y 2015-2019). <\/p>\n<\/div>\n<div id=\"element-body-19\">\n<p>&#13;<br \/>\nEl exmandatario tambi\u00e9n renunci\u00f3 este a\u00f1o al oficialista Movimiento al Socialismo (MAS) y fund\u00f3 el bloque Evo Pueblo, pero esta organizaci\u00f3n a\u00fan no posee personer\u00eda jur\u00eddica, por lo que no puede inscribir candidatos. <\/p>\n<\/div>\n<div id=\"element-body-20\">\n<p>Arce y Morales est\u00e1n distanciados desde 2021 por diferencias en el manejo del Gobierno y el control del gubernamental MAS. Sin embargo, el oficialismo muestra divisiones internas desde la crisis pol\u00edtica de 2019, que deriv\u00f3 en la renuncia de Morales a la Presidencia y la de todo su Gabinete.<\/p>\n<\/div>\n<p><br \/>\n<br \/><a href=\"https:\/\/www.clarin.com\/mundo\/bolivia-fallo-favorece-candidatura-evo-morales-seguidores-vuelven-marchan_0_JixP4hDVOG.html\">Fuente Clarin.com <\/a><\/p>\n","protected":false},"excerpt":{"rendered":"<p>Seguidores del expresidente Evo Morales planeaban este martes seguir con marchas y concentraciones para exigir que se lo inscriba como candidato a la Presidencia, pese a una inhabilitaci\u00f3n constitucional, y para pedir la renuncia de Luis Arce, en una movilizaci\u00f3n que el Gobierno de Bolivia califica como un intento para impedir que se realicen las [&hellip;]<\/p>\n","protected":false},"author":1,"featured_media":28947,"comment_status":"open","ping_status":"open","sticky":false,"template":"","format":"standard","meta":{"footnotes":""},"categories":[2],"tags":[4640,4637,1969,19549,19550,4638,3197,40,11755],"class_list":["post-28946","post","type-post","status-publish","format-standard","has-post-thumbnail","hentry","category-ultimas-noticias","tag-candidatura","tag-evo","tag-fallo","tag-favorece","tag-marchar","tag-morales","tag-seguidores","tag-sus","tag-vuelven"],"_links":{"self":[{"href":"https:\/\/13.com.ar\/index.php\/wp-json\/wp\/v2\/posts\/28946","targetHints":{"allow":["GET"]}}],"collection":[{"href":"https:\/\/13.com.ar\/index.php\/wp-json\/wp\/v2\/posts"}],"about":[{"href":"https:\/\/13.com.ar\/index.php\/wp-json\/wp\/v2\/types\/post"}],"author":[{"embeddable":true,"href":"https:\/\/13.com.ar\/index.php\/wp-json\/wp\/v2\/users\/1"}],"replies":[{"embeddable":true,"href":"https:\/\/13.com.ar\/index.php\/wp-json\/wp\/v2\/comments?post=28946"}],"version-history":[{"count":0,"href":"https:\/\/13.com.ar\/index.php\/wp-json\/wp\/v2\/posts\/28946\/revisions"}],"wp:featuredmedia":[{"embeddable":true,"href":"https:\/\/13.com.ar\/index.php\/wp-json\/wp\/v2\/media\/28947"}],"wp:attachment":[{"href":"https:\/\/13.com.ar\/index.php\/wp-json\/wp\/v2\/media?parent=28946"}],"wp:term":[{"taxonomy":"category","embeddable":true,"href":"https:\/\/13.com.ar\/index.php\/wp-json\/wp\/v2\/categories?post=28946"},{"taxonomy":"post_tag","embeddable":true,"href":"https:\/\/13.com.ar\/index.php\/wp-json\/wp\/v2\/tags?post=28946"}],"curies":[{"name":"wp","href":"https:\/\/api.w.org\/{rel}","templated":true}]}}