{"id":28942,"date":"2025-05-27T14:22:53","date_gmt":"2025-05-27T17:22:53","guid":{"rendered":"https:\/\/13.com.ar\/index.php\/tras-el-pedido-desesperado-de-ayuda-logro-la-mejor-victoria-de-su-carrera-ingresando-como-lucky-loser-a-roland-garros\/"},"modified":"2025-05-27T14:22:53","modified_gmt":"2025-05-27T17:22:53","slug":"tras-el-pedido-desesperado-de-ayuda-logro-la-mejor-victoria-de-su-carrera-ingresando-como-lucky-loser-a-roland-garros","status":"publish","type":"post","link":"https:\/\/13.com.ar\/index.php\/tras-el-pedido-desesperado-de-ayuda-logro-la-mejor-victoria-de-su-carrera-ingresando-como-lucky-loser-a-roland-garros\/","title":{"rendered":"tras el pedido desesperado de ayuda, logr\u00f3 la mejor victoria de su carrera ingresando como lucky loser a Roland Garros"},"content":{"rendered":"<p> <br \/>\n<br \/><img decoding=\"async\" src=\"https:\/\/13.com.ar\/wp-content\/uploads\/2025\/05\/tras-el-pedido-desesperado-de-ayuda-logro-la-mejor-victoria.jpg\" \/><\/p>\n<div id=\"cuerpo\">\n<div class=\"sc-45461e9c-0 eqiBeF container-text text-embed \" id=\"element-body-0\">\n<p>Cuando su saque ganador, que provoc\u00f3 que el rival dejara la devoluci\u00f3n en la red, sentenci\u00f3 su triunfo, <strong>Federico G\u00f3mez<\/strong> levant\u00f3 los brazos al cielo, cerr\u00f3 los ojos y se permiti\u00f3 disfrutar del momento, mientras un grupo de argentinos coreaba su nombre. Despu\u00e9s peg\u00f3 un grito que fue mezcla de satisfacci\u00f3n y de desahogo, se golpe\u00f3 el pecho y apret\u00f3 el pu\u00f1o. Es que ese 4-6, 6-4, 6-4 y 6-1 ante al estadounidense <strong>Aleksandar Kovacevic<\/strong> por la primera ronda de <strong>Roland Garros<\/strong> no fue una victoria m\u00e1s para \u00e9l. Fue la primera de su carrera en un Grand Slam, en su debut absoluto en el cuadro principal de un torneo de esta categor\u00eda. Y con ese festejo sobre el polvo de ladrillo de la cancha 9 del complejo de <em>Bois de Boulogne<\/em>, el bonaerense, de 28 a\u00f1os, volvi\u00f3 a emocionar al mundo del tenis, como hab\u00eda hecho hace casi tres meses con el duro relato sobre su lucha contra la depresi\u00f3n. Aunque esta vez, conmovi\u00f3 con su alegr\u00eda.<\/p>\n<\/div>\n<div class=\"sc-45461e9c-0 eqiBeF container-text text-embed \" id=\"element-body-1\">\n<p>&#8220;Todav\u00eda no caigo&#8230; Es una felicidad hermosa tener a toda la gente ac\u00e1, a mi equipo, que en los momentos duros&#8230; No fueron meses f\u00e1ciles para m\u00ed, pero ellos me bancaron, me dieron fuerzas para seguir y ac\u00e1 estoy&#8221;, cont\u00f3 minutos despu\u00e9s del final del partido en charla con <strong>ESPN<\/strong>, luchando para no quebrarse frente a las c\u00e1maras. <\/p>\n<\/div>\n<div class=\"sc-45461e9c-0 eqiBeF container-text text-embed \" id=\"element-body-2\">\n<p>&#8220;Nunca en la vida me temblaron tanto las piernas como en el peloteo previo. No sent\u00eda presi\u00f3n, pero s\u00ed la necesidad de rendir, fuera cual fuera el resultado&#8221;, agreg\u00f3 con los ojos h\u00famedos quien jugar\u00e1 ahora con el brit\u00e1nico <strong>Cameron Norrie<\/strong>, vencedor de <strong>Daniil Medvedev<\/strong>.<\/p>\n<\/div>\n<div class=\"sc-45461e9c-0 eqiBeF container-text text-embed \" id=\"element-body-3\">\n<p>G\u00f3mez, 144\u00b0 del ranking, hab\u00eda llegado a Par\u00eds con el sue\u00f1o de romper la barrera de las qualy en torneos &#8220;grandes&#8221;. Hab\u00eda disputado dos veces una fase previa y en ambas se hab\u00eda quedado con las ganas de meterse en la competencia principal. El a\u00f1o pasado, en la del <strong>US Open<\/strong>, perdi\u00f3 en segunda ronda con el italiano <strong>Mattia Bellucci<\/strong>. Y en enero, en la del <strong>Australian Open<\/strong>, cay\u00f3 en la primera instancia ante el brasile\u00f1o <strong>Joao Fonseca<\/strong>, que tuvo su explosi\u00f3n a nivel <strong>ATP <\/strong>poco despu\u00e9s.<\/p>\n<\/div>\n<div class=\"sc-106e49c0-0 dcVumd freeHtml-embed undefined\" id=\"element-body-4\">\n<blockquote class=\"twitter-tweet\">\n<p lang=\"es\" dir=\"ltr\">\u00a1LA LOCURA ES TOTAL! \ud83e\udd2f<\/p>\n<p>Enorme alegr\u00eda con la victoria de \ud83c\udde6\ud83c\uddf7 Fede G\u00f3mez en su debut en <a rel=\"nofollow\" target=\"_blank\" href=\"https:\/\/twitter.com\/hashtag\/RolandGarros?src=hash&amp;ref_src=twsrc%5Etfw\">#RolandGarros<\/a>. \ud83e\udd79 <a rel=\"nofollow\" target=\"_blank\" href=\"https:\/\/t.co\/KSvHtvZH8x\">pic.twitter.com\/KSvHtvZH8x<\/a><\/p>\n<p>\u2014 ESPN Tenis (@ESPNtenis) <a rel=\"nofollow\" target=\"_blank\" href=\"https:\/\/twitter.com\/ESPNtenis\/status\/1927345350144045496?ref_src=twsrc%5Etfw\">May 27, 2025<\/a><\/p><\/blockquote>\n<\/div>\n<div class=\"sc-45461e9c-0 eqiBeF container-text text-embed \" id=\"element-body-5\">\n<p>En la capital francesa estuvo cerca de ganarse un lugar en el cuadro, pero en la tercera ronda de la clasificaci\u00f3n, el italiano <strong>Giulio Zeppieri<\/strong> lo super\u00f3 en dos sets y lo dej\u00f3 afuera. La suerte, entonces, le dio una mano. Porque el finland\u00e9s <strong>Emil Ruusuvuori<\/strong>, que hace una semana tambi\u00e9n revel\u00f3 que desde el a\u00f1o pasado est\u00e1 luchando con problemas de salud mental, se baj\u00f3 el torneo. <strong>Fede entr\u00f3 como <em>lucky loser<\/em><\/strong> y este martes, baj\u00f3 a Kovacevic, 76\u00b0 del mundo, y pudo, por fin, celebrar un triunfo en una de las cuatro citas m\u00e1s importantes del circuito.<\/p>\n<\/div>\n<div class=\"sc-45461e9c-0 eqiBeF container-text text-embed \" id=\"element-body-6\">\n<p>El nacido en Merlo el 26 de noviembre de 1996, se convirti\u00f3, con 28 a\u00f1os y seis meses, en <strong>el argentino de mayor edad en ganar su primer partido en un Grand Slam<\/strong>, superando a <strong>Federico Coria<\/strong>, que lo hizo con 28 a\u00f1os y cinco meses en <strong>Nueva York<\/strong> en 2020.<\/p>\n<\/div>\n<div class=\"sc-45461e9c-0 eqiBeF container-text text-embed \" id=\"element-body-7\">\n<p>El triunfo ante el estadounidense es un premio a la perseverancia, la resiliencia y el trabajo duro de un incansable obrero del tenis.<\/p>\n<\/div>\n<div class=\"sc-45461e9c-0 eqiBeF container-text text-embed \" id=\"element-body-8\">\n<p>Formado en el <em>Club El Jag\u00fcel<\/em> de Parque Leloir, Fede sac\u00f3 su primer punto ATP en 2014, pero tras pasar algunas temporadas luchando en los <strong>Futures<\/strong>, decidi\u00f3 tomar otro camino. Pas\u00f3 por el tenis universitario de <strong>Estados Unidos<\/strong>, consigui\u00f3 un trabajo despu\u00e9s de graduarse que lo oblig\u00f3 a dejar la raqueta en segundo plano y estaba enfocado en dar clases en la academia que tiene <strong>Guillermo Ca\u00f1as<\/strong> en Florida, cuando decidi\u00f3 darse una segunda oportunidad. Ten\u00eda 25 a\u00f1os y muchos pensaban que su &#8220;tren ya hab\u00eda pasado&#8221; -idea que se cruz\u00f3 por la cabeza a \u00e9l mismo alguna vez-, pero eso no le import\u00f3. <\/p>\n<\/div>\n<div class=\"sc-106e49c0-0 dcVumd freeHtml-embed undefined\" id=\"element-body-9\">\n<blockquote class=\"twitter-tweet\">\n<p lang=\"es\" dir=\"ltr\">Un d\u00eda totalmente inolvidable para \ud83c\udde6\ud83c\uddf7 Fede G\u00f3mez y su gente en <a rel=\"nofollow\" target=\"_blank\" href=\"https:\/\/twitter.com\/hashtag\/RolandGarros?src=hash&amp;ref_src=twsrc%5Etfw\">#RolandGarros<\/a>. \u2764\ufe0f <a rel=\"nofollow\" target=\"_blank\" href=\"https:\/\/t.co\/oCV1fzHdLN\">pic.twitter.com\/oCV1fzHdLN<\/a><\/p>\n<p>\u2014 ESPN Tenis (@ESPNtenis) <a rel=\"nofollow\" target=\"_blank\" href=\"https:\/\/twitter.com\/ESPNtenis\/status\/1927346289831752106?ref_src=twsrc%5Etfw\">May 27, 2025<\/a><\/p><\/blockquote>\n<\/div>\n<div class=\"sc-45461e9c-0 eqiBeF container-text text-embed \" id=\"element-body-10\">\n<p>En junio de 2021 volvi\u00f3 a jugar en el nivel m\u00e1s bajo del tenis profesional -hoy llamado<strong> ITF World Tour<\/strong>&#8211; y de a poquito fue recuperando el ritmo y empezando a escalar en el ranking. Motivado y con muchas ganas de mejorar, uno de sus mayores obst\u00e1culos en ese viaje fue el factor econ\u00f3mico. &#8220;Tuve momentos malos, momentos en los que el l\u00edmite de la tarjeta de cr\u00e9dito estaba totalmente en rojo. En los que toqu\u00e9 fondo y se me hizo muy duro mentalmente porque no ten\u00eda de d\u00f3nde sacar m\u00e1s plata. Y pens\u00e9 en dejar&#8221;, le cont\u00f3 a Clar\u00edn en octubre del a\u00f1o pasado. <\/p>\n<\/div>\n<p><h2>De las alegr\u00edas en la cancha a los fantasmas de suicidio<\/h2>\n<\/p>\n<div class=\"sc-45461e9c-0 eqiBeF container-text text-embed \" id=\"element-body-12\">\n<p>El 2024 fue el mejor a\u00f1o de su carrera. En febrero tras superar la qualy, jug\u00f3 su primer <strong>ATP <\/strong>en <strong>C\u00f3rdoba<\/strong>. Y en su debut en una gira asi\u00e1tica, pas\u00f3 la fase previa en <strong>Chengdu <\/strong>y venci\u00f3 en el debut a <strong>Alexandre Muller<\/strong>, 70\u00b0 del mundo, anot\u00e1ndose su primer triunfo en el circuito m\u00e1s importante del tenis. Adem\u00e1s, conquist\u00f3 sus primeros tres t\u00edtulos en el <strong>Challenger Tour<\/strong>, en <strong>Mil\u00e1n<\/strong>, <strong>Trieste <\/strong>y <strong>Guayaquil<\/strong>. Y en el arranque de este 2025, alcanz\u00f3 el 133\u00b0 escal\u00f3n del ranking, su mejor posici\u00f3n hist\u00f3rica. <\/p>\n<\/div>\n<div class=\"sc-45461e9c-0 eqiBeF container-text text-embed \" id=\"element-body-13\">\n<p>Pero mientras empezaban a aparecer los resultados en la cancha, Fede viv\u00eda una de las etapas m\u00e1s dif\u00edciles de su vida personal, marcada por una profunda crisis emocional y una dura lucha contra los pensamientos suicidas. <\/p>\n<\/div>\n<div class=\"sc-45461e9c-0 eqiBeF container-text text-embed \" id=\"element-body-14\">\n<p>&#8220;El deporte que me lo ha dado todo y a la vez me ha quitado tantas otras cosas. Siento haber tocado fondo, pero a su vez quiero agarrarme de esta situaci\u00f3n para agarrar impulso y empujarme hacia arriba para volver a salir a la superficie. No lo he podido hablar con nadie, as\u00ed que busqu\u00e9 la mejor opci\u00f3n seg\u00fan mi parecer&#8221;, cont\u00f3 hace casi tres meses en un posteo de <strong>Instagram<\/strong>, plataforma que eligi\u00f3 para abrir su coraz\u00f3n. <\/p>\n<\/div>\n<div class=\"sc-45461e9c-0 eqiBeF container-text text-embed \" id=\"element-body-16\">\n<p>&#8220;Los \u00faltimos seis meses han sido de los m\u00e1s duros que me han tocado vivir como ser humano. Convivir con pensamientos de dejar el tenis por completo, de realmente cuestionarme si todo esto realmente vale la pena y hasta incluso en reiteradas ocasiones pensamientos suicidas de no querer vivir m\u00e1s y dejar este mundo, los cuales se me hace muy dif\u00edcil expresar. Me cuesta mucho escribir todo esto sin llorar a m\u00e1s no poder, pero creo que es la mejor decisi\u00f3n que pude haber tomado en este momento para sacarme este gran peso que siento encima y me come la cabeza 24\/7&#8221;, relat\u00f3 con crudeza. <\/p>\n<\/div>\n<div class=\"sc-45461e9c-0 eqiBeF container-text text-embed \" id=\"element-body-17\">\n<p>Las palabras de Fede impactaron al mundo del tenis y su conmovedor mensaje recibi\u00f3 el apoyo de todos sus compatriotas y de varias estrellas del circuito, entre ellas, una leyenda de la raqueta. &#8220;Fuerza amigo. Siempre hay una luz al final del t\u00fanel&#8221;, escribi\u00f3 <strong>Novak Djokovic <\/strong>al compartir la publicaci\u00f3n del argentino.<\/p>\n<\/div>\n<div class=\"sc-45461e9c-0 eqiBeF container-text text-embed \" id=\"element-body-18\">\n<p>Cuando los dos coincidieron en el <strong>Masters 1000 de Miami<\/strong>, <em>Nole <\/em>lo invit\u00f3 a compartir algunos entrenamientos, en los que se los vio peloteando en la cancha, pero tambi\u00e9n tom\u00e1ndose un ratito para charlar. La postal se repiti\u00f3 el lunes en una de las canchas de Roland Garros, en la previa del debut de ambos en el &#8220;grande&#8221; franc\u00e9s. <\/p>\n<\/div>\n<div class=\"sc-45461e9c-0 eqiBeF container-text text-embed \" id=\"element-body-19\">\n<p>&#8220;Me identifico con muchas de las cosas que escribi\u00f3. Todos tenemos momentos oscuros, psicol\u00f3gica y emocionalmente pasamos por muchas cosas&#8230; tengo mucha empat\u00eda por \u00e9l. Ya le dije que estoy aqu\u00ed, para ayudarlo de cualquier forma&#8221;, coment\u00f3 el serbio tras aquel encuentro sobre el cemento de Florida. <\/p>\n<\/div>\n<div class=\"sc-106e49c0-0 dcVumd freeHtml-embed undefined\" id=\"element-body-20\">\n<blockquote class=\"twitter-tweet\">\n<p lang=\"es\" dir=\"ltr\">Peloteo, charla y risas entre \ud83c\uddf7\ud83c\uddf8 Novak Djokovic y \ud83c\udde6\ud83c\uddf7 Federico G\u00f3mez. \ud83d\ude01<a rel=\"nofollow\" target=\"_blank\" href=\"https:\/\/twitter.com\/hashtag\/RolandGarros?src=hash&amp;ref_src=twsrc%5Etfw\">#RolandGarros<\/a> <a rel=\"nofollow\" target=\"_blank\" href=\"https:\/\/t.co\/7lc0mwoEX2\">pic.twitter.com\/7lc0mwoEX2<\/a><\/p>\n<p>\u2014 ESPN Tenis (@ESPNtenis) <a rel=\"nofollow\" target=\"_blank\" href=\"https:\/\/twitter.com\/ESPNtenis\/status\/1927041156577124423?ref_src=twsrc%5Etfw\">May 26, 2025<\/a><\/p><\/blockquote>\n<\/div>\n<div class=\"sc-45461e9c-0 eqiBeF container-text text-embed \" id=\"element-body-21\">\n<p>El argentino cont\u00f3: &#8220;La predisposici\u00f3n que tuvo fue incre\u00edble, es una persona muy genuina, amable, que te entiende. Es incre\u00edble que tenga esas ganas de ayudarme, de darme su punto de vista y recomendaciones y que me diga que est\u00e1 para lo que necesite&#8221;. <\/p>\n<\/div>\n<div class=\"sc-45461e9c-0 eqiBeF container-text text-embed \" id=\"element-body-22\">\n<p>Y revel\u00f3 que tras el descargo en Instagram hab\u00eda sentido un &#8220;alivio muy grande&#8221;, que estaba un poco m\u00e1s tranquilo y que el foco no estaba puesto en el tenis, si no en &#8220;estar bien y disfrutar dentro de una cancha&#8221;. <\/p>\n<\/div>\n<div class=\"sc-45461e9c-0 eqiBeF container-text text-embed \" id=\"element-body-23\">\n<p>Disfrutar como hizo este martes en Par\u00eds, donde jug\u00f3 un partidazo, derrot\u00f3 a Kovacevic y festej\u00f3 con l\u00e1grimas en los ojos y el aliento de su gente y un grupo de argentinos, la primera victoria en el cuadro principal de un Grand Slam. <\/p>\n<\/div>\n<div class=\"sc-45461e9c-0 eqiBeF container-text text-embed \" id=\"element-body-24\">\n<p>&#8220;Se la dedico a mi familia y a un entrenador que falleci\u00f3 hace much\u00edsimos a\u00f1os, justo antes de la pandemia. No lo tenemos m\u00e1s, pero est\u00e1 siempre con nosotros. Se lo dedico a \u00e9l y tambi\u00e9n a mi entrenador de toda la vida, que lo pude traer a Par\u00eds para que viva conmigo este momento&#8221;, asegur\u00f3. Y agreg\u00f3: &#8220;La verdad, soy un privilegiado ac\u00e1 y poder disfrutarlo con ellos&#8221;.<\/p>\n<\/div>\n<\/div>\n<p><script async src=\"\/\/platform.twitter.com\/widgets.js\" charset=\"utf-8\"><\/script><br \/>\n<br \/><br \/>\n<br \/><a href=\"https:\/\/www.clarin.com\/deportes\/vida-sonrie-federico-gomez-pedido-desesperado-ayuda-logro-mejor-victoria-carrera-ingresando-lucky-loser-roland-garros_0_ayU9aXzlVr.html\">Fuente Clarin.com <\/a><\/p>\n","protected":false},"excerpt":{"rendered":"<p>Cuando su saque ganador, que provoc\u00f3 que el rival dejara la devoluci\u00f3n en la red, sentenci\u00f3 su triunfo, Federico G\u00f3mez levant\u00f3 los brazos al cielo, cerr\u00f3 los ojos y se permiti\u00f3 disfrutar del momento, mientras un grupo de argentinos coreaba su nombre. Despu\u00e9s peg\u00f3 un grito que fue mezcla de satisfacci\u00f3n y de desahogo, se [&hellip;]<\/p>\n","protected":false},"author":1,"featured_media":28943,"comment_status":"open","ping_status":"open","sticky":false,"template":"","format":"standard","meta":{"footnotes":""},"categories":[2],"tags":[117,604,66,4945,14710,19544,1764,19546,19545,727,2803,14709,312,5658],"class_list":["post-28942","post","type-post","status-publish","format-standard","has-post-thumbnail","hentry","category-ultimas-noticias","tag-ayuda","tag-carrera","tag-como","tag-desesperado","tag-garros","tag-ingresando","tag-logro","tag-loser","tag-lucky","tag-mejor","tag-pedido","tag-roland","tag-tras","tag-victoria"],"_links":{"self":[{"href":"https:\/\/13.com.ar\/index.php\/wp-json\/wp\/v2\/posts\/28942","targetHints":{"allow":["GET"]}}],"collection":[{"href":"https:\/\/13.com.ar\/index.php\/wp-json\/wp\/v2\/posts"}],"about":[{"href":"https:\/\/13.com.ar\/index.php\/wp-json\/wp\/v2\/types\/post"}],"author":[{"embeddable":true,"href":"https:\/\/13.com.ar\/index.php\/wp-json\/wp\/v2\/users\/1"}],"replies":[{"embeddable":true,"href":"https:\/\/13.com.ar\/index.php\/wp-json\/wp\/v2\/comments?post=28942"}],"version-history":[{"count":0,"href":"https:\/\/13.com.ar\/index.php\/wp-json\/wp\/v2\/posts\/28942\/revisions"}],"wp:featuredmedia":[{"embeddable":true,"href":"https:\/\/13.com.ar\/index.php\/wp-json\/wp\/v2\/media\/28943"}],"wp:attachment":[{"href":"https:\/\/13.com.ar\/index.php\/wp-json\/wp\/v2\/media?parent=28942"}],"wp:term":[{"taxonomy":"category","embeddable":true,"href":"https:\/\/13.com.ar\/index.php\/wp-json\/wp\/v2\/categories?post=28942"},{"taxonomy":"post_tag","embeddable":true,"href":"https:\/\/13.com.ar\/index.php\/wp-json\/wp\/v2\/tags?post=28942"}],"curies":[{"name":"wp","href":"https:\/\/api.w.org\/{rel}","templated":true}]}}