{"id":28930,"date":"2025-05-27T13:34:39","date_gmt":"2025-05-27T16:34:39","guid":{"rendered":"https:\/\/13.com.ar\/index.php\/por-que-los-jovenes-boicotean-la-ia-en-la-empresa\/"},"modified":"2025-05-27T13:34:39","modified_gmt":"2025-05-27T16:34:39","slug":"por-que-los-jovenes-boicotean-la-ia-en-la-empresa","status":"publish","type":"post","link":"https:\/\/13.com.ar\/index.php\/por-que-los-jovenes-boicotean-la-ia-en-la-empresa\/","title":{"rendered":"\u00bfPor qu\u00e9 los j\u00f3venes boicotean la IA en la empresa?"},"content":{"rendered":"<p> <br \/>\n<br \/><img decoding=\"async\" src=\"https:\/\/13.com.ar\/wp-content\/uploads\/2025\/05\/\u00bfPor-que-los-jovenes-boicotean-la-IA-en-la-empresa.jpg\" \/><\/p>\n<div id=\"element-body-0\">\n<p>Ac\u00e1 va el t\u00f3pico a riesgo de ser aburrido: <strong>el futuro est\u00e1 en manos de los j\u00f3venes<\/strong>. La generaci\u00f3n millennial y la generaci\u00f3n Z son nativas digitales, adaptables, creativas, y, por supuesto, grandes aliadas para cualquier proceso de transformaci\u00f3n tecnol\u00f3gica. Y s\u00ed, lo son. Hasta que les das una herramienta de inteligencia artificial corporativa. Entonces, a veces, te queman el plan de adopci\u00f3n desde dentro.<\/p>\n<\/div>\n<div id=\"element-body-1\">\n<p>Seg\u00fan el estudio de la consultora <strong>Writer<\/strong> titulado <em>Generative AI adoption in the Enterprise<\/em>, el 41% de los empleados m\u00e1s j\u00f3venes est\u00e1 saboteando activamente la estrategia de inteligencia artificial (IA) de su empresa. \u00bfC\u00f3mo? Desde ingresar datos falsos, hasta negarse a usar las herramientas que les ofrece la empresa o, directamente, ignorar las formaciones ofrecidas. Esto no es una resistencia pasiva al cambio, es una especie de insurgencia digital silenciosa pero efectiva. Y lo mejor (o peor): muchos de estos saboteadores lo reconocen abiertamente.<\/p>\n<\/div>\n<div id=\"element-body-2\">\n<p>La raz\u00f3n no es simple rebeld\u00eda. Es algo m\u00e1s sofisticado, y m\u00e1s preocupante. <strong>Muchos de estos j\u00f3venes trabajadores desconf\u00edan del uso que sus empresas est\u00e1n dando a la IA<\/strong>. Temen que les sustituya, consideran que las herramientas son de baja calidad o, simplemente, que su uso a\u00f1ade m\u00e1s carga de trabajo en lugar de facilitarla.<\/p>\n<\/div>\n<div id=\"element-body-3\">\n<p>Lo m\u00e1s curioso es que, a pesar del sabotaje, <strong>el 77% de los empleados<\/strong> <strong>se define como campe\u00f3n o potencial campe\u00f3n de la IA<\/strong> dentro de su organizaci\u00f3n, modestia aparte. \u00bfQu\u00e9 est\u00e1 pasando? Lo que pasa es que hay deseo, hay energ\u00eda&#8230; pero, pero, pero quiz\u00e1s falta un enfoque inclusivo, herramientas robustas y, sobre todo, una narrativa menos paternalista. Porque <strong>cuando una generaci\u00f3n entera prefiere boicotear tu sistema antes que adaptarse a \u00e9l, el problema no son ellos<\/strong>. Es la manera desde arriba en la empresa de implementar el cambio.<\/p>\n<\/div>\n<div id=\"element-body-4\">\n<p>Siendo positivos, en el fondo estos empleados rebeles no deber\u00edan ser vistos como una amenaza, sino como una auditor\u00eda encubierta. A lo mejor te est\u00e1n haciendo un favor. Te est\u00e1n diciendo, alto y claro, <strong>que el traje digital que est\u00e1s imponiendo no les queda bien<\/strong>. No es cuesti\u00f3n de pedir m\u00e1s compromiso, sino de redise\u00f1ar el traje con ellos, no para ellos.<\/p>\n<\/div>\n<div id=\"element-body-5\">\n<p>Cuidado con seguir pensando que tener muchos j\u00f3venes en la plantilla es garant\u00eda de innovaci\u00f3n. A veces, es garant\u00eda de sabotaje si no se gestiona bien. Y como an\u00e9cdota para cerrar que no s\u00e9 si es verdad pero queda bien: en 2004, un joven becario de una empresa tecnol\u00f3gica fue despedido por proponer automatizar tareas repetitivas con scripts. <strong>Hoy, ese mismo joven dirige su propia startup de IA<\/strong>. Moraleja: los j\u00f3venes no est\u00e1n contra la IA. Est\u00e1n contra perder el tiempo con la tuya.<\/p>\n<\/div>\n<p><br \/>\n<br \/><a href=\"https:\/\/www.clarin.com\/economia\/jovenes-boicotean-ia-empresa_0_ELmLZ4spuz.html\">Fuente Clarin.com <\/a><\/p>\n","protected":false},"excerpt":{"rendered":"<p>Ac\u00e1 va el t\u00f3pico a riesgo de ser aburrido: el futuro est\u00e1 en manos de los j\u00f3venes. La generaci\u00f3n millennial y la generaci\u00f3n Z son nativas digitales, adaptables, creativas, y, por supuesto, grandes aliadas para cualquier proceso de transformaci\u00f3n tecnol\u00f3gica. Y s\u00ed, lo son. Hasta que les das una herramienta de inteligencia artificial corporativa. Entonces, [&hellip;]<\/p>\n","protected":false},"author":1,"featured_media":28931,"comment_status":"open","ping_status":"open","sticky":false,"template":"","format":"standard","meta":{"footnotes":""},"categories":[2],"tags":[9309,1091,2922,28,142,286],"class_list":["post-28930","post","type-post","status-publish","format-standard","has-post-thumbnail","hentry","category-ultimas-noticias","tag-boicotean","tag-empresa","tag-jovenes","tag-los","tag-por","tag-que"],"_links":{"self":[{"href":"https:\/\/13.com.ar\/index.php\/wp-json\/wp\/v2\/posts\/28930","targetHints":{"allow":["GET"]}}],"collection":[{"href":"https:\/\/13.com.ar\/index.php\/wp-json\/wp\/v2\/posts"}],"about":[{"href":"https:\/\/13.com.ar\/index.php\/wp-json\/wp\/v2\/types\/post"}],"author":[{"embeddable":true,"href":"https:\/\/13.com.ar\/index.php\/wp-json\/wp\/v2\/users\/1"}],"replies":[{"embeddable":true,"href":"https:\/\/13.com.ar\/index.php\/wp-json\/wp\/v2\/comments?post=28930"}],"version-history":[{"count":0,"href":"https:\/\/13.com.ar\/index.php\/wp-json\/wp\/v2\/posts\/28930\/revisions"}],"wp:featuredmedia":[{"embeddable":true,"href":"https:\/\/13.com.ar\/index.php\/wp-json\/wp\/v2\/media\/28931"}],"wp:attachment":[{"href":"https:\/\/13.com.ar\/index.php\/wp-json\/wp\/v2\/media?parent=28930"}],"wp:term":[{"taxonomy":"category","embeddable":true,"href":"https:\/\/13.com.ar\/index.php\/wp-json\/wp\/v2\/categories?post=28930"},{"taxonomy":"post_tag","embeddable":true,"href":"https:\/\/13.com.ar\/index.php\/wp-json\/wp\/v2\/tags?post=28930"}],"curies":[{"name":"wp","href":"https:\/\/api.w.org\/{rel}","templated":true}]}}