{"id":28928,"date":"2025-05-27T13:31:34","date_gmt":"2025-05-27T16:31:34","guid":{"rendered":"https:\/\/13.com.ar\/index.php\/la-miss-universo-argentina-2024-rompio-el-silencio-en-medio-de-las-criticas-al-certamen-de-belleza\/"},"modified":"2025-05-27T13:31:34","modified_gmt":"2025-05-27T16:31:34","slug":"la-miss-universo-argentina-2024-rompio-el-silencio-en-medio-de-las-criticas-al-certamen-de-belleza","status":"publish","type":"post","link":"https:\/\/13.com.ar\/index.php\/la-miss-universo-argentina-2024-rompio-el-silencio-en-medio-de-las-criticas-al-certamen-de-belleza\/","title":{"rendered":"la Miss Universo Argentina 2024 rompi\u00f3 el silencio en medio de las cr\u00edticas al certamen de belleza"},"content":{"rendered":"<p> <br \/>\n<\/p>\n<div id=\"cuerpo\">\n<div class=\"sc-45461e9c-0 eqiBeF container-text text-embed \" id=\"element-body-0\">\n<p>El pr\u00f3ximo 21 de noviembre tendr\u00e1 lugar la gran <strong>final <\/strong>de la edici\u00f3n n\u00famero 74 de <strong>Miss Universo<\/strong>, en la ciudad de Bangkok, Tailandia. Las pol\u00e9micas no son ajenas al <strong>certamen de belleza<\/strong>, que a\u00f1o tras a\u00f1o se vuelve tendencia por distintos motivos, y la participaci\u00f3n de <strong>concursantes argentinas<\/strong> es uno de los temas del momento.<\/p>\n<\/div>\n<div class=\"sc-45461e9c-0 eqiBeF container-text text-embed \" id=\"element-body-1\">\n<p>El pasado domingo 25 de mayo la cantante y modelo entrerriana <strong>Aldana Masset <\/strong>fue coronada como <strong>Miss Argentina 2025<\/strong> en un evento llevado a cabo en la Ciudad de Buenos Aires. Y tras obtener esta distinci\u00f3n, la joven de 25 a\u00f1os que fue cantante de <em>Agapornis<\/em>, representar\u00e1 al pa\u00eds en la competencia internacional <strong>Miss Universo 2025<\/strong>.<\/p>\n<\/div>\n<div class=\"sc-98b114a2-0 bkqiHH image-embed  image-embed \" id=\"element-body-2\"><picture class=\"sc-98b114a2-1 jRUlDm\"><source media=\"(min-width: 975px)\" width=\"720\" height=\"480\" \/><img alt=\"Aldana Masset fue elegida Miss Argentina 2025 y competir\u00e1 en Miss Universo. Foto: Instagram\" loading=\"lazy\" width=\"720\" height=\"480\" decoding=\"async\" data-nimg=\"1\" style=\"color:transparent\" src=\"https:\/\/13.com.ar\/wp-content\/uploads\/2025\/05\/la-Miss-Universo-Argentina-2024-rompio-el-silencio-en-medio.jpg\"\/><span class=\"epigraphe\">Aldana Masset fue elegida Miss Argentina 2025 y competir\u00e1 en Miss Universo. Foto: Instagram<\/span><span class=\"picture-open\"><button class=\"open-image\" aria-label=\"Open Image\"\/><\/span><\/picture><\/div>\n<div class=\"sc-45461e9c-0 eqiBeF container-text text-embed \" id=\"element-body-3\">\n<p>Hace exactamente un a\u00f1o la cordobesa <strong>Magal\u00ed Benejam<\/strong> estuvo en ese mismo concurso, y llev\u00f3 la bandera argentina con mucho orgullo. Se consagr\u00f3 como <strong>Miss Universo Argentina 2024<\/strong>, y alcanz\u00f3 el Top 12. All\u00ed culmin\u00f3 su participaci\u00f3n, de manera abrupta, luego de ser <strong>destituida<\/strong>.<\/p>\n<\/div>\n<p><h2>Magal\u00ed Benejam, la Miss Universo Argentina que destituyeron y el esc\u00e1ndalo que persiste<\/h2>\n<\/p>\n<div class=\"sc-45461e9c-0 eqiBeF container-text text-embed \" id=\"element-body-5\">\n<p>La dur\u00edsima e in\u00e9dita sanci\u00f3n contra Benejam ocurri\u00f3 casi dos meses despu\u00e9s del tradicional certamen que el a\u00f1o pasado fue celebrado en M\u00e9xico. <\/p>\n<\/div>\n<div class=\"sc-98b114a2-0 bkqiHH image-embed  image-embed \" id=\"element-body-6\"><picture class=\"sc-98b114a2-1 jRUlDm\"><source media=\"(min-width: 975px)\" width=\"720\" height=\"480\" \/><img alt=\"Magal\u00ed Benejam deslumbr\u00f3 en su paso por el certamen de belleza.\" loading=\"lazy\" width=\"720\" height=\"480\" decoding=\"async\" data-nimg=\"1\" style=\"color:transparent\" src=\"https:\/\/13.com.ar\/wp-content\/uploads\/2025\/05\/1748363494_960_la-Miss-Universo-Argentina-2024-rompio-el-silencio-en-medio.jpg\"\/><span class=\"epigraphe\">Magal\u00ed Benejam deslumbr\u00f3 en su paso por el certamen de belleza.<\/span><span class=\"picture-open\"><button class=\"open-image\" aria-label=\"Open Image\"\/><\/span><\/picture><\/div>\n<div class=\"sc-45461e9c-0 eqiBeF container-text text-embed \" id=\"element-body-7\">\n<p>La joven de 30 a\u00f1os se hab\u00eda destacado en cada una de sus apariciones, pero de repente, luego de dar una entrevista v\u00eda <em>streaming <\/em>donde cont\u00f3 c\u00f3mo fue su experiencia en aquel famoso escenario, fue <strong>excluida por la autoridades del concurso<\/strong>.<\/p>\n<\/div>\n<div class=\"sc-45461e9c-0 eqiBeF container-text text-embed \" id=\"element-body-8\">\n<p>\u201cDespu\u00e9s de una revisi\u00f3n exhaustiva de los recientes comentarios p\u00fablicos realizados por la se\u00f1orita Magali Benejam basada en nuestros principios fundamentales, <strong>hemos decidido retirar inmediatamente el t\u00edtulo de Miss Universo Argentina de la se\u00f1orita Benejam<\/strong>\u201d, indic\u00f3 en ese entonces la organizaci\u00f3n en un comunicado oficial.<\/p>\n<\/div>\n<div class=\"sc-98b114a2-0 bkqiHH image-embed  image-embed \" id=\"element-body-9\"><picture class=\"sc-98b114a2-1 jRUlDm\"><source media=\"(min-width: 975px)\" width=\"720\" height=\"480\" \/><img alt=\"Magal\u00ed Benejam compiti\u00f3 como representante de Argentina en Miss Universo 2024. (Foto: AP)\" loading=\"lazy\" width=\"720\" height=\"480\" decoding=\"async\" data-nimg=\"1\" style=\"color:transparent\" src=\"https:\/\/13.com.ar\/wp-content\/uploads\/2025\/05\/1748363494_577_la-Miss-Universo-Argentina-2024-rompio-el-silencio-en-medio.jpg\"\/><span class=\"epigraphe\">Magal\u00ed Benejam compiti\u00f3 como representante de Argentina en Miss Universo 2024. (Foto: AP)<\/span><span class=\"picture-open\"><button class=\"open-image\" aria-label=\"Open Image\"\/><\/span><\/picture><\/div>\n<div class=\"sc-45461e9c-0 eqiBeF container-text text-embed \" id=\"element-body-10\">\n<p>En aquel documento tambi\u00e9n justificaron su decisi\u00f3n bajo el argumento de que &#8220;la Organizaci\u00f3n Miss Universo es reconocida por promover la inclusi\u00f3n, celebrar la diversidad y respetar las creencias y experiencias de todas las personas&#8221;, y que todos los representantes deb\u00edan reflejar aquellos principios.<\/p>\n<\/div>\n<div class=\"sc-45461e9c-0 eqiBeF container-text text-embed \" id=\"element-body-11\">\n<p>En ese momento se trataba de la primera edici\u00f3n del certamen donde se permiti\u00f3 que participaron mujeres mayores de 28 a\u00f1os, adem\u00e1s del ingreso a mujeres casadas, divorciadas, con hijos o embarazadas, lo que representaba un hito en la inclusi\u00f3n dentro de los concursos de belleza.<\/p>\n<\/div>\n<div class=\"sc-98b114a2-0 bkqiHH image-embed  image-embed \" id=\"element-body-12\"><picture class=\"sc-98b114a2-1 jRUlDm\"><source media=\"(min-width: 975px)\" width=\"720\" height=\"480\" \/><img alt=\"Magal\u00ed Benejam era una las 12 semifinalistas cuando la destituyeron. (Foto: Instagram @magalibenejam)\" loading=\"lazy\" width=\"720\" height=\"480\" decoding=\"async\" data-nimg=\"1\" style=\"color:transparent\" src=\"https:\/\/13.com.ar\/wp-content\/uploads\/2025\/05\/1748363494_488_la-Miss-Universo-Argentina-2024-rompio-el-silencio-en-medio.jpg\"\/><span class=\"epigraphe\">Magal\u00ed Benejam era una las 12 semifinalistas cuando la destituyeron. (Foto: Instagram @magalibenejam)<\/span><span class=\"picture-open\"><button class=\"open-image\" aria-label=\"Open Image\"\/><\/span><\/picture><\/div>\n<div class=\"sc-45461e9c-0 eqiBeF container-text text-embed \" id=\"element-body-13\">\n<p>Con ese comunicado, las autoridades dejaban entrever que, seg\u00fan sus criterios, la modelo nacida en Villa Mar\u00eda hab\u00eda roto ese compromiso. Pero, \u00bfqu\u00e9 hab\u00eda dicho Benejam?<\/p>\n<\/div>\n<div class=\"sc-45461e9c-0 eqiBeF container-text text-embed \" id=\"element-body-14\">\n<p>Benejam le hab\u00eda dado una entrevista al creador de contenido argentino King Lucho, donde habl\u00f3 abiertamente sobre su paso por el certamen y dio <strong>opiniones que incomodaron a los organizadores<\/strong>.<\/p>\n<\/div>\n<div class=\"sc-45461e9c-0 eqiBeF container-text text-embed \" id=\"element-body-15\">\n<p>Magal\u00ed mencion\u00f3 las luces y sombras del certamen, que en 2024 finalmente coron\u00f3 como ganadora a <strong>Victoria Kj\u00e6r Theilvig<\/strong>, representante de <strong>Dinamarca<\/strong>. <\/p>\n<\/div>\n<div class=\"sc-98b114a2-0 bkqiHH image-embed  image-embed \" id=\"element-body-16\"><picture class=\"sc-98b114a2-1 jRUlDm\"><source media=\"(min-width: 975px)\" width=\"720\" height=\"480\" \/><img alt=\"Magal\u00ed Benejam tiene un amplio p\u00fablico que sigue su carrera despu\u00e9s del esc\u00e1ndalo. (Foto: Instagram @magalibenejam)\" loading=\"lazy\" width=\"720\" height=\"480\" decoding=\"async\" data-nimg=\"1\" style=\"color:transparent\" src=\"https:\/\/13.com.ar\/wp-content\/uploads\/2025\/05\/1748363494_715_la-Miss-Universo-Argentina-2024-rompio-el-silencio-en-medio.jpg\"\/><span class=\"epigraphe\">Magal\u00ed Benejam tiene un amplio p\u00fablico que sigue su carrera despu\u00e9s del esc\u00e1ndalo. (Foto: Instagram @magalibenejam)<\/span><span class=\"picture-open\"><button class=\"open-image\" aria-label=\"Open Image\"\/><\/span><\/picture><\/div>\n<div class=\"sc-45461e9c-0 eqiBeF container-text text-embed \" id=\"element-body-17\">\n<p>Benejam hab\u00eda criticado a varias de sus compa\u00f1eras, debido a &#8220;malas actitudes&#8221;, <strong>cuestion\u00f3 los resultados finales<\/strong>, e insinu\u00f3 que algunas participantes no merec\u00edan avanzar posiciones en la clasificaci\u00f3n general. <\/p>\n<\/div>\n<div class=\"sc-45461e9c-0 eqiBeF container-text text-embed \" id=\"element-body-18\">\n<p>Tambi\u00e9n hizo alusi\u00f3n a la posibilidad de que el certamen de belleza &#8220;estuviera arreglado&#8221;, y esa afirmaci\u00f3n le cost\u00f3 su lugar. <strong>&#8220;Los jueces se empezaron a mirar como diciendo esto no es lo que nosotros elegimos<\/strong>; eso fue lo que se sinti\u00f3 desde afuera&#8221;, hab\u00eda dicho.<\/p>\n<\/div>\n<p><h2>Qu\u00e9 dijo  Magal\u00ed Benejam sobre la edici\u00f3n 2025 de Miss Universo<\/h2>\n<\/p>\n<div class=\"sc-45461e9c-0 eqiBeF container-text text-embed \" id=\"element-body-20\">\n<p>En las \u00faltimas horas, a ra\u00edz de la coronaci\u00f3n de Aldana Masset como Miss Argentina 2025, el mismo t\u00edtulo que Benejam obtuvo y que le brind\u00f3 el pase directo a la competencia internacional, muchos de sus seguidores le consultaron en Instagram qu\u00e9 pensaba al respecto.<\/p>\n<\/div>\n<div class=\"sc-45461e9c-0 eqiBeF container-text text-embed \" id=\"element-body-21\">\n<p>La modelo comparti\u00f3 en sus historias una publicaci\u00f3n donde recordaban su participaci\u00f3n, titulada &#8220;<strong>No le dejaron entregar la corona<\/strong>&#8220;, ya que no pudo hacer el tradicional traspaso debido a que fue destituida por la organizaci\u00f3n en 2024. <\/p>\n<\/div>\n<div class=\"sc-98b114a2-0 bkqiHH image-embed  image-embed \" id=\"element-body-22\"><picture class=\"sc-98b114a2-1 jRUlDm\"><source media=\"(min-width: 975px)\" width=\"720\" height=\"480\" \/><img alt=\"Magal\u00ed Benejam habl\u00f3 de la nueva edici\u00f3n de Miss Universo. (Foto: Instagram @magalibenejam)\" loading=\"lazy\" width=\"720\" height=\"480\" decoding=\"async\" data-nimg=\"1\" style=\"color:transparent\" src=\"https:\/\/13.com.ar\/wp-content\/uploads\/2025\/05\/1748363494_344_la-Miss-Universo-Argentina-2024-rompio-el-silencio-en-medio.jpg\"\/><span class=\"epigraphe\">Magal\u00ed Benejam habl\u00f3 de la nueva edici\u00f3n de Miss Universo. (Foto: Instagram @magalibenejam)<\/span><span class=\"picture-open\"><button class=\"open-image\" aria-label=\"Open Image\"\/><\/span><\/picture><\/div>\n<div class=\"sc-45461e9c-0 eqiBeF container-text text-embed \" id=\"element-body-23\">\n<p>Y luego, puntualmente sobre esta edici\u00f3n, revel\u00f3: &#8220;<strong>No me invitaron<\/strong>, <strong>as\u00ed como el director de Miss Universo Argentina no me dirigi\u00f3 m\u00e1s la palabra luego de mi destituci\u00f3n<\/strong>&#8220;. <\/p>\n<\/div>\n<div class=\"sc-45461e9c-0 eqiBeF container-text text-embed \" id=\"element-body-24\">\n<p>Mientras tanto, la joven contin\u00faa con su carrera en el mundo del modelaje, donde avanza a paso firme, y mantiene su t\u00edtulo en la descripci\u00f3n de su perfil de Instagram, donde acumula m\u00e1s de 70.000 seguidores.<\/p>\n<\/div>\n<\/div>\n<p><br \/>\n<br \/><a href=\"https:\/\/www.clarin.com\/internacional\/ano-coronacion-miss-universo-argentina-2024-rompio-silencio-medio-criticas-certamen-belleza_0_dT6wjkm609.html\">Fuente Clarin.com <\/a><\/p>\n","protected":false},"excerpt":{"rendered":"<p>El pr\u00f3ximo 21 de noviembre tendr\u00e1 lugar la gran final de la edici\u00f3n n\u00famero 74 de Miss Universo, en la ciudad de Bangkok, Tailandia. Las pol\u00e9micas no son ajenas al certamen de belleza, que a\u00f1o tras a\u00f1o se vuelve tendencia por distintos motivos, y la participaci\u00f3n de concursantes argentinas es uno de los temas del [&hellip;]<\/p>\n","protected":false},"author":1,"featured_media":28929,"comment_status":"open","ping_status":"open","sticky":false,"template":"","format":"standard","meta":{"footnotes":""},"categories":[2],"tags":[288,4545,7634,2761,48,1224,3312,501,8949],"class_list":["post-28928","post","type-post","status-publish","format-standard","has-post-thumbnail","hentry","category-ultimas-noticias","tag-argentina","tag-belleza","tag-certamen","tag-criticas","tag-las","tag-medio","tag-rompio","tag-silencio","tag-universo"],"_links":{"self":[{"href":"https:\/\/13.com.ar\/index.php\/wp-json\/wp\/v2\/posts\/28928","targetHints":{"allow":["GET"]}}],"collection":[{"href":"https:\/\/13.com.ar\/index.php\/wp-json\/wp\/v2\/posts"}],"about":[{"href":"https:\/\/13.com.ar\/index.php\/wp-json\/wp\/v2\/types\/post"}],"author":[{"embeddable":true,"href":"https:\/\/13.com.ar\/index.php\/wp-json\/wp\/v2\/users\/1"}],"replies":[{"embeddable":true,"href":"https:\/\/13.com.ar\/index.php\/wp-json\/wp\/v2\/comments?post=28928"}],"version-history":[{"count":0,"href":"https:\/\/13.com.ar\/index.php\/wp-json\/wp\/v2\/posts\/28928\/revisions"}],"wp:featuredmedia":[{"embeddable":true,"href":"https:\/\/13.com.ar\/index.php\/wp-json\/wp\/v2\/media\/28929"}],"wp:attachment":[{"href":"https:\/\/13.com.ar\/index.php\/wp-json\/wp\/v2\/media?parent=28928"}],"wp:term":[{"taxonomy":"category","embeddable":true,"href":"https:\/\/13.com.ar\/index.php\/wp-json\/wp\/v2\/categories?post=28928"},{"taxonomy":"post_tag","embeddable":true,"href":"https:\/\/13.com.ar\/index.php\/wp-json\/wp\/v2\/tags?post=28928"}],"curies":[{"name":"wp","href":"https:\/\/api.w.org\/{rel}","templated":true}]}}