{"id":28926,"date":"2025-05-27T13:28:31","date_gmt":"2025-05-27T16:28:31","guid":{"rendered":"https:\/\/13.com.ar\/index.php\/el-apodo-que-el-rey-carlos-iii-usa-para-meghan-markle-y-que-significa-realmente\/"},"modified":"2025-05-27T13:28:31","modified_gmt":"2025-05-27T16:28:31","slug":"el-apodo-que-el-rey-carlos-iii-usa-para-meghan-markle-y-que-significa-realmente","status":"publish","type":"post","link":"https:\/\/13.com.ar\/index.php\/el-apodo-que-el-rey-carlos-iii-usa-para-meghan-markle-y-que-significa-realmente\/","title":{"rendered":"El apodo que el rey Carlos III usa para Meghan Markle y qu\u00e9 significa realmente"},"content":{"rendered":"<p> <br \/>\n<br \/><img decoding=\"async\" src=\"https:\/\/13.com.ar\/wp-content\/uploads\/2025\/05\/El-apodo-que-el-rey-Carlos-III-usa-para-Meghan.jpg\" \/><\/p>\n<div id=\"element-body-0\">\n<p>Desde el inicio de su relaci\u00f3n con el <strong>pr\u00edncipe Harry<\/strong> del Reino Unido, la ex actriz <strong>Meghan Markle<\/strong> recibi\u00f3 una variedad de <strong>apodos<\/strong> que reflejan distintas percepciones sobre su personalidad. Algunos de estos sobrenombres incluyen \u201cMe-Gain\u201d, \u201cDuquesa Exigente\u201d y \u201cMeMeMeghan\u201d.<\/p>\n<\/div>\n<div id=\"element-body-1\">\n<p>Tras la decisi\u00f3n de los duques de Sussex de apartarse de sus funciones oficiales como miembros activos de la realeza en enero de 2020, la relaci\u00f3n con el <strong>rey Carlos III<\/strong> se mantuvo tensa.<\/p>\n<\/div>\n<div id=\"element-body-2\">\n<p>Sin embargo, la periodista Katie Nicholl, experta en la familia real brit\u00e1nica, cont\u00f3 en el libro &#8220;The New Royals: Queen Elizabeth&#8217;s Legacy and the Future of the Crown&#8221; que <strong>el rey Carlos III le habr\u00eda puesto un apodo cari\u00f1oso a su nuera <\/strong>antes de dejar la familia real.<\/p>\n<\/div>\n<div id=\"element-body-4\">\n<p>&#8220;<strong>Carlos apod\u00f3 a su nuera &#8216;Tungsten&#8217; <\/strong>(tungsteno) por su capacidad de resistencia y dureza, como el metal, que es extremadamente fuerte y dif\u00edcil de romper&#8221;, asegur\u00f3 Nicholl en su libro.<\/p>\n<\/div>\n<div id=\"element-body-6\">\n<p>El <strong>tungsteno<\/strong> es uno de los metales m\u00e1s duros, superando incluso al acero. En este sentido, el apodo personificar\u00eda el car\u00e1cter fuerte e inquebrantable de la ex actriz estadounidense.<\/p>\n<\/div>\n<div id=\"element-body-7\">\n<p>Adem\u00e1s, la comunicadora se\u00f1al\u00f3 que Carlos considera a <strong>Meghan <\/strong>&#8220;resiliente&#8221; y que la describe como &#8220;refinada, apasionada y divertida&#8221;. Incluso, la habr\u00eda bautizado con ese apodo por <strong>&#8220;ser dura e inflexible&#8221;<\/strong>, cualidades que, en cierto modo, le recordaban a s\u00ed mismo.<\/p>\n<\/div>\n<div id=\"element-body-8\">\n<p>La corresponsal de realeza tambi\u00e9n sugiri\u00f3 que el <strong>rey Carlos<\/strong> piensa que Meghan es una &#8220;estrella revelaci\u00f3n&#8221;, en relaci\u00f3n a su faceta de actriz. Si bien, tras su matrimonio con el pr\u00edncipe Harry, la duquesa de Sussex se alej\u00f3 de la actuaci\u00f3n, recientemente estren\u00f3 en Netflix su propio reality show, &#8220;Con amor, Meghan&#8221; (With Love, Meghan).<\/p>\n<\/div>\n<div id=\"element-body-10\">\n<p>Se trata de una serie de ocho episodios de poco m\u00e1s de media hora cada uno, en la que la duquesa de Sussex narra su d\u00eda a d\u00eda y da consejos de cocina y jardiner\u00eda.<\/p>\n<\/div>\n<div id=\"element-body-11\">\n<p>En este contexto, la presentadora Helena Chard declar\u00f3: <strong>&#8220;El rey Carlos espera que Harry y Meghan sigan siendo autosuficientes<\/strong>, financieramente a flote y que no llamen a su puerta&#8221;.<\/p>\n<\/div>\n<div id=\"element-body-12\">\n<p>En esta misma l\u00ednea, la periodista americana Kinsey Schofield asegur\u00f3: \u201cS\u00e9 que <strong>el Rey anhela que Harry y Meghan encuentren su prop\u00f3sito<\/strong> y \u00e9xito profesional\u201d.<\/p>\n<\/div>\n<p><br \/>\n<br \/><a href=\"https:\/\/www.clarin.com\/internacional\/apodo-rey-carlos-iii-usa-meghan-markle-significa-realmente_0_lerBK4PFe7.html\">Fuente Clarin.com <\/a><\/p>\n","protected":false},"excerpt":{"rendered":"<p>Desde el inicio de su relaci\u00f3n con el pr\u00edncipe Harry del Reino Unido, la ex actriz Meghan Markle recibi\u00f3 una variedad de apodos que reflejan distintas percepciones sobre su personalidad. Algunos de estos sobrenombres incluyen \u201cMe-Gain\u201d, \u201cDuquesa Exigente\u201d y \u201cMeMeMeghan\u201d. Tras la decisi\u00f3n de los duques de Sussex de apartarse de sus funciones oficiales como [&hellip;]<\/p>\n","protected":false},"author":1,"featured_media":28927,"comment_status":"open","ping_status":"open","sticky":false,"template":"","format":"standard","meta":{"footnotes":""},"categories":[2],"tags":[6563,3559,3560,10673,10672,16,286,3484,3558,914,763],"class_list":["post-28926","post","type-post","status-publish","format-standard","has-post-thumbnail","hentry","category-ultimas-noticias","tag-apodo","tag-carlos","tag-iii","tag-markle","tag-meghan","tag-para","tag-que","tag-realmente","tag-rey","tag-significa","tag-usa"],"_links":{"self":[{"href":"https:\/\/13.com.ar\/index.php\/wp-json\/wp\/v2\/posts\/28926","targetHints":{"allow":["GET"]}}],"collection":[{"href":"https:\/\/13.com.ar\/index.php\/wp-json\/wp\/v2\/posts"}],"about":[{"href":"https:\/\/13.com.ar\/index.php\/wp-json\/wp\/v2\/types\/post"}],"author":[{"embeddable":true,"href":"https:\/\/13.com.ar\/index.php\/wp-json\/wp\/v2\/users\/1"}],"replies":[{"embeddable":true,"href":"https:\/\/13.com.ar\/index.php\/wp-json\/wp\/v2\/comments?post=28926"}],"version-history":[{"count":0,"href":"https:\/\/13.com.ar\/index.php\/wp-json\/wp\/v2\/posts\/28926\/revisions"}],"wp:featuredmedia":[{"embeddable":true,"href":"https:\/\/13.com.ar\/index.php\/wp-json\/wp\/v2\/media\/28927"}],"wp:attachment":[{"href":"https:\/\/13.com.ar\/index.php\/wp-json\/wp\/v2\/media?parent=28926"}],"wp:term":[{"taxonomy":"category","embeddable":true,"href":"https:\/\/13.com.ar\/index.php\/wp-json\/wp\/v2\/categories?post=28926"},{"taxonomy":"post_tag","embeddable":true,"href":"https:\/\/13.com.ar\/index.php\/wp-json\/wp\/v2\/tags?post=28926"}],"curies":[{"name":"wp","href":"https:\/\/api.w.org\/{rel}","templated":true}]}}