{"id":28924,"date":"2025-05-27T13:25:30","date_gmt":"2025-05-27T16:25:30","guid":{"rendered":"https:\/\/13.com.ar\/index.php\/el-ballet-del-colon-con-julio-bocca-a-la-cabeza-presento-su-programa-mixto-un-menu-variado-y-seductor-de-solo-diez-funciones\/"},"modified":"2025-05-27T13:25:30","modified_gmt":"2025-05-27T16:25:30","slug":"el-ballet-del-colon-con-julio-bocca-a-la-cabeza-presento-su-programa-mixto-un-menu-variado-y-seductor-de-solo-diez-funciones","status":"publish","type":"post","link":"https:\/\/13.com.ar\/index.php\/el-ballet-del-colon-con-julio-bocca-a-la-cabeza-presento-su-programa-mixto-un-menu-variado-y-seductor-de-solo-diez-funciones\/","title":{"rendered":"El Ballet del Col\u00f3n, con Julio Bocca a la cabeza, present\u00f3 su Programa Mixto, un men\u00fa variado y seductor de s\u00f3lo diez funciones"},"content":{"rendered":"<p> <br \/>\n<br \/><img decoding=\"async\" src=\"https:\/\/13.com.ar\/wp-content\/uploads\/2025\/05\/El-Ballet-del-Colon-con-Julio-Bocca-a-la-cabeza.jpg\" \/><\/p>\n<div id=\"element-body-0\">\n<p>La conferencia de prensa en la que <strong>se present\u00f3 el pr\u00f3ximo estreno del Ballet del Col\u00f3n<\/strong> transcurri\u00f3 en una atm\u00f3sfera agradablemente distendida, pero eficientemente organizada (entre otras cosas, una puntualidad perfecta).<\/p>\n<\/div>\n<div id=\"element-body-1\">\n<p>Participaron el Director general del Teatro, <strong>Gerardo Grieco<\/strong>, <strong>Julio Bocca<\/strong> -que a fines de 2024 asumi\u00f3 la conducci\u00f3n del Ballet Estable-, sus colaboradores art\u00edsticos <strong>Luis Ortigoza y \u00c1frica Guzm\u00e1n<\/strong> y el core\u00f3grafo espa\u00f1ol <strong>Goyo Montero<\/strong>, que est\u00e1 en Buenos Aires terminando de montar <strong>Chacona<\/strong>, una de las tres piezas de este <em>Programa mixto<\/em>. Un poco m\u00e1s tarde se sum\u00f3 <strong>Gabriela Ricardes<\/strong>, Ministra de cultura de la ciudad de Buenos Aires.<\/p>\n<\/div>\n<div id=\"element-body-2\">\n<p>Despu\u00e9s de una breve introducci\u00f3n de Grieco, Julio Bocca abri\u00f3 la presentaci\u00f3n diciendo: \u201cEspero que en este programa <strong>se vean ya los cambios en el nivel de los bailarines y la ductilidad que fueron incorporando<\/strong>\u201d. Y agreg\u00f3: \u201cDesde este mes <strong>sum\u00e9 una clase por semana de t\u00e9cnica de danza contempor\u00e1nea para que la compa\u00f1\u00eda agregue otros conocimientos<\/strong> de su cuerpo\u201d.<\/p>\n<\/div>\n<div id=\"element-body-3\">\n<p>Ciertamente el Ballet del Col\u00f3n viene interpretando desde hace a\u00f1os, si bien un poco limitadamente, obras de danza contempor\u00e1nea. Sin ir m\u00e1s lejos, el exitoso <strong>Bolero<\/strong> que el core\u00f3grafo israel\u00ed <strong>Shahar Binyamini<\/strong> mont\u00f3 en 2024 para este elenco fue una gran experiencia, de un lenguaje muy nuevo, para la compa\u00f1\u00eda. Pero profundizar regularmente en una t\u00e9cnica distinta a la t\u00e9cnica del ballet (irremplazable por otra parte) <strong>abre otras puertas expresivas a los bailarines; un hecho muy promisorio<\/strong>.<\/p>\n<\/div>\n<div id=\"element-body-6\">\n<p>El <em>\u201cPrograma mixto\u201d<\/em> contiene la reposici\u00f3n de <strong>Por vos muero<\/strong>, una pieza bell\u00edsima del core\u00f3grafo <strong>Nacho Duato<\/strong>, inspirada en el per\u00edodo del Siglo de oro hispano, fue estrenada en 1996 y pertenece al repertorio del Ballet del Col\u00f3n desde 2016.<\/p>\n<\/div>\n<div id=\"element-body-7\">\n<p>\u00c1frica Guzm\u00e1n que, como se menciona m\u00e1s arriba, es parte del equipo art\u00edstico de Julio Bocca, fue adem\u00e1s bailarina de la compa\u00f1\u00eda de Nacho Duato, conoce al dedillo su repertorio y estuvo en aquel estreno. En sus manos qued\u00f3 ahora la reposici\u00f3n de <strong>Por vos muero<\/strong> pasando a los bailarines todos los detalles de esta pieza exquisita.<\/p>\n<\/div>\n<div id=\"element-body-9\">\n<p>Luis Ortigoza, que aunque naci\u00f3 en la Argentina hizo su carrera en el Ballet Municipal de Santiago de Chile, repuso un antiguo ballet de <strong>Marius Petipa<\/strong>, estrenado en San Petersburgo en 1881. Aquella obra estaba ambientada en la Espa\u00f1a que Petipa hab\u00eda conocido de joven, en la que hab\u00eda trabajado como bailar\u00edn y core\u00f3grafo y a la que tanto amaba.<\/p>\n<\/div>\n<div id=\"element-body-10\">\n<p>Su personaje principal es una joven supuestamente gitana -aunque, sin saberlo, pertenece a una familia aristocr\u00e1tica- que salva a un oficial del ej\u00e9rcito napole\u00f3nico de un complot para asesinarlo. De aquel ballet completo s\u00f3lo qued\u00f3 una <em>\u201cSuite\u201d<\/em> que Ortigoza recre\u00f3 para el Ballet de Santiago: \u201cFue en \u00e9poca muy dif\u00edcil \u2013cont\u00f3 en la conferencia de prensa-; hab\u00eda ocurrido un gran terremoto en Chile y cuando el Teatro Municipal se reabri\u00f3 pens\u00e9 que <strong>Paquita<\/strong> era un buen t\u00edtulo para traer a la compa\u00f1\u00eda. Era el a\u00f1o 2010 y el teatro hab\u00eda estado cerrado para su reconstrucci\u00f3n y <strong>Paquita<\/strong> es una obra que da una posibilidad de crecimiento a todos: al cuerpo de baile, los solitas, las primeras figuras\u201d.<\/p>\n<\/div>\n<div id=\"element-body-11\">\n<p>\u201cPero, por otra parte, me parec\u00eda interesante crear una variaci\u00f3n s\u00f3lo para los varones de cuerpo de baile, que los ballets tradicionales en general no contienen\u201d, agreg\u00f3.<\/p>\n<\/div>\n<div id=\"element-body-13\">\n<p><strong>Habr\u00e1 distintos repartos a lo largo de las diez funciones<\/strong> de este programa -con el bailar\u00edn <strong>Patricio Rev\u00e9<\/strong> como invitado en cuatro de ellas- y el rol de <strong>Paquita<\/strong> en otras cuatro, que estar\u00e1 <strong>interpretado por Mora Capasso<\/strong>, una joven bailarina egresada del Instituto Superior de Arte del Teatro Col\u00f3n.<\/p>\n<\/div>\n<div id=\"element-body-14\">\n<p>Coment\u00f3 Bocca al respecto: \u201cEs muy lindo ver sobre el escenario a <strong>una nueva generaci\u00f3n que tiene un gran entusiasmo por hacer y que a la vez aprende tambi\u00e9n de los profesionales<\/strong> que ya tenemos en la compa\u00f1\u00eda\u201d.<\/p>\n<\/div>\n<div id=\"element-body-16\">\n<p>En 2003, Goyo Montero mont\u00f3 una obra para siete primeros bailarines espa\u00f1oles que formaban parte en aquel momento de distintas compa\u00f1\u00edas internacionales: se llam\u00f3<em> \u201cLos vasos comunicantes\u201d<\/em>. Siete a\u00f1os m\u00e1s tarde tom\u00f3 la \u00faltima secci\u00f3n de esta coreograf\u00eda y la recre\u00f3 para diecis\u00e9is bailarines del Ballet de Nuremberg con el nombre de <strong>Chacona<\/strong>, sobre la <em>\u201cPartita n\u00b0 2&#8243; <\/em>de <strong>Johann Sebastian Bach<\/strong>.<\/p>\n<\/div>\n<div id=\"element-body-17\">\n<p>\u00c9sta es la pieza que repone ahora con el Ballet del Col\u00f3n, su primer trabajo con ellos: \u201c<strong>La Chacona N\u00b02<\/strong> es una obra cumbre, una verdadera catedral, un reto para los bailarines y para los m\u00fasicos. Intent\u00e9 acercarme a ese principio matem\u00e1tico de su construcci\u00f3n, pero que al mismo tiempo es muy emocional (&#8230;) <strong>Me importa transmitir la idea de la conexi\u00f3n entre los bailarines y los m\u00fasicos<\/strong>. Ellos -una pianista, un violinista y un guitarrista- est\u00e1n sobre el escenario. Es una obra que habla de la comunicaci\u00f3n y de la uni\u00f3n entre los artistas; es grupal pero tambi\u00e9n muestra la personalidad de cada bailar\u00edn&#8221;.<\/p>\n<\/div>\n<div id=\"element-body-18\">\n<p>Grieco tom\u00f3 la palabra nuevamente: <strong>\u201cVamos a abrir las funciones para un cupo de estudiantes secundarios y estimular as\u00ed la creaci\u00f3n de nuevas audiencias\u201d<\/strong>.<\/p>\n<\/div>\n<div id=\"element-body-20\">\n<p>Y complet\u00f3 Ricardes: \u201cAdem\u00e1s del prop\u00f3sito de acercar nuevas audiencias, estamos trabajando para el antes y el despu\u00e9s de las funciones. <strong>Es una idea de Julio: que los espectadores puedan hablar con los bailarines, los core\u00f3grafos y con la direcci\u00f3n del Ballet<\/strong>\u201d.<\/p>\n<\/div>\n<div id=\"element-body-21\">\n<p>El <em>Programa mixto<\/em> podr\u00e1 verse a lo largo de diez funciones, <strong>entre el 29 de mayo y el 8 de junio, en distintos horarios<\/strong>.<\/p>\n<\/div>\n<p><br \/>\n<br \/><a href=\"https:\/\/www.clarin.com\/espectaculos\/ballet-colon-julio-bocca-cabeza-presento-programa-mixto-menu-variado-seductor-solo-funciones_0_hvfbZsIujt.html\">Fuente Clarin.com <\/a><\/p>\n","protected":false},"excerpt":{"rendered":"<p>La conferencia de prensa en la que se present\u00f3 el pr\u00f3ximo estreno del Ballet del Col\u00f3n transcurri\u00f3 en una atm\u00f3sfera agradablemente distendida, pero eficientemente organizada (entre otras cosas, una puntualidad perfecta). Participaron el Director general del Teatro, Gerardo Grieco, Julio Bocca -que a fines de 2024 asumi\u00f3 la conducci\u00f3n del Ballet Estable-, sus colaboradores art\u00edsticos [&hellip;]<\/p>\n","protected":false},"author":1,"featured_media":28925,"comment_status":"open","ping_status":"open","sticky":false,"template":"","format":"standard","meta":{"footnotes":""},"categories":[2],"tags":[14823,2705,5433,4423,18,100,6555,3504,2704,5258,19535,2351,1767,19537,166,19536],"class_list":["post-28924","post","type-post","status-publish","format-standard","has-post-thumbnail","hentry","category-ultimas-noticias","tag-ballet","tag-bocca","tag-cabeza","tag-colon","tag-con","tag-del","tag-diez","tag-funciones","tag-julio","tag-menu","tag-mixto","tag-presento","tag-programa","tag-seductor","tag-solo","tag-variado"],"_links":{"self":[{"href":"https:\/\/13.com.ar\/index.php\/wp-json\/wp\/v2\/posts\/28924","targetHints":{"allow":["GET"]}}],"collection":[{"href":"https:\/\/13.com.ar\/index.php\/wp-json\/wp\/v2\/posts"}],"about":[{"href":"https:\/\/13.com.ar\/index.php\/wp-json\/wp\/v2\/types\/post"}],"author":[{"embeddable":true,"href":"https:\/\/13.com.ar\/index.php\/wp-json\/wp\/v2\/users\/1"}],"replies":[{"embeddable":true,"href":"https:\/\/13.com.ar\/index.php\/wp-json\/wp\/v2\/comments?post=28924"}],"version-history":[{"count":0,"href":"https:\/\/13.com.ar\/index.php\/wp-json\/wp\/v2\/posts\/28924\/revisions"}],"wp:featuredmedia":[{"embeddable":true,"href":"https:\/\/13.com.ar\/index.php\/wp-json\/wp\/v2\/media\/28925"}],"wp:attachment":[{"href":"https:\/\/13.com.ar\/index.php\/wp-json\/wp\/v2\/media?parent=28924"}],"wp:term":[{"taxonomy":"category","embeddable":true,"href":"https:\/\/13.com.ar\/index.php\/wp-json\/wp\/v2\/categories?post=28924"},{"taxonomy":"post_tag","embeddable":true,"href":"https:\/\/13.com.ar\/index.php\/wp-json\/wp\/v2\/tags?post=28924"}],"curies":[{"name":"wp","href":"https:\/\/api.w.org\/{rel}","templated":true}]}}