{"id":28920,"date":"2025-05-27T13:19:29","date_gmt":"2025-05-27T16:19:29","guid":{"rendered":"https:\/\/13.com.ar\/index.php\/entre-la-disputa-de-bullrich-y-kicillof-por-el-bano-de-sangre-el-preferido-de-milei-para-la-provincia-elogio-la-gestion-de-un-intendente-peronista-en-seguridad\/"},"modified":"2025-05-27T13:19:29","modified_gmt":"2025-05-27T16:19:29","slug":"entre-la-disputa-de-bullrich-y-kicillof-por-el-bano-de-sangre-el-preferido-de-milei-para-la-provincia-elogio-la-gestion-de-un-intendente-peronista-en-seguridad","status":"publish","type":"post","link":"https:\/\/13.com.ar\/index.php\/entre-la-disputa-de-bullrich-y-kicillof-por-el-bano-de-sangre-el-preferido-de-milei-para-la-provincia-elogio-la-gestion-de-un-intendente-peronista-en-seguridad\/","title":{"rendered":"Entre la disputa de Bullrich y Kicillof por el \u201cba\u00f1o de sangre\u201d, el preferido de Milei para la Provincia elogi\u00f3 la gesti\u00f3n de un intendente peronista en seguridad"},"content":{"rendered":"<p> <br \/>\n<br \/><img decoding=\"async\" src=\"https:\/\/13.com.ar\/wp-content\/uploads\/2025\/05\/Entre-la-disputa-de-Bullrich-y-Kicillof-por-el-bano.jpg\" \/><\/p>\n<div id=\"element-body-0\">\n<p>En pleno cruce entre<strong> Axel Kicillof <\/strong>y<strong> Patricia Bullrich<\/strong> por la inseguridad en la Provincia de Buenos Aires, el diputado nacional y candidato a legislador bonaerense por la Libertad Avanza, <strong>Jos\u00e9 Luis Espert,<\/strong> elogi\u00f3 mediante un twit la gesti\u00f3n en prevenci\u00f3n del delito que lleva adelante el intendente peronista de <strong>Escobar,<\/strong> <strong>Ariel Sujarchuck.<\/strong><\/p>\n<\/div>\n<div id=\"element-body-1\">\n<p>Espert retwitte\u00f3 y celebr\u00f3 en X un post del periodista policial <strong>Mauro Sztajnszrajber<\/strong> que muestra como, en el municipio de Escobar, un polic\u00eda reduce a un delincuente usando un arma no letal. El intendente Sujarchuk aprovech\u00f3 la ocasi\u00f3n y levant\u00f3 el twit del diputado diciendo: \u201cEl elogio menos pensado. \u00a1Gracias diputado @jlespert!\u201d.<\/p>\n<\/div>\n<div id=\"element-body-2\">\n<p>En marzo, Escobar lanz\u00f3 -sin el apoyo del Ministro de Seguridad bonaerense <strong>Javier Alonso<\/strong>&#8211; la polic\u00eda municipal, autorizada a portar armas no letales. Se trata de las armas <strong>Byrna<\/strong>, que liberan una sustancia similar al gas pimienta mediante aire comprimido. La fuerza cuenta con alrededor de 420 efectivos, armas taser, domos, drones, 25 patrulleros, 40 motos.<\/p>\n<\/div>\n<div id=\"element-body-4\">\n<p>En este context, este lunes, el gobernador <strong>Axel Kicillof<\/strong> encabez\u00f3 una conferencia de prensa junto a <strong>Carlos Bianco<\/strong>, su ministro de Gobierno, y respondi\u00f3 a las cr\u00edticas sobre la situaci\u00f3n de inseguridad en la provincia. Apunt\u00f3 contra la ministra Patricia Bullrich que asegur\u00f3 que \u201cla Provincia de Buenos Aires es un ba\u00f1o de sangre\u201d. La frase se dio luego de que Bullrich presentara estad\u00edsticas que indican una baja generalizada en los homicidios a nivel nacional. Seg\u00fan esos datos, la provincia de Buenos Aires registr\u00f3 en 2024 una tasa de<strong> 4,5 homicidios cada 100 mil habitantes.<\/strong><\/p>\n<\/div>\n<div id=\"element-body-5\">\n<p>\u201cSi bajaron los homicidios en la Argentina, como bien marca Bullrich, eso implica inevitablemente que tambi\u00e9n bajaron en la provincia. Es matem\u00e1ticamente imposible lo contrario\u201d, sostuvo Kicillof. El gobernador defendi\u00f3 el rumbo de su gesti\u00f3n y compar\u00f3 las cifras locales con las de otras regiones: \u201cEn Uruguay la tasa es de 12, en Washington es de 40 y<strong> en la provincia de Buenos Aires es de 4,5.<\/strong> Cortenl\u00e1 con eso, paren de mentir, de caranchear y de generar una idea de cosas que no ocurren\u201d.<\/p>\n<\/div>\n<p><br \/>\n<br \/><a href=\"https:\/\/www.clarin.com\/zonales\/disputa-bullrich-kicillof-bano-sangre-preferido-milei-provincia-elogio-gestion-intendente-peronista-seguridad_0_1Veqppfz3j.html\">Fuente Clarin.com <\/a><\/p>\n","protected":false},"excerpt":{"rendered":"<p>En pleno cruce entre Axel Kicillof y Patricia Bullrich por la inseguridad en la Provincia de Buenos Aires, el diputado nacional y candidato a legislador bonaerense por la Libertad Avanza, Jos\u00e9 Luis Espert, elogi\u00f3 mediante un twit la gesti\u00f3n en prevenci\u00f3n del delito que lleva adelante el intendente peronista de Escobar, Ariel Sujarchuck. Espert retwitte\u00f3 [&hellip;]<\/p>\n","protected":false},"author":1,"featured_media":28921,"comment_status":"open","ping_status":"open","sticky":false,"template":"","format":"standard","meta":{"footnotes":""},"categories":[2],"tags":[2136,584,2658,5036,351,2788,945,488,77,16,11177,142,5132,490,5329,316],"class_list":["post-28920","post","type-post","status-publish","format-standard","has-post-thumbnail","hentry","category-ultimas-noticias","tag-bano","tag-bullrich","tag-disputa","tag-elogio","tag-entre","tag-gestion","tag-intendente","tag-kicillof","tag-milei","tag-para","tag-peronista","tag-por","tag-preferido","tag-provincia","tag-sangre","tag-seguridad"],"_links":{"self":[{"href":"https:\/\/13.com.ar\/index.php\/wp-json\/wp\/v2\/posts\/28920","targetHints":{"allow":["GET"]}}],"collection":[{"href":"https:\/\/13.com.ar\/index.php\/wp-json\/wp\/v2\/posts"}],"about":[{"href":"https:\/\/13.com.ar\/index.php\/wp-json\/wp\/v2\/types\/post"}],"author":[{"embeddable":true,"href":"https:\/\/13.com.ar\/index.php\/wp-json\/wp\/v2\/users\/1"}],"replies":[{"embeddable":true,"href":"https:\/\/13.com.ar\/index.php\/wp-json\/wp\/v2\/comments?post=28920"}],"version-history":[{"count":0,"href":"https:\/\/13.com.ar\/index.php\/wp-json\/wp\/v2\/posts\/28920\/revisions"}],"wp:featuredmedia":[{"embeddable":true,"href":"https:\/\/13.com.ar\/index.php\/wp-json\/wp\/v2\/media\/28921"}],"wp:attachment":[{"href":"https:\/\/13.com.ar\/index.php\/wp-json\/wp\/v2\/media?parent=28920"}],"wp:term":[{"taxonomy":"category","embeddable":true,"href":"https:\/\/13.com.ar\/index.php\/wp-json\/wp\/v2\/categories?post=28920"},{"taxonomy":"post_tag","embeddable":true,"href":"https:\/\/13.com.ar\/index.php\/wp-json\/wp\/v2\/tags?post=28920"}],"curies":[{"name":"wp","href":"https:\/\/api.w.org\/{rel}","templated":true}]}}