{"id":2886,"date":"2025-02-07T14:02:55","date_gmt":"2025-02-07T17:02:55","guid":{"rendered":"https:\/\/13.com.ar\/index.php\/la-nueva-tecnica-para-decirle-adios-al-desorden-en-casa\/"},"modified":"2025-02-07T14:02:55","modified_gmt":"2025-02-07T17:02:55","slug":"la-nueva-tecnica-para-decirle-adios-al-desorden-en-casa","status":"publish","type":"post","link":"https:\/\/13.com.ar\/index.php\/la-nueva-tecnica-para-decirle-adios-al-desorden-en-casa\/","title":{"rendered":"la nueva t\u00e9cnica para decirle adi\u00f3s al desorden en casa"},"content":{"rendered":"<p> <br \/>\n<br \/><img decoding=\"async\" src=\"https:\/\/13.com.ar\/wp-content\/uploads\/2025\/02\/la-nueva-tecnica-para-decirle-adios-al-desorden-en-casa.jpg\" \/><\/p>\n<div>\n<p>La autora y especialista en orden dom\u00e9stico,<em> <\/em><strong>Patricia Fern\u00e1ndez, en su libro<\/strong><em> <\/em><strong><em>Organiza tu casa sin drama<\/em><\/strong>, presenta un innovador m\u00e9todo basado en cinco pasos clave: <strong>Organizar, Ordenar, 0 ruido visual, Limpiar y hacer Equipo<\/strong>, cuyas iniciales dan nombre a esta t\u00e9cnica.<\/p>\n<\/div>\n<div>\n<p>El libro de la experta es una gu\u00eda en la que, seg\u00fan afirma, <strong>busca compartir todo lo que le fue \u00fatil a lo largo de su vida<\/strong> y que deseaba transmitir de manera m\u00e1s detallada que en sus redes sociales.<\/p>\n<\/div>\n<div>\n<p>Sin embargo, <strong>estos consejos para limpiar y organizar pueden llegar a cambiar <\/strong>seg\u00fan la habitaci\u00f3n, la distribuci\u00f3n del hogar, las diferentes costumbres y la funci\u00f3n que tenga cada espacio.<\/p>\n<\/div>\n<div>\n<p>Igualmente, Patricia Fern\u00e1ndez afirma:<strong> &#8220;El orden es necesario en todos los aspectos de nuestra vida. <\/strong>Cuanto m\u00e1s ordenado est\u00e9 nuestro d\u00eda, nuestra alimentaci\u00f3n, nuestros horarios de descanso y nuestros pensamientos, todo fluir\u00e1 mucho mejor&#8221;.<\/p>\n<\/div>\n<p><br \/>\n<br \/><a href=\"https:\/\/www.clarin.com\/informacion-general\/metodo-ole-nueva-tecnica-decirle-adios-desorden-casa_0_FF6x34otlX.html\">Fuente Clarin.com <\/a><\/p>\n","protected":false},"excerpt":{"rendered":"<p>La autora y especialista en orden dom\u00e9stico, Patricia Fern\u00e1ndez, en su libro Organiza tu casa sin drama, presenta un innovador m\u00e9todo basado en cinco pasos clave: Organizar, Ordenar, 0 ruido visual, Limpiar y hacer Equipo, cuyas iniciales dan nombre a esta t\u00e9cnica. El libro de la experta es una gu\u00eda en la que, seg\u00fan afirma, [&hellip;]<\/p>\n","protected":false},"author":1,"featured_media":2887,"comment_status":"open","ping_status":"open","sticky":false,"template":"","format":"standard","meta":{"footnotes":""},"categories":[2],"tags":[4890,108,2309,4891,19,16,4889],"class_list":["post-2886","post","type-post","status-publish","format-standard","has-post-thumbnail","hentry","category-ultimas-noticias","tag-adios","tag-casa","tag-decirle","tag-desorden","tag-nueva","tag-para","tag-tecnica"],"_links":{"self":[{"href":"https:\/\/13.com.ar\/index.php\/wp-json\/wp\/v2\/posts\/2886","targetHints":{"allow":["GET"]}}],"collection":[{"href":"https:\/\/13.com.ar\/index.php\/wp-json\/wp\/v2\/posts"}],"about":[{"href":"https:\/\/13.com.ar\/index.php\/wp-json\/wp\/v2\/types\/post"}],"author":[{"embeddable":true,"href":"https:\/\/13.com.ar\/index.php\/wp-json\/wp\/v2\/users\/1"}],"replies":[{"embeddable":true,"href":"https:\/\/13.com.ar\/index.php\/wp-json\/wp\/v2\/comments?post=2886"}],"version-history":[{"count":0,"href":"https:\/\/13.com.ar\/index.php\/wp-json\/wp\/v2\/posts\/2886\/revisions"}],"wp:featuredmedia":[{"embeddable":true,"href":"https:\/\/13.com.ar\/index.php\/wp-json\/wp\/v2\/media\/2887"}],"wp:attachment":[{"href":"https:\/\/13.com.ar\/index.php\/wp-json\/wp\/v2\/media?parent=2886"}],"wp:term":[{"taxonomy":"category","embeddable":true,"href":"https:\/\/13.com.ar\/index.php\/wp-json\/wp\/v2\/categories?post=2886"},{"taxonomy":"post_tag","embeddable":true,"href":"https:\/\/13.com.ar\/index.php\/wp-json\/wp\/v2\/tags?post=2886"}],"curies":[{"name":"wp","href":"https:\/\/api.w.org\/{rel}","templated":true}]}}