{"id":2884,"date":"2025-02-07T13:52:34","date_gmt":"2025-02-07T16:52:34","guid":{"rendered":"https:\/\/13.com.ar\/index.php\/adan-manzano-periodista-de-telemundo-en-kansas-city-y-con-una-tragedia-familiar-detras\/"},"modified":"2025-02-07T13:52:34","modified_gmt":"2025-02-07T16:52:34","slug":"adan-manzano-periodista-de-telemundo-en-kansas-city-y-con-una-tragedia-familiar-detras","status":"publish","type":"post","link":"https:\/\/13.com.ar\/index.php\/adan-manzano-periodista-de-telemundo-en-kansas-city-y-con-una-tragedia-familiar-detras\/","title":{"rendered":"Adan Manzano, periodista de Telemundo en Kansas City, y con una tragedia familiar detr\u00e1s"},"content":{"rendered":"<p> <br \/>\n<br \/><img decoding=\"async\" src=\"https:\/\/13.com.ar\/wp-content\/uploads\/2025\/02\/Adan-Manzano-periodista-de-Telemundo-en-Kansas-City-y-con.jpg\" \/><\/p>\n<div>\n<p>Una tragedia golpe\u00f3 al mundo del periodismo deportivo internacional. Este mi\u00e9rcoles falleci\u00f3 <strong>Adan Manzano<\/strong>, unl periodista de origen mexicano, de 27 a\u00f1os de edad, que cubr\u00eda el <strong>Super Bowl LIX<\/strong> para la cadena<strong> Telemundo Kansas City<\/strong>, la sede de una de las ciudades que ser\u00e1 representada en la final de la NFL en Nueva Orleans. Por el momento se desconoce la causa del fallecimiento, pero el canal anunci\u00f3 la triste noticia a su p\u00fablico este jueves.<\/p>\n<\/div>\n<div>\n<p>&#8220;Adan Manzano muri\u00f3 el mi\u00e9rcoles en Nueva Orleans mientras cubr\u00eda el Super Bowl para Telemundo Kansas City y Tico Sports&#8221;, comienza el comunicado. &#8220;<strong>Adan era un verdadero profesional y una estrella en ascenso que ejemplificaba la excelencia en su trabajo<\/strong>&#8220;. Era uno de los reporteros m\u00e1s j\u00f3venes de la cadena de Kansas y era considerado una de las futuras promesas del periodismo deportivo en Estados Unidos.<\/p>\n<\/div>\n<div>\n<p>&#8220;<strong>Extra\u00f1aremos profundamente a Adan y su pasi\u00f3n por los deportes, y las contribuciones que hizo a la comunidad local<\/strong>. Nuestros pensamientos y nuestras m\u00e1s sinceras condolencias est\u00e1n con su familia y seres queridos durante este momento dif\u00edcil&#8221;, concluye el mensaje de despedida.<\/p>\n<\/div>\n<div>\n<p>Manzano se destacaba como reportero de campo para <strong>Tico Sports<\/strong> durante los partidos de los <strong>Kansas City Chiefs<\/strong> y esta era su tercera cobertura del Super Bowl para Telemundo KC. Varios medios deportivos de la ciudad compartieron sus mensajes de p\u00e9same para despedir a esta reconocida figura, como la <strong>Asociaci\u00f3n de Locutores de Kansas <\/strong>y el <strong>Sporting Kansas City de la MLS<\/strong>. <\/p>\n<\/div>\n<div>\n<p>Por su parte, el alcalde de Kansas City, <strong>Quinton Lucas<\/strong>, tambi\u00e9n se despidi\u00f3 de Manzano a trav\u00e9s de sus redes sociales. &#8220;Adan era muy joven y estaba lleno de energ\u00eda, y realmente cubr\u00eda casi todos los eventos de la comunidad. Es muy triste ver esta noticia. Mi m\u00e1s sentido p\u00e9same a su familia, amigos y colegas&#8221;, escribi\u00f3.<\/p>\n<\/div>\n<div>\n<p>Mientras se destacaba en su trabajo, hace un a\u00f1o que el periodista mexicano cargaba con una tragedia familiar tras haber perdido a su esposa Ashleigh Boyd en un accidente de tr\u00e1nsito. Era adem\u00e1s la madre de su \u00fanica hija, Eleanor, con quien viajaba en el auto cuando ten\u00eda apenas 15 meses. La \u00fanica persona que perdi\u00f3 la vida en ese accidente fue Ashleigh, mientras que los pasajeros del otro auto resultaron gravemente heridos.<\/p>\n<\/div>\n<div>\n<p>Un a\u00f1o m\u00e1s tarde de ese tr\u00e1gico episodio, falleci\u00f3 Adan Manzano. Si bien la polic\u00eda todav\u00eda desconoce la causa de su muerte, la cadena de noticias mexicana de la que formaba parte el reportero hace cuatro a\u00f1os afirm\u00f3 que est\u00e1n colaborando con las autoridades en la investigaci\u00f3n.<\/p>\n<\/div>\n<p><br \/>\n<br \/><a href=\"https:\/\/www.clarin.com\/deportes\/cubria-super-bowl-2025-murio-27-anos-edad-adan-manzano-periodista-telemundo-kansas-city-tragedia-familiar-detras_0_TvK3pOSrrl.html\">Fuente Clarin.com <\/a><\/p>\n","protected":false},"excerpt":{"rendered":"<p>Una tragedia golpe\u00f3 al mundo del periodismo deportivo internacional. Este mi\u00e9rcoles falleci\u00f3 Adan Manzano, unl periodista de origen mexicano, de 27 a\u00f1os de edad, que cubr\u00eda el Super Bowl LIX para la cadena Telemundo Kansas City, la sede de una de las ciudades que ser\u00e1 representada en la final de la NFL en Nueva Orleans. [&hellip;]<\/p>\n","protected":false},"author":1,"featured_media":2885,"comment_status":"open","ping_status":"open","sticky":false,"template":"","format":"standard","meta":{"footnotes":""},"categories":[2],"tags":[4885,1365,18,269,4888,3946,4886,390,4887,1573,73],"class_list":["post-2884","post","type-post","status-publish","format-standard","has-post-thumbnail","hentry","category-ultimas-noticias","tag-adan","tag-city","tag-con","tag-detras","tag-familiar","tag-kansas","tag-manzano","tag-periodista","tag-telemundo","tag-tragedia","tag-una"],"_links":{"self":[{"href":"https:\/\/13.com.ar\/index.php\/wp-json\/wp\/v2\/posts\/2884","targetHints":{"allow":["GET"]}}],"collection":[{"href":"https:\/\/13.com.ar\/index.php\/wp-json\/wp\/v2\/posts"}],"about":[{"href":"https:\/\/13.com.ar\/index.php\/wp-json\/wp\/v2\/types\/post"}],"author":[{"embeddable":true,"href":"https:\/\/13.com.ar\/index.php\/wp-json\/wp\/v2\/users\/1"}],"replies":[{"embeddable":true,"href":"https:\/\/13.com.ar\/index.php\/wp-json\/wp\/v2\/comments?post=2884"}],"version-history":[{"count":0,"href":"https:\/\/13.com.ar\/index.php\/wp-json\/wp\/v2\/posts\/2884\/revisions"}],"wp:featuredmedia":[{"embeddable":true,"href":"https:\/\/13.com.ar\/index.php\/wp-json\/wp\/v2\/media\/2885"}],"wp:attachment":[{"href":"https:\/\/13.com.ar\/index.php\/wp-json\/wp\/v2\/media?parent=2884"}],"wp:term":[{"taxonomy":"category","embeddable":true,"href":"https:\/\/13.com.ar\/index.php\/wp-json\/wp\/v2\/categories?post=2884"},{"taxonomy":"post_tag","embeddable":true,"href":"https:\/\/13.com.ar\/index.php\/wp-json\/wp\/v2\/tags?post=2884"}],"curies":[{"name":"wp","href":"https:\/\/api.w.org\/{rel}","templated":true}]}}