{"id":2882,"date":"2025-02-07T13:31:53","date_gmt":"2025-02-07T16:31:53","guid":{"rendered":"https:\/\/13.com.ar\/index.php\/trascendio-cual-fue-el-tierno-gesto-que-tuvo-su-hermana-rocio-al-enterarse\/"},"modified":"2025-02-07T13:31:53","modified_gmt":"2025-02-07T16:31:53","slug":"trascendio-cual-fue-el-tierno-gesto-que-tuvo-su-hermana-rocio-al-enterarse","status":"publish","type":"post","link":"https:\/\/13.com.ar\/index.php\/trascendio-cual-fue-el-tierno-gesto-que-tuvo-su-hermana-rocio-al-enterarse\/","title":{"rendered":"trascendi\u00f3 cu\u00e1l fue el tierno gesto que tuvo su hermana Roc\u00edo al enterarse"},"content":{"rendered":"<p> <br \/>\n<\/p>\n<div id=\"cuerpo\">\n<div class=\"sc-80531b6b-0 chRIGJ container-text text-embed\">\n<p>En medio de la detenci\u00f3n de <strong>Morena Rial<\/strong> por el robo a una vivienda, trascendi\u00f3 cu\u00e1l fue el tierno gesto que tuvo <strong>su hermana Roc\u00edo<\/strong> cuando se enter\u00f3. El abogado de la hija de <strong>Jorge Rial<\/strong> cont\u00f3 c\u00f3mo es el v\u00ednculo actual de la joven con su padre y hermana. <\/p>\n<\/div>\n<div class=\"sc-80531b6b-0 chRIGJ container-text text-embed\">\n<p>En una comunicaci\u00f3n en vivo con <em>A la Tarde <\/em>(Am\u00e9rica TV), el abogado de Morena Rial, Alejandro Cipolla, habl\u00f3 sobre la detenci\u00f3n de la hija de Jorge.<\/p>\n<\/div>\n<div class=\"sc-80531b6b-0 chRIGJ container-text text-embed\">\n<p>En esa entrevista, el letrado fue indagado sobre el entorno familiar de la <em>influencer<\/em>, ya que ella manifest\u00f3, en varias oportunidades, estar distanciada de <strong>su padre Jorge Rial, su hermana Roc\u00edo y su madre Silvia D&#8217;Auro. <\/strong><\/p>\n<\/div>\n<div class=\"sc-80531b6b-0 chRIGJ container-text text-embed\">\n<p>Sobre este tema, la panelista Cora Debarbieri quiso saber: &#8220;Doctor, le quiero consultar si, en estas \u00faltimas horas, <strong>Roc\u00edo habl\u00f3 con usted, si fue a la comisar\u00eda a ver a Morena o si se est\u00e1 interiorizando sobre el tema&#8221;.<\/strong><\/p>\n<\/div>\n<div class=\"sc-80531b6b-0 chRIGJ container-text text-embed\">\n<p>&#8220;Es todo muy reciente. Y<strong>o le doy el parte solo a Jorge, no le voy a brindar el parte a toda la familia.<\/strong> Si me lo pregunta, se lo dar\u00e9, pero entiendo que est\u00e1 en conocimiento. Todo el pa\u00eds est\u00e1 en conocimiento&#8221;, respondi\u00f3 el abogado.<\/p>\n<\/div>\n<div class=\"sc-80531b6b-0 chRIGJ container-text text-embed\">\n<p>Y en ese sentido, agreg\u00f3: &#8220;Y hay que recordar que es muy reciente. Morena fue trasladada ayer a la madrugada&#8230;&#8221;.<\/p>\n<\/div>\n<div class=\"sc-80531b6b-0 chRIGJ container-text text-embed\">\n<p>Retomando el tema de la otra hija de Jorge Rial, Daniel Ambrosino insisti\u00f3: &#8220;Otras de las versiones que corr\u00eda era que <strong>Roc\u00edo fue la encargada de ir a buscar al beb\u00e9 (Amadeo) y llevarlo a la casa para que est\u00e9 con Jorge,<\/strong> \u00bfeso es cierto?&#8221;. <\/p>\n<\/div>\n<div class=\"sc-198be8ec-0 cynXbu image-embed  image-embed \"><picture class=\"sc-198be8ec-1 kOjRiQ\"><source media=\"(min-width: 975px)\" width=\"720\" height=\"480\" \/><img alt=\"El abogado de Morena Rial revel\u00f3 el tierno gesto de Roc\u00edo con su hermana. Captura TV\" loading=\"lazy\" width=\"720\" height=\"480\" decoding=\"async\" data-nimg=\"1\" style=\"color:transparent\" src=\"https:\/\/13.com.ar\/wp-content\/uploads\/2025\/02\/trascendio-cual-fue-el-tierno-gesto-que-tuvo-su-hermana.jpg\"\/><span class=\"epigraphe\">El abogado de Morena Rial revel\u00f3 el tierno gesto de Roc\u00edo con su hermana. Captura TV<\/span><span class=\"bkg\"\/><span class=\"picture-open\"><button class=\"open-image\" aria-label=\"Open Image\"\/><\/span><\/picture><\/div>\n<div class=\"sc-80531b6b-0 chRIGJ container-text text-embed\">\n<p>Cipolla confirm\u00f3 esta versi\u00f3n, aunque al ser consultado por la madre de ambas, Silvia D&#8217;Auro, otra fue la reacci\u00f3n. &#8220;No, <strong>la madre no existe&#8221;<\/strong>, revel\u00f3 el letrado.<\/p>\n<\/div>\n<div class=\"sc-80531b6b-0 chRIGJ container-text text-embed\">\n<p>De esta manera, el abogado de Morena Rial asegur\u00f3 que Roc\u00edo fue la encargada de ir a <strong>buscar al beb\u00e9 reci\u00e9n nacido de su hermana <\/strong>para dejarlo al cuidado de su abuelo, el conductor de <em>Argenzuela <\/em>(C5N y Radio 10), donde est\u00e1 actualmente. <\/p>\n<\/div>\n<div class=\"sc-80531b6b-0 chRIGJ container-text text-embed\">\n<p>Cabe recordar que el pasado jueves,<strong> Jorge Rial<\/strong> cont\u00f3 en su programa de radio que ya estaba viviendo con su nieto.<\/p>\n<\/div>\n<div class=\"sc-ad4aedf2-0 dPPgNJ border-video video-embed horizontal border-video video-embed horizontal\">\n<div class=\"sc-ad4aedf2-1 hnFuni videoText videoText\">\n<h2>Video<\/h2>\n<p>Jorge Rial conoci\u00f3 a su nieto Amadeo<\/p>\n<\/div>\n<\/div>\n<div class=\"sc-80531b6b-0 chRIGJ container-text text-embed\">\n<p><strong>&#8220;Est\u00e1 bien de peso, altura, es un peque\u00f1o luchador de sumo<\/strong>, tiene una fuerza infernal, ya pegamos onda, nos re\u00edmos&#8221;, precis\u00f3 sobre el ni\u00f1o que tiene menos de seis meses.<\/p>\n<\/div>\n<p><h2>El importante anuncio del abogado de Morena Rial<\/h2>\n<\/p>\n<div class=\"sc-80531b6b-0 chRIGJ container-text text-embed\">\n<p>El pasado jueves, el letrado habl\u00f3 con varios medios de comunicaci\u00f3n y cont\u00f3 que la hija de Jorge Rial se hab\u00eda negado a declarar en la causa que la investiga por el <strong>robo a una vivienda de Villa Adelina <\/strong>en modalidad de escruche.<\/p>\n<\/div>\n<div class=\"sc-80531b6b-0 chRIGJ container-text text-embed\">\n<p>Pero por la noche, Cipolla sorprendi\u00f3 con<strong> un fuerte anuncio<\/strong> en su perfil de Instagram, donde lo siguen un mill\u00f3n de personas.<\/p>\n<\/div>\n<div class=\"sc-198be8ec-0 cynXbu image-embed  image-embed \"><picture class=\"sc-198be8ec-1 kOjRiQ\"><source media=\"(min-width: 975px)\" width=\"720\" height=\"480\" \/><img alt=\"El abogado de Morena Rial adelant\u00f3 que no dar\u00e1 m\u00e1s entrevistas sobre este caso. Foto: Instagram\" loading=\"lazy\" width=\"720\" height=\"480\" decoding=\"async\" data-nimg=\"1\" style=\"color:transparent\" src=\"https:\/\/13.com.ar\/wp-content\/uploads\/2025\/02\/1738945913_559_trascendio-cual-fue-el-tierno-gesto-que-tuvo-su-hermana.jpg\"\/><span class=\"epigraphe\">El abogado de Morena Rial adelant\u00f3 que no dar\u00e1 m\u00e1s entrevistas sobre este caso. Foto: Instagram<\/span><span class=\"bkg\"\/><span class=\"picture-open\"><button class=\"open-image\" aria-label=\"Open Image\"\/><\/span><\/picture><\/div>\n<div class=\"sc-80531b6b-0 chRIGJ container-text text-embed\">\n<p>A trav\u00e9s de una historia de Instagram, Alejandro adelant\u00f3: <strong>&#8220;Informo que no se estar\u00e1 brindando ning\u00fan tipo de entrevista en relaci\u00f3n a la causa que posee Morena Rial<\/strong> hasta que se resuelva los m\u00faltiples pedidos judiciales&#8221;. <\/p>\n<\/div>\n<div class=\"sc-80531b6b-0 chRIGJ container-text text-embed\">\n<p>Acto seguido, el letrado detall\u00f3 el motivo: &#8220;Esta decisi\u00f3n est\u00e1 basada expresamente en <strong>no entorpecer las medidas probatorias y as\u00ed poder llegar a la verdad&#8221;. <\/strong><\/p>\n<\/div>\n<\/div>\n<p><br \/>\n<br \/><a href=\"https:\/\/www.clarin.com\/fama\/detencion-morena-rial-trascendio-tierno-gesto-hermana-rocio-enterarse_0_bturTYE3tm.html\">Fuente Clarin.com <\/a><\/p>\n","protected":false},"excerpt":{"rendered":"<p>En medio de la detenci\u00f3n de Morena Rial por el robo a una vivienda, trascendi\u00f3 cu\u00e1l fue el tierno gesto que tuvo su hermana Roc\u00edo cuando se enter\u00f3. El abogado de la hija de Jorge Rial cont\u00f3 c\u00f3mo es el v\u00ednculo actual de la joven con su padre y hermana. En una comunicaci\u00f3n en vivo [&hellip;]<\/p>\n","protected":false},"author":1,"featured_media":2883,"comment_status":"open","ping_status":"open","sticky":false,"template":"","format":"standard","meta":{"footnotes":""},"categories":[2],"tags":[373,4884,105,462,1803,4883,199,4882,507],"class_list":["post-2882","post","type-post","status-publish","format-standard","has-post-thumbnail","hentry","category-ultimas-noticias","tag-cual","tag-enterarse","tag-fue","tag-gesto","tag-hermana","tag-rocio","tag-tierno","tag-trascendio","tag-tuvo"],"_links":{"self":[{"href":"https:\/\/13.com.ar\/index.php\/wp-json\/wp\/v2\/posts\/2882","targetHints":{"allow":["GET"]}}],"collection":[{"href":"https:\/\/13.com.ar\/index.php\/wp-json\/wp\/v2\/posts"}],"about":[{"href":"https:\/\/13.com.ar\/index.php\/wp-json\/wp\/v2\/types\/post"}],"author":[{"embeddable":true,"href":"https:\/\/13.com.ar\/index.php\/wp-json\/wp\/v2\/users\/1"}],"replies":[{"embeddable":true,"href":"https:\/\/13.com.ar\/index.php\/wp-json\/wp\/v2\/comments?post=2882"}],"version-history":[{"count":0,"href":"https:\/\/13.com.ar\/index.php\/wp-json\/wp\/v2\/posts\/2882\/revisions"}],"wp:featuredmedia":[{"embeddable":true,"href":"https:\/\/13.com.ar\/index.php\/wp-json\/wp\/v2\/media\/2883"}],"wp:attachment":[{"href":"https:\/\/13.com.ar\/index.php\/wp-json\/wp\/v2\/media?parent=2882"}],"wp:term":[{"taxonomy":"category","embeddable":true,"href":"https:\/\/13.com.ar\/index.php\/wp-json\/wp\/v2\/categories?post=2882"},{"taxonomy":"post_tag","embeddable":true,"href":"https:\/\/13.com.ar\/index.php\/wp-json\/wp\/v2\/tags?post=2882"}],"curies":[{"name":"wp","href":"https:\/\/api.w.org\/{rel}","templated":true}]}}