{"id":28792,"date":"2025-05-27T06:50:41","date_gmt":"2025-05-27T09:50:41","guid":{"rendered":"https:\/\/13.com.ar\/index.php\/pediatras-alertan-por-un-creciente-vicio-enganoso-en-los-adolescentes-que-causa-nauseas-vomitos-y-mareos\/"},"modified":"2025-05-27T06:50:41","modified_gmt":"2025-05-27T09:50:41","slug":"pediatras-alertan-por-un-creciente-vicio-enganoso-en-los-adolescentes-que-causa-nauseas-vomitos-y-mareos","status":"publish","type":"post","link":"https:\/\/13.com.ar\/index.php\/pediatras-alertan-por-un-creciente-vicio-enganoso-en-los-adolescentes-que-causa-nauseas-vomitos-y-mareos\/","title":{"rendered":"Pediatras alertan por un creciente vicio enga\u00f1oso en los adolescentes que causa n\u00e1useas, v\u00f3mitos y mareos"},"content":{"rendered":"<p> <br \/>\n<br \/><img decoding=\"async\" src=\"https:\/\/13.com.ar\/wp-content\/uploads\/2025\/05\/Pediatras-alertan-por-un-creciente-vicio-enganoso-en-los-adolescentes.jpg\" \/><\/p>\n<div id=\"element-body-0\">\n<p>\u201cNos encontramos frente a un <strong>problema sanitario<\/strong>\u201d, comienza sin rodeos un nuevo documento elaborado por la Sociedad Argentina de Pediatr\u00eda (SAP) para alertar sobre el incremento sin control del consumo de cigarrillos electr\u00f3nicos y vapeadores. El problema que subrayan, adem\u00e1s, es que estos dispositivos han logrado ganar una <strong>percepci\u00f3n de supuesto menor da\u00f1o<\/strong> para la salud que el que causan los cigarrillos tradicionales.<\/p>\n<\/div>\n<div id=\"element-body-1\">\n<p>Sin embargo -advierten-, \u201cincluyen el consumo de <strong>nicotina y otras sustancias<\/strong> tan o m\u00e1s da\u00f1inas y, adem\u00e1s, promueven la entrada del p\u00fablico joven al tabaquismo y a otras adicciones\u201d. El documento es parte de la Campa\u00f1a Nacional &#8220;El vapeo y sus riesgos&#8221;, que impulsa la SAP en v\u00edsperas del D\u00eda Mundial sin Tabaco, que se conmemora el 31 de mayo.<\/p>\n<\/div>\n<div id=\"element-body-2\">\n<p>Silvia Cabrerizo, secretaria del Grupo de Trabajo de Adicciones de la SAP y una de las autoras del documento, se\u00f1al\u00f3 que \u201cestos dispositivos, adem\u00e1s de saborizantes tendientes a captar el gusto de los adolescentes e incorporarlos en la <strong>conducta adictiva<\/strong>, como sabores frutales, a chicle, chocolate, vainilla, menta, o bebidas cola, entre otros, generalmente contienen <strong>sustancias potencialmente cancer\u00edgenas<\/strong>, como propilenglicol, diacetilo, glicerina vegetal, acrole\u00edna y formaldehido, adem\u00e1s de otros ingredientes muchas veces desconocidos o sobre los cuales no se testearon sus consecuencias en la inhalaci\u00f3n\u201d.<\/p>\n<\/div>\n<div id=\"element-body-3\">\n<p>Hilda Giugno, pediatra neumon\u00f3loga y secretaria del Comit\u00e9 de Neumonolog\u00eda de la SAP, dijo que \u201cen Argentina est\u00e1 <strong>prohibida tanto la venta como la distribuci\u00f3n<\/strong> y promoci\u00f3n de estos dispositivos. Sin embargo, est\u00e1n al alcance de cualquiera debido a un comercio ilegal y se desconoce su origen y proceso de fabricaci\u00f3n\u201d.<\/p>\n<\/div>\n<div id=\"element-body-4\">\n<p>El documento agrega que \u201clas estrategias inteligentes del marketing de las tabacaleras han direccionado sus ventas al p\u00fablico joven, al que es <strong>conveniente iniciar en la adicci\u00f3n<\/strong> (las estad\u00edsticas de consumo de tabaco convencional van en descenso en los \u00faltimos 30 a\u00f1os), por lo que el packaging y las efectivas acciones para su venta est\u00e1n <strong>especialmente dise\u00f1adas<\/strong> para atraer al p\u00fablico joven\u201d.<\/p>\n<\/div>\n<div id=\"element-body-6\">\n<p>Luego afirma que \u201cest\u00e1 ampliamente difundido entre ellos la <strong>falsa idea del \u201cbajo riesgo\u201d<\/strong>, pero agrega que \u201cel vapeo no es inofensivo. Implica riesgos reales para la salud y la seguridad, como la adicci\u00f3n y otros efectos negativos para la salud. Los adolescentes que vapean tienen mayor incidencia de<strong> tos, sibilancias, n\u00e1useas, v\u00f3mitos, dolores de cabeza y mareos<\/strong>\u201d.<\/p>\n<\/div>\n<div id=\"element-body-7\">\n<p>Sandra Barria, prosecretaria del Comit\u00e9 Nacional de Neumonolog\u00eda de la SAP, complet\u00f3: \u201cNo debemos perder de vista tampoco que la maduraci\u00f3n del cerebro se alcanza reci\u00e9n a los 25 a\u00f1os, por lo que la exposici\u00f3n a este tipo de sustancias puede <strong>generar adicci\u00f3n y provocar da\u00f1os irreversibles<\/strong>. Tambi\u00e9n influye negativamente en el aprendizaje, en la memoria y en el poder de atenci\u00f3n. <strong>Ocho de cada 10 fumadores <\/strong>se iniciaron en el tabaquismo antes de los 18 a\u00f1os\u201d.<\/p>\n<\/div>\n<div id=\"element-body-9\">\n<p>Seg\u00fan la SAP, los adolescentes se acercan al vapeo buscando pertenencia, alivio emocional o por simple curiosidad, <strong>sin medir los riesgos<\/strong> que eso implica: \u201cDiversos estudios muestran que la nicotina presente en la mayor\u00eda de los vapeadores <strong>altera el desarrollo del cerebro adolescente<\/strong>, aumenta el riesgo de ansiedad, depresi\u00f3n, irritabilidad y trastornos del sue\u00f1o\u201d.<\/p>\n<\/div>\n<div id=\"element-body-11\">\n<p>A\u00f1ade que \u201cla dependencia que genera puede profundizar estados de malestar emocional, deteriorar la autoestima y entorpecer la regulaci\u00f3n de las emociones. Lejos de ser inofensivo, el vapeo instala una<strong> relaci\u00f3n precoz con una sustancia adictiva<\/strong> en una etapa vital de gran vulnerabilidad ps\u00edquica\u201d.<\/p>\n<\/div>\n<div id=\"element-body-12\">\n<p>Maximiliano Salim, m\u00e9dico neumon\u00f3logo del mismo Comit\u00e9, destac\u00f3 que \u201cse ha documentado que el vapeo excesivo puede desencadenar <strong>una enfermedad respiratoria potencialmente mortal<\/strong>, denominada Injuria Pulmonar Aguda por Cigarrillo Electr\u00f3nico, que se caracteriza por una lesi\u00f3n inflamatoria con riesgo de ocasionar un deterioro significativo de la <strong>funci\u00f3n respiratoria<\/strong>. De hecho, el Ministerio de Salud Nacional ha emitido comunicados para alertar al sistema sanitario de este fen\u00f3meno\u201d.<\/p>\n<\/div>\n<div id=\"element-body-13\">\n<p>Guillermo Espinosa, coordinador del Programa de Control de Tabaco del Hospital Italiano, consider\u00f3 por su parte que \u201cmuchos creen que los vapeadores ayudan a dejar de fumar, pero no hay evidencia suficiente que respalde esta teor\u00eda. Adem\u00e1s, esta<strong> falsa percepci\u00f3n<\/strong> puede fomentar su uso y ser el inicio de consumidores de nicotina que luego de un tiempo inician el consumo de tabaco, por costos y accesibilidad\u201d.<\/p>\n<\/div>\n<p><br \/>\n<br \/><a href=\"https:\/\/www.clarin.com\/sociedad\/pediatras-alertan-creciente-vicio-enganoso-adolescentes-causa-nauseas-vomitos-mareos_0_5bgyEXNtye.html\">Fuente Clarin.com <\/a><\/p>\n","protected":false},"excerpt":{"rendered":"<p>\u201cNos encontramos frente a un problema sanitario\u201d, comienza sin rodeos un nuevo documento elaborado por la Sociedad Argentina de Pediatr\u00eda (SAP) para alertar sobre el incremento sin control del consumo de cigarrillos electr\u00f3nicos y vapeadores. El problema que subrayan, adem\u00e1s, es que estos dispositivos han logrado ganar una percepci\u00f3n de supuesto menor da\u00f1o para la [&hellip;]<\/p>\n","protected":false},"author":1,"featured_media":28793,"comment_status":"open","ping_status":"open","sticky":false,"template":"","format":"standard","meta":{"footnotes":""},"categories":[2],"tags":[2943,6653,1663,4364,19471,28,19473,19472,19469,142,19470,17886],"class_list":["post-28792","post","type-post","status-publish","format-standard","has-post-thumbnail","hentry","category-ultimas-noticias","tag-adolescentes","tag-alertan","tag-causa","tag-creciente","tag-enganoso","tag-los","tag-mareos","tag-nauseas","tag-pediatras","tag-por","tag-vicio","tag-vomitos"],"_links":{"self":[{"href":"https:\/\/13.com.ar\/index.php\/wp-json\/wp\/v2\/posts\/28792","targetHints":{"allow":["GET"]}}],"collection":[{"href":"https:\/\/13.com.ar\/index.php\/wp-json\/wp\/v2\/posts"}],"about":[{"href":"https:\/\/13.com.ar\/index.php\/wp-json\/wp\/v2\/types\/post"}],"author":[{"embeddable":true,"href":"https:\/\/13.com.ar\/index.php\/wp-json\/wp\/v2\/users\/1"}],"replies":[{"embeddable":true,"href":"https:\/\/13.com.ar\/index.php\/wp-json\/wp\/v2\/comments?post=28792"}],"version-history":[{"count":0,"href":"https:\/\/13.com.ar\/index.php\/wp-json\/wp\/v2\/posts\/28792\/revisions"}],"wp:featuredmedia":[{"embeddable":true,"href":"https:\/\/13.com.ar\/index.php\/wp-json\/wp\/v2\/media\/28793"}],"wp:attachment":[{"href":"https:\/\/13.com.ar\/index.php\/wp-json\/wp\/v2\/media?parent=28792"}],"wp:term":[{"taxonomy":"category","embeddable":true,"href":"https:\/\/13.com.ar\/index.php\/wp-json\/wp\/v2\/categories?post=28792"},{"taxonomy":"post_tag","embeddable":true,"href":"https:\/\/13.com.ar\/index.php\/wp-json\/wp\/v2\/tags?post=28792"}],"curies":[{"name":"wp","href":"https:\/\/api.w.org\/{rel}","templated":true}]}}