{"id":28790,"date":"2025-05-27T06:47:31","date_gmt":"2025-05-27T09:47:31","guid":{"rendered":"https:\/\/13.com.ar\/index.php\/ya-se-habla-de-que-se-venderian-700-000-cero-kilometro-este-ano\/"},"modified":"2025-05-27T06:47:31","modified_gmt":"2025-05-27T09:47:31","slug":"ya-se-habla-de-que-se-venderian-700-000-cero-kilometro-este-ano","status":"publish","type":"post","link":"https:\/\/13.com.ar\/index.php\/ya-se-habla-de-que-se-venderian-700-000-cero-kilometro-este-ano\/","title":{"rendered":"ya se habla de que se vender\u00edan 700.000 cero kil\u00f3metro este a\u00f1o"},"content":{"rendered":"<p> <br \/>\n<br \/><img decoding=\"async\" src=\"https:\/\/13.com.ar\/wp-content\/uploads\/2025\/05\/ya-se-habla-de-que-se-venderian-700000-cero-kilometro.jpg\" \/><\/p>\n<div id=\"element-body-0\">\n<p>El s\u00e1bado, en la columna de Daniel Fern\u00e1ndez Canedo de Clar\u00edn, el ex ministro de Industria y titular de la consultora Abeceb <strong>Dante Sica<\/strong> plante\u00f3 que este a\u00f1o se podr\u00edan vender<strong> 700.000 autos cero kil\u00f3metro<\/strong> en la Argentina.<\/p>\n<\/div>\n<div id=\"element-body-1\">\n<p>No ser\u00eda la primera vez que en el pa\u00eds se vende esa cantidad de veh\u00edculos cero kil\u00f3metro (ya ocurri\u00f3, incluso superando las <strong>900.000 unidades<\/strong>, durante los gobiernos de Cristina Kirchner y de Mauricio Macri). Pero pasar de las 414.000 unidades vendidas el a\u00f1o pasado a 700.000 este a\u00f1o representa un salto importante. \u00bfQu\u00e9 dicen los que est\u00e1n en el d\u00eda a d\u00eda en el mercado?<\/p>\n<\/div>\n<div id=\"element-body-2\">\n<p>Una primera respuesta la dio este lunes <strong>Ernesto Cavicchioli.<\/strong> Este empresario encabeza al grupo familiar que tiene la representaci\u00f3n en la Argentina de Hyundai, la marca de veh\u00edculos coreana que<strong> hoy es la n\u00famero uno entre las importadas sin f\u00e1brica<\/strong> en el pa\u00eds.<\/p>\n<\/div>\n<div id=\"element-body-3\">\n<p>\u201cEste a\u00f1o las ventas de veh\u00edculos va<strong>n a subir 80%<\/strong>\u201d, dijo Cavicchioli, durante la presentaci\u00f3n de un nuevo modelo. \u201cY nosotros, como marca, estamos creciendo 500% y vamos a tener el 1% de ese mercado\u201d.<\/p>\n<\/div>\n<div id=\"element-body-5\">\n<p>Esos porcentajes, volcados a una calculadora, arrojan una estimaci\u00f3n de mercado de <strong>745.000 unidades cero kil\u00f3metro patentadas durante 2025<\/strong>. Se trata de una proyecci\u00f3n, pero basada en al menos dos datos: en los primeros cuatro meses ya fueron patentadas casi <strong>217.000 unidades<\/strong> y las marcas siguen incorporando<strong> acuerdos con los bancos para sumar financiaci\u00f3n a su oferta,<\/strong> la cual adem\u00e1s podr\u00eda incrementarse con m\u00e1s nuevos lanzamientos comerciales durante el segundo semestre.<\/p>\n<\/div>\n<div id=\"element-body-6\">\n<p>En un escenario de m\u00e1s oferta y m\u00e1s financiamiento, el Gobierno adem\u00e1s buscar\u00e1 al menos achatar los precios con la importaci\u00f3n de entre 20.000 y 30.000 laveh\u00edculos electrificados, en su mayor\u00eda de origen chino, que ser\u00e1n vendidos en la franja de los 28.000 a 32.000 d\u00f3lares (el cupo que lanz\u00f3 el Gobierno es de hasta 50.000 veh\u00edculos, pero no todas las marcas que licitaron necesariamente <strong>terminar\u00edan trayendo la totalidad de unidades que les fueron adjudicadas).<\/strong><\/p>\n<\/div>\n<div id=\"element-body-7\">\n<p>Otro dato lo aport\u00f3 el mismo Cavicchioli, quien el lunes present\u00f3 la nueva versi\u00f3n del Hyundai Creta, un modelo de 35.000 d\u00f3lares fabricado en Brasil que incrementa la oferta local de veh\u00edculos tipo SUV, los cuales a su vez en los \u00faltimos a\u00f1os hab\u00edan sido desplazados por las pick ups de fabricaci\u00f3n local.<\/p>\n<\/div>\n<div id=\"element-body-8\">\n<p>\u201cAhora las marcas de pick ups tienen m\u00e1s competencia<strong> y los precios van a ir a la baja.<\/strong> Hay stock en las concesionarias y entrega inmediata. Hasta hace unos a\u00f1os la distorsi\u00f3n era total\u201d.<\/p>\n<\/div>\n<div id=\"element-body-10\">\n<p>Tras la baja del impuesto PAIS a fines de 2024 y la eliminaci\u00f3n de la primera escala de los impuestos internos (sumada a la rebaja de la segunda escala de esos impuestos, que pas\u00f3 de 35% a 20%), los precios de los veh\u00edculos tuvieron una baja de precio en los primeros meses del a\u00f1o, <strong>pero en la franja de 35.000 d\u00f3lares hacia arriba.<\/strong> Los modelos que constituyen la gama de entrada <strong>no bajaron. <\/strong><\/p>\n<\/div>\n<div id=\"element-body-11\">\n<p>\u201cLa baja de impuestos y la normalizaci\u00f3n del mercado fue lo que pregonamos toda la vida y ahora se est\u00e1 dando. De modo que prefiero ver el vaso tres cuartos lleno y esperar a que se corrijan las distorsiones pendientes\u201d, dijo Cavicchioli.<\/p>\n<\/div>\n<div id=\"element-body-12\">\n<p>Fue en ese contexto que el equipo econ\u00f3mico lanz\u00f3 una licitaci\u00f3n para importar, sin aranceles, hasta 50.000 veh\u00edculos electrificados por a\u00f1o (h\u00edbridos o 100% enchufables) con un precio FOB de 16.000 d\u00f3lares.<\/p>\n<\/div>\n<div id=\"element-body-13\">\n<p>Para Cavicchioli, con los datos de las unidades que fueron adjudicadas, el Gobierno no va a conseguir su objetivo de hacer bajar de precio a los cero kil\u00f3metro que hoy son los m\u00e1s econ\u00f3micos. Al menos, <strong>no en esta primera tanda<\/strong>. \u201cLo que vemos es que los cupos est\u00e1n siendo usados para traer modelos grandes, <strong>no todos los importadores fueron al auto chico.<\/strong> Incluso las terminales automotrices no usaron todo el cupo que se les hab\u00eda asignado, con lo cual vamos en ese cupo sin aranceles <strong>va a haber una mayor\u00eda de autos chinos\u201d.<\/strong><\/p>\n<\/div>\n<p><br \/>\n<br \/><a href=\"https:\/\/www.clarin.com\/economia\/autos-habla-venderian-700000-cero-kilometro-ano_0_4jTQdsEgOY.html\">Fuente Clarin.com <\/a><\/p>\n","protected":false},"excerpt":{"rendered":"<p>El s\u00e1bado, en la columna de Daniel Fern\u00e1ndez Canedo de Clar\u00edn, el ex ministro de Industria y titular de la consultora Abeceb Dante Sica plante\u00f3 que este a\u00f1o se podr\u00edan vender 700.000 autos cero kil\u00f3metro en la Argentina. No ser\u00eda la primera vez que en el pa\u00eds se vende esa cantidad de veh\u00edculos cero kil\u00f3metro [&hellip;]<\/p>\n","protected":false},"author":1,"featured_media":28791,"comment_status":"open","ping_status":"open","sticky":false,"template":"","format":"standard","meta":{"footnotes":""},"categories":[2],"tags":[530,8050,139,4563,19468,19467],"class_list":["post-28790","post","type-post","status-publish","format-standard","has-post-thumbnail","hentry","category-ultimas-noticias","tag-ano","tag-cero","tag-este","tag-habla","tag-kilometro","tag-venderian"],"_links":{"self":[{"href":"https:\/\/13.com.ar\/index.php\/wp-json\/wp\/v2\/posts\/28790","targetHints":{"allow":["GET"]}}],"collection":[{"href":"https:\/\/13.com.ar\/index.php\/wp-json\/wp\/v2\/posts"}],"about":[{"href":"https:\/\/13.com.ar\/index.php\/wp-json\/wp\/v2\/types\/post"}],"author":[{"embeddable":true,"href":"https:\/\/13.com.ar\/index.php\/wp-json\/wp\/v2\/users\/1"}],"replies":[{"embeddable":true,"href":"https:\/\/13.com.ar\/index.php\/wp-json\/wp\/v2\/comments?post=28790"}],"version-history":[{"count":0,"href":"https:\/\/13.com.ar\/index.php\/wp-json\/wp\/v2\/posts\/28790\/revisions"}],"wp:featuredmedia":[{"embeddable":true,"href":"https:\/\/13.com.ar\/index.php\/wp-json\/wp\/v2\/media\/28791"}],"wp:attachment":[{"href":"https:\/\/13.com.ar\/index.php\/wp-json\/wp\/v2\/media?parent=28790"}],"wp:term":[{"taxonomy":"category","embeddable":true,"href":"https:\/\/13.com.ar\/index.php\/wp-json\/wp\/v2\/categories?post=28790"},{"taxonomy":"post_tag","embeddable":true,"href":"https:\/\/13.com.ar\/index.php\/wp-json\/wp\/v2\/tags?post=28790"}],"curies":[{"name":"wp","href":"https:\/\/api.w.org\/{rel}","templated":true}]}}