{"id":28786,"date":"2025-05-27T06:41:39","date_gmt":"2025-05-27T09:41:39","guid":{"rendered":"https:\/\/13.com.ar\/index.php\/hablo-la-hija-de-la-mujer-que-murio-asfixiada-en-la-casa-del-guitarrista-de-virus\/"},"modified":"2025-05-27T06:41:39","modified_gmt":"2025-05-27T09:41:39","slug":"hablo-la-hija-de-la-mujer-que-murio-asfixiada-en-la-casa-del-guitarrista-de-virus","status":"publish","type":"post","link":"https:\/\/13.com.ar\/index.php\/hablo-la-hija-de-la-mujer-que-murio-asfixiada-en-la-casa-del-guitarrista-de-virus\/","title":{"rendered":"habl\u00f3 la hija de la mujer que muri\u00f3 asfixiada en la casa del guitarrista de Virus"},"content":{"rendered":"<p> <br \/>\n<br \/><img decoding=\"async\" src=\"https:\/\/13.com.ar\/wp-content\/uploads\/2025\/05\/hablo-la-hija-de-la-mujer-que-murio-asfixiada-en.jpg\" \/><\/p>\n<div id=\"element-body-0\">\n<p>&#8220;Estos meses han sido muy complicados&#8221;, arranca diciendo Krystal Buckner Murillo (29) en di\u00e1logo con <strong>Clar\u00edn<\/strong>. Habla despacio y tiene que parar la entrevista cuando la angustia la desborda. Tuvo que volver a trabajar a\u00fan con licencia m\u00e9dica porque no pudo reactivar los emprendimientos que ten\u00eda con su madre. Pasaron 144 d\u00edas desde que <strong>Andrea Murillo Rojas<\/strong> (53) fue encontrada muerta en la casa de Villa Elisa tras un encuentro con <strong>Julio Moura<\/strong> (68), el guitarrista de Virus.<\/p>\n<\/div>\n<div id=\"element-body-1\">\n<p>El 3 de enero de 2025, Andrea lleg\u00f3 desde Chile para encontrarse con Moura en su casa de La Plata. De acuerdo a los primeros indicios de la investigaci\u00f3n, la causa del fallecimiento fue <strong>asfixia durante una pr\u00e1ctica sexual<\/strong>.<\/p>\n<\/div>\n<div id=\"element-body-2\">\n<p>El hecho es investigado por el fiscal Gonzalo Petit Bosnic, que al momento no ha pedido la imputaci\u00f3n formal a Moura por ning\u00fan delito. <\/p>\n<\/div>\n<div id=\"element-body-3\">\n<p>El m\u00fasico se mantuvo en silencio durante estos meses pero el lunes realiz\u00f3 un posteo en sus redes sociales en el que le habl\u00f3 a Andrea y expres\u00f3: &#8220;Mi silencio hasta hoy fue por respeto a tu familia, a tus seres queridos y a la Justicia para todo lo que necesiten de m\u00ed&#8221;.<\/p>\n<\/div>\n<div id=\"element-body-5\">\n<p>Y sigue: &#8220;Hoy te recuerdo y quiero expresar a todos la maravillosa mujer que fuiste, eres y ser\u00e1s. Tu amistad fue algo que me llen\u00f3 de gratificaci\u00f3n. Estar\u00e1s en mi coraz\u00f3n por siempre, y honrar\u00e9 tu vida, vida que nada le import\u00f3 a los que construyen la &#8216;opini\u00f3n p\u00fablica&#8217;. Ante la dicha de haberte conocido Andrea\u2026solo debo decir: &#8216;gracias a la vida'&#8221;. <\/p>\n<\/div>\n<div id=\"element-body-6\">\n<p>La hija de Andrea respondi\u00f3 a ese posteo con un mensaje en el que lo invit\u00f3 a contactarse con la familia. <\/p>\n<\/div>\n<div id=\"element-body-8\">\n<p>&#8220;Ver la publicaci\u00f3n me alivi\u00f3 un poco, porque ha pasado tanto tiempo y <strong>no hemos tenido ning\u00fan contacto de parte de Julio<\/strong>. Siento que \u00e9l deber\u00eda acercarse a nosotros, no s\u00e9 si no lo ha hecho por temor, pero a\u00fan as\u00ed siento que deber\u00eda contactarnos directamente&#8221;, dijo Krystal, que ten\u00eda dos emprendimientos con su madre. Un negocio de venta de plantas y otro de arte bot\u00e1nico.<\/p>\n<\/div>\n<div id=\"element-body-9\">\n<p>Adem\u00e1s, cont\u00f3 que a poco del fallecimiento de su madre s\u00ed los contact\u00f3 Luc\u00eda, la ex pareja de Moura pero que \u00e9l nunca lo hab\u00eda hecho. Luc\u00eda fue la primera persona a la que llam\u00f3 el m\u00fasico cuando ocurri\u00f3 el episodio y ella la que decidi\u00f3 comunicarse con la Polic\u00eda.<\/p>\n<\/div>\n<div id=\"element-body-10\">\n<p>&#8220;Creo que el hecho de que \u00e9l (por Julio Moura) se pueda contactar con nosotros <strong>va a hacer m\u00e1s f\u00e1cil empezar a sanar<\/strong>, siento que mi vida est\u00e1 en pausa. Yo no viaj\u00e9 a Argentina, mi hermano tampoco, hicimos los tr\u00e1mites desde Chile para traer el cuerpo. Ha sido emocionalmente agotador este tiempo&#8221;, cont\u00f3 Krystal a <strong>Clar\u00edn<\/strong>.<\/p>\n<\/div>\n<div id=\"element-body-12\">\n<p>Kevin, el hermano de Krystal fue quien se encarg\u00f3 de seguir la causa judicial en Argentina pero aseguraron que <strong>est\u00e1 todo &#8220;como paralizado&#8221;<\/strong> y que no han tenido ninguna informaci\u00f3n sobre los avances de la investigaci\u00f3n.<\/p>\n<\/div>\n<div id=\"element-body-13\">\n<p>&#8220;Yo la verdad no le deseo ning\u00fan mal a Julio, no hay rencor. Solo quisiera entender <strong>c\u00f3mo estaba \u00e9l para no pedir ayuda <\/strong>como correspond\u00eda, y quiz\u00e1<strong> ayuda para poder costear un tratamiento psicol\u00f3gico <\/strong>o con un psiquiatra porque desde que pas\u00f3 todo esto se me ha ido todo a pique econ\u00f3micamente&#8221;, asegur\u00f3 la mujer.<\/p>\n<\/div>\n<div id=\"element-body-15\">\n<p>Adem\u00e1s, detall\u00f3 que tuvo que volver a trabajar a pesar de las licencias m\u00e9dicas: &#8220;Tuve que verme en la obligaci\u00f3n de volver a trabajar porque mis licencias m\u00e9dicas fueron rechazadas, a pesar del dolor que siento todos los d\u00edas&#8221;, lament\u00f3 Krystal.<\/p>\n<\/div>\n<div id=\"element-body-16\">\n<p>Mientras espera que haya una resoluci\u00f3n judicial insisti\u00f3 sobre el pedido de saber la verdad: &#8220;Lo que yo quisiera es saber qu\u00e9 pas\u00f3 con Julio,<strong> por qu\u00e9 no pudo prestarle ayuda en ese momento a mi mam\u00e1, por qu\u00e9 no llam\u00f3 a urgencias<\/strong>, por eso creo que si pudiera contactarse con nosotros ser\u00eda de mucha ayuda&#8221;.<\/p>\n<\/div>\n<p><br \/>\n<br \/><a href=\"https:\/\/www.clarin.com\/policiales\/quiero-saber-pudo-ayudarla-hablo-hija-mujer-murio-asfixiada-casa-guitarrista-virus_0_xHrqxJxYGQ.html\">Fuente Clarin.com <\/a><\/p>\n","protected":false},"excerpt":{"rendered":"<p>&#8220;Estos meses han sido muy complicados&#8221;, arranca diciendo Krystal Buckner Murillo (29) en di\u00e1logo con Clar\u00edn. Habla despacio y tiene que parar la entrevista cuando la angustia la desborda. Tuvo que volver a trabajar a\u00fan con licencia m\u00e9dica porque no pudo reactivar los emprendimientos que ten\u00eda con su madre. Pasaron 144 d\u00edas desde que Andrea [&hellip;]<\/p>\n","protected":false},"author":1,"featured_media":28787,"comment_status":"open","ping_status":"open","sticky":false,"template":"","format":"standard","meta":{"footnotes":""},"categories":[2],"tags":[12611,108,100,3589,347,192,138,611,9632],"class_list":["post-28786","post","type-post","status-publish","format-standard","has-post-thumbnail","hentry","category-ultimas-noticias","tag-asfixiada","tag-casa","tag-del","tag-guitarrista","tag-hablo","tag-hija","tag-mujer","tag-murio","tag-virus"],"_links":{"self":[{"href":"https:\/\/13.com.ar\/index.php\/wp-json\/wp\/v2\/posts\/28786","targetHints":{"allow":["GET"]}}],"collection":[{"href":"https:\/\/13.com.ar\/index.php\/wp-json\/wp\/v2\/posts"}],"about":[{"href":"https:\/\/13.com.ar\/index.php\/wp-json\/wp\/v2\/types\/post"}],"author":[{"embeddable":true,"href":"https:\/\/13.com.ar\/index.php\/wp-json\/wp\/v2\/users\/1"}],"replies":[{"embeddable":true,"href":"https:\/\/13.com.ar\/index.php\/wp-json\/wp\/v2\/comments?post=28786"}],"version-history":[{"count":0,"href":"https:\/\/13.com.ar\/index.php\/wp-json\/wp\/v2\/posts\/28786\/revisions"}],"wp:featuredmedia":[{"embeddable":true,"href":"https:\/\/13.com.ar\/index.php\/wp-json\/wp\/v2\/media\/28787"}],"wp:attachment":[{"href":"https:\/\/13.com.ar\/index.php\/wp-json\/wp\/v2\/media?parent=28786"}],"wp:term":[{"taxonomy":"category","embeddable":true,"href":"https:\/\/13.com.ar\/index.php\/wp-json\/wp\/v2\/categories?post=28786"},{"taxonomy":"post_tag","embeddable":true,"href":"https:\/\/13.com.ar\/index.php\/wp-json\/wp\/v2\/tags?post=28786"}],"curies":[{"name":"wp","href":"https:\/\/api.w.org\/{rel}","templated":true}]}}