{"id":28782,"date":"2025-05-27T06:35:38","date_gmt":"2025-05-27T09:35:38","guid":{"rendered":"https:\/\/13.com.ar\/index.php\/la-declaracion-del-camarografo-que-complica-mas-a-la-jueza-julieta-makintach\/"},"modified":"2025-05-27T06:35:38","modified_gmt":"2025-05-27T09:35:38","slug":"la-declaracion-del-camarografo-que-complica-mas-a-la-jueza-julieta-makintach","status":"publish","type":"post","link":"https:\/\/13.com.ar\/index.php\/la-declaracion-del-camarografo-que-complica-mas-a-la-jueza-julieta-makintach\/","title":{"rendered":"la declaraci\u00f3n del camar\u00f3grafo que complica m\u00e1s a la jueza Julieta Makintach"},"content":{"rendered":"<p> <br \/>\n<br \/><img decoding=\"async\" src=\"https:\/\/13.com.ar\/wp-content\/uploads\/2025\/05\/la-declaracion-del-camarografo-que-complica-mas-a-la-jueza.jpg\" \/><\/p>\n<div id=\"element-body-0\">\n<p>Fueron 550 mil pesos los que cobr\u00f3 Jorge Huarte para <strong>filmar la primera audiencia en el juicio <\/strong>por la muerte de <strong>Diego Armando Maradona.<\/strong> El realizador audiovisual declar\u00f3 y dej\u00f3 en claro que fue convocado para grabar \u201cun documental sobre la jueza\u201d<strong> Julieta Makintach (47), <\/strong>quien est\u00e1 hace m\u00e1s de una semana en el centro de la escena en uno de los esc\u00e1ndalos judiciales m\u00e1s importantes de los \u00faltimos a\u00f1os.<\/p>\n<\/div>\n<div id=\"element-body-1\">\n<p>Era 11 de marzo y en la sala de audiencias estaban las partes brindando sus lineamientos en el juicio por la muerte del Diez. Una oficial de polic\u00eda se acerca a un hombre calvo que tiene entre sus manos una c\u00e1mara tipo reflex, con un soporte y un micr\u00f3fono. Le habla al o\u00eddo y <strong>le dice que est\u00e1 prohibido tomar im\u00e1genes.<\/strong><\/p>\n<\/div>\n<div id=\"element-body-2\">\n<p>El hombre la obedece, pero a los pocos minutos <strong>recibe una contraorden <\/strong>de una mujer que se encontraba sentada detr\u00e1s de \u00e9l. Entonces toma posici\u00f3n y vuelve a tomar im\u00e1genes.<\/p>\n<\/div>\n<div id=\"element-body-3\">\n<p><strong><em>\u201cDecile a la custodia del TOC 3 que deje a mi gente\u201d<\/em><\/strong>, fue el mensaje que recibi\u00f3 la sargento a cargo de la custodia del tribunal, seg\u00fan declar\u00f3 ella misma en la causa. La \u201cgente\u201d eran Huarte, Mar\u00eda L\u00eda Vidal Alem\u00e1n y Jos\u00e9 Arnal, due\u00f1o de la productora La Doble.<\/p>\n<\/div>\n<div id=\"element-body-4\">\n<p>El testimonio de <strong>Huarte es el primero que da por cierto la realizaci\u00f3n de un documental<\/strong>. Dijo que fue contactado para grabar la primera audiencia del juicio en donde se encontr\u00f3 con Arnal, a quien conoc\u00eda de otras producciones, y con \u201c<em>La Negra<\/em>\u201d, que luego supo que se trata de Vidal Alem\u00e1n y quien le asign\u00f3 el rol de \u201cguionista\u201d.<\/p>\n<\/div>\n<div id=\"element-body-5\">\n<div class=\"sc-c2c2a3c6-1 kQhBlc videoText videoText\">\n<h2>Video<\/h2>\n<p>Las im\u00e1genes de Makintach en pleno juicio por la muerte de Maradona<\/p>\n<\/div>\n<\/div>\n<div id=\"element-body-6\">\n<p>Huarte<strong> cobr\u00f3 550 mil pesos<\/strong> por una jornada completa de trabajo, unas ocho horas, aunque su labor termin\u00f3 antes. El pago lo tuvo que reclamar a la<strong> productora La Doble.<\/strong><\/p>\n<\/div>\n<div id=\"element-body-7\">\n<p>La tarea que ten\u00eda era filmar a la jueza y captar si sucediese algo espec\u00edfico. Indic\u00f3 que no le pidieron que grabe todo el juicio, pero igual \u201cten\u00eda la c\u00e1mara lista para filmar\u201d.<\/p>\n<\/div>\n<div id=\"element-body-9\">\n<p>\u201cYo no estuve filmando constantemente, tambi\u00e9n desde mi perspectiva <strong>film\u00e9 algo de Gianinna y de (Fernando) Burlando<\/strong>. A Dalma, como ten\u00eda alguna cabeza tap\u00e1ndola, pude tomar pocas secuencias, pero a la que m\u00e1s capt\u00e9 fue a Gianinna\u201d, remarc\u00f3 el camar\u00f3grafo.<\/p>\n<\/div>\n<div id=\"element-body-10\">\n<p>Dalma y Gianinna Maradona estuvieron presentes por ser parte de la acusaci\u00f3n contra los imputados. La primera audiencia se les permiti\u00f3 a los testigos presenciarla. Luego, no pudieron ingresar a la sala hasta que no dieron su testimonio ante los jueces.<\/p>\n<\/div>\n<div id=\"element-body-11\">\n<div class=\"sc-c2c2a3c6-1 kQhBlc videoText videoText\">\n<h2>Video<\/h2>\n<p>Las im\u00e1genes de Fernando Burlando en la producci\u00f3n de Makintach<\/p>\n<\/div>\n<\/div>\n<div id=\"element-body-12\">\n<p>Huarte manifest\u00f3 que estuvo presente hasta el cuarto intermedio de esa jornada. Tambi\u00e9n aclar\u00f3 que \u201cal resto de las personas las ten\u00eda de espaldas, as\u00ed que no las pude filmar\u201d, sostuvo en su declaraci\u00f3n que forma parte de la causa que llevan adelante los fiscales Carolina Asprella, Cecilia Chaieb y Jos\u00e9 Amallo.<\/p>\n<\/div>\n<div id=\"element-body-13\">\n<p>Huarte grab\u00f3 im\u00e1genes \u201cde color\u201d en la vereda de los tribunales sanisidrenses y el tumulto de c\u00e1maras con las llegadas de Dalma y Gianinna.<\/p>\n<\/div>\n<div id=\"element-body-14\">\n<div class=\"sc-c2c2a3c6-1 kQhBlc videoText videoText\">\n<h2>Video<\/h2>\n<p>Se cierra el cerco sobre la jueza Makintach y el juicio por la muerte de Maradona est\u00e1 a punto de caerse<\/p>\n<\/div>\n<\/div>\n<div id=\"element-body-15\">\n<p>Luego declar\u00f3 c\u00f3mo fueron los momentos previos al ingreso a la sala en donde se dirigi\u00f3 hasta el despacho de la jueza. All\u00ed, Makintach grab\u00f3 unas tomas que fueron difundidas este domingo.<\/p>\n<\/div>\n<div id=\"element-body-16\">\n<p>\u201cNos hace pasar la mujer polic\u00eda, nos recibe la jueza, ah\u00ed la conozco, creo que en el despacho trat\u00e9 de hacerle una imagen, pero no era bueno el tiro, ella estaba hablando con la guionista y con Jos\u00e9. Despu\u00e9s no recuerdo si fue en su despacho o previo a entrar a la sala ella me dice algo a c\u00e1mara, un clip de unos segundos, Jos\u00e9 le dijo &#8216;<strong><em>dec\u00ed algo sobre el juicio&#8217;,<\/em><\/strong> no recuerdo ahora lo que dijo&#8221;, se\u00f1al\u00f3. <\/p>\n<\/div>\n<div id=\"element-body-17\">\n<p>&#8220;Tambi\u00e9n filmamos con ella, previo a entrar a la sala, nosotros entramos por atr\u00e1s, yo le filmo una caminata entrando a la sala de juicio, la segu\u00ed por el pasillo hasta que cortamos la toma\u201d, agreg\u00f3.<\/p>\n<\/div>\n<div id=\"element-body-18\">\n<div class=\"sc-c2c2a3c6-1 kQhBlc videoText videoText\">\n<h2>Video<\/h2>\n<p>Las im\u00e1genes de Makintach en el primer d\u00eda del juicio<\/p>\n<\/div>\n<\/div>\n<div id=\"element-body-19\">\n<p>Luego, sin acreditaci\u00f3n, ingres\u00f3 a la sala donde minutos despu\u00e9s comenz\u00f3 la audiencia.<\/p>\n<\/div>\n<div id=\"element-body-20\">\n<p><strong>\u201cEl material result\u00f3 bueno dentro del contexto y la situaci\u00f3n\u201d,<\/strong> dijo al explicar que no sab\u00eda con qu\u00e9 iluminaci\u00f3n se iba a encontrar en la sala y por el tipo de lente en la c\u00e1mara que utiliz\u00f3 a pesar de las dificultades t\u00e9cnicas que ten\u00eda.<\/p>\n<\/div>\n<div id=\"element-body-21\">\n<p>Huarte se arrepinti\u00f3 de borrar las conversaciones relacionadas a estas personas con las que se encontr\u00f3 aquel d\u00eda y material de unas tarjetas de memoria, pero aclar\u00f3 que los crudos de las im\u00e1genes estaban en los discos externos que fueron secuestrados en los allanamientos a su vivienda.<\/p>\n<\/div>\n<div id=\"element-body-22\">\n<p>\u201cMe pareci\u00f3 que era el \u00fanico con c\u00e1mara y, al ser as\u00ed, entend\u00ed dentro del recinto que estaba prohibido porque hab\u00eda un cartel, pero como <strong>nos hab\u00eda autorizado la juez <\/strong>y hecho pasar, pens\u00e9 que era algo extraordinario. En ning\u00fan momento me sent\u00ed de infiltrado, sino que ten\u00eda el aval para hacer el trabajo\u201d, sostuvo Huarte en su declaraci\u00f3n.<\/p>\n<\/div>\n<p><br \/>\n<br \/><a href=\"https:\/\/www.clarin.com\/policiales\/juicio-muerte-diego-maradona-declaracion-camarografo-complica-jueza-julieta-makintach_0_SlgH8Uzfq7.html\">Fuente Clarin.com <\/a><\/p>\n","protected":false},"excerpt":{"rendered":"<p>Fueron 550 mil pesos los que cobr\u00f3 Jorge Huarte para filmar la primera audiencia en el juicio por la muerte de Diego Armando Maradona. El realizador audiovisual declar\u00f3 y dej\u00f3 en claro que fue convocado para grabar \u201cun documental sobre la jueza\u201d Julieta Makintach (47), quien est\u00e1 hace m\u00e1s de una semana en el centro [&hellip;]<\/p>\n","protected":false},"author":1,"featured_media":28783,"comment_status":"open","ping_status":"open","sticky":false,"template":"","format":"standard","meta":{"footnotes":""},"categories":[2],"tags":[8009,2232,3680,100,7402,4087,19103,155],"class_list":["post-28782","post","type-post","status-publish","format-standard","has-post-thumbnail","hentry","category-ultimas-noticias","tag-camarografo","tag-complica","tag-declaracion","tag-del","tag-jueza","tag-julieta","tag-makintach","tag-mas"],"_links":{"self":[{"href":"https:\/\/13.com.ar\/index.php\/wp-json\/wp\/v2\/posts\/28782","targetHints":{"allow":["GET"]}}],"collection":[{"href":"https:\/\/13.com.ar\/index.php\/wp-json\/wp\/v2\/posts"}],"about":[{"href":"https:\/\/13.com.ar\/index.php\/wp-json\/wp\/v2\/types\/post"}],"author":[{"embeddable":true,"href":"https:\/\/13.com.ar\/index.php\/wp-json\/wp\/v2\/users\/1"}],"replies":[{"embeddable":true,"href":"https:\/\/13.com.ar\/index.php\/wp-json\/wp\/v2\/comments?post=28782"}],"version-history":[{"count":0,"href":"https:\/\/13.com.ar\/index.php\/wp-json\/wp\/v2\/posts\/28782\/revisions"}],"wp:featuredmedia":[{"embeddable":true,"href":"https:\/\/13.com.ar\/index.php\/wp-json\/wp\/v2\/media\/28783"}],"wp:attachment":[{"href":"https:\/\/13.com.ar\/index.php\/wp-json\/wp\/v2\/media?parent=28782"}],"wp:term":[{"taxonomy":"category","embeddable":true,"href":"https:\/\/13.com.ar\/index.php\/wp-json\/wp\/v2\/categories?post=28782"},{"taxonomy":"post_tag","embeddable":true,"href":"https:\/\/13.com.ar\/index.php\/wp-json\/wp\/v2\/tags?post=28782"}],"curies":[{"name":"wp","href":"https:\/\/api.w.org\/{rel}","templated":true}]}}