{"id":2874,"date":"2025-02-07T13:14:51","date_gmt":"2025-02-07T16:14:51","guid":{"rendered":"https:\/\/13.com.ar\/index.php\/el-reclamo-de-la-familia-del-gendarme-nahuel-gallo-a-dos-meses-de-su-detencion-en-venezuela\/"},"modified":"2025-02-07T13:14:51","modified_gmt":"2025-02-07T16:14:51","slug":"el-reclamo-de-la-familia-del-gendarme-nahuel-gallo-a-dos-meses-de-su-detencion-en-venezuela","status":"publish","type":"post","link":"https:\/\/13.com.ar\/index.php\/el-reclamo-de-la-familia-del-gendarme-nahuel-gallo-a-dos-meses-de-su-detencion-en-venezuela\/","title":{"rendered":"el reclamo de la familia del gendarme Nahuel Gallo, a dos meses de su detenci\u00f3n en Venezuela"},"content":{"rendered":"<p> <br \/>\n<br \/><img decoding=\"async\" src=\"https:\/\/13.com.ar\/wp-content\/uploads\/2025\/02\/el-reclamo-de-la-familia-del-gendarme-Nahuel-Gallo-a.jpg\" \/><\/p>\n<div>\n<p>La mam\u00e1 y la hermana de <strong>Nahuel Gallo<\/strong> viven desde hace dos meses en la incertidumbre permanente. El gendarme quiso ingresar el 8 de diciembre a Venezuela, y fue detenido de inmediato cuando fue identificado como miembro de las fuerzas de seguridad argentinas. Desde ese momento, el r\u00e9gimen de Nicol\u00e1s Maduro solo ha difundido una fotograf\u00eda de Gallo, supuestamente tomada en el centro de detenci\u00f3n donde se encuentra alojado.<\/p>\n<\/div>\n<div>\n<p>Este viernes, Griselda Heredia y Daiana Gallo -madre y hermana del gendarme, respectivamente- <strong>volvieron a reclamar por Nahuel<\/strong>, con quien no tienen ning\u00fan tipo de contacto desde su frustrado intento de ingresar a Venezuela, adonde hab\u00eda viajado para encontrarse con su pareja y su hijo, que cumpli\u00f3 dos a\u00f1os hace menos de un mes.<\/p>\n<\/div>\n<div>\n<p>&#8220;Como saber, <strong>no sabemos nada, estamos igual que el primer d\u00eda. <\/strong>No tenemos ninguna informaci\u00f3n, no tuvimos contacto con \u00e9l. Esto es algo de terror lo que vivimos todos los d\u00edas. No sabemos nada, no sabemos qu\u00e9 decir porque no tenemos ninguna novedad&#8221;, dijo Griselda esta ma\u00f1ana durante una entrevista con <em>Radio Mitre<\/em>.<\/p>\n<\/div>\n<div>\n<p>&#8220;Es muy injusto todo. Tanto para \u00e9l -pobrecito, que est\u00e1 ah\u00ed encerrado-, como para nosotras, que no sabemos nada de \u00e9l. Aparte, en otro pa\u00eds&#8221;, agreg\u00f3 la mujer.<\/p>\n<\/div>\n<div>\n<p>Griselda y Daiana relataron c\u00f3mo fueron esas primeras horas despu\u00e9s de enterarse que Nahuel hab\u00eda sido detenido, y c\u00f3mo esa incertidumbre de los primeros momentos parece perpetuarse hasta el d\u00eda de hoy, cuando dos meses despu\u00e9s de la detenci\u00f3n todav\u00eda no pudieron establecer contacto con el gendarme.<\/p>\n<\/div>\n<div>\n<p>&#8220;Al principio fue: \u2018bueno, hay un protocolo de 72 horas\u2019. Hab\u00eda que esperar. Pero a medida que pasaban los d\u00edas m\u00e1s se complicaba porque no sab\u00edamos donde estaba, qui\u00e9n lo hab\u00eda retenido. No sab\u00edamos nada. Despu\u00e9s de que (el ministro venezolano) Diosdado (Cabello) lo confirm\u00f3, mal o bien no dej\u00f3 de ser un alivio porque confirmaron que lo ten\u00edan ellos. Pero mientras tanto fue de terror&#8221;, confes\u00f3 la mam\u00e1.<\/p>\n<\/div>\n<p><br \/>\n<br \/><a href=\"https:\/\/www.clarin.com\/politica\/sabemos-igual-primer-dia-reclamo-familia-gendarme-nahuel-gallo-meses-detencion-venezuela_0_Ek7mzkK69R.html\">Fuente Clarin.com <\/a><\/p>\n","protected":false},"excerpt":{"rendered":"<p>La mam\u00e1 y la hermana de Nahuel Gallo viven desde hace dos meses en la incertidumbre permanente. El gendarme quiso ingresar el 8 de diciembre a Venezuela, y fue detenido de inmediato cuando fue identificado como miembro de las fuerzas de seguridad argentinas. Desde ese momento, el r\u00e9gimen de Nicol\u00e1s Maduro solo ha difundido una [&hellip;]<\/p>\n","protected":false},"author":1,"featured_media":2875,"comment_status":"open","ping_status":"open","sticky":false,"template":"","format":"standard","meta":{"footnotes":""},"categories":[2],"tags":[100,1137,59,1497,4873,4872,1075,1259,43,1184],"class_list":["post-2874","post","type-post","status-publish","format-standard","has-post-thumbnail","hentry","category-ultimas-noticias","tag-del","tag-detencion","tag-dos","tag-familia","tag-gallo","tag-gendarme","tag-meses","tag-nahuel","tag-reclamo","tag-venezuela"],"_links":{"self":[{"href":"https:\/\/13.com.ar\/index.php\/wp-json\/wp\/v2\/posts\/2874","targetHints":{"allow":["GET"]}}],"collection":[{"href":"https:\/\/13.com.ar\/index.php\/wp-json\/wp\/v2\/posts"}],"about":[{"href":"https:\/\/13.com.ar\/index.php\/wp-json\/wp\/v2\/types\/post"}],"author":[{"embeddable":true,"href":"https:\/\/13.com.ar\/index.php\/wp-json\/wp\/v2\/users\/1"}],"replies":[{"embeddable":true,"href":"https:\/\/13.com.ar\/index.php\/wp-json\/wp\/v2\/comments?post=2874"}],"version-history":[{"count":0,"href":"https:\/\/13.com.ar\/index.php\/wp-json\/wp\/v2\/posts\/2874\/revisions"}],"wp:featuredmedia":[{"embeddable":true,"href":"https:\/\/13.com.ar\/index.php\/wp-json\/wp\/v2\/media\/2875"}],"wp:attachment":[{"href":"https:\/\/13.com.ar\/index.php\/wp-json\/wp\/v2\/media?parent=2874"}],"wp:term":[{"taxonomy":"category","embeddable":true,"href":"https:\/\/13.com.ar\/index.php\/wp-json\/wp\/v2\/categories?post=2874"},{"taxonomy":"post_tag","embeddable":true,"href":"https:\/\/13.com.ar\/index.php\/wp-json\/wp\/v2\/tags?post=2874"}],"curies":[{"name":"wp","href":"https:\/\/api.w.org\/{rel}","templated":true}]}}