{"id":28034,"date":"2025-05-24T11:24:51","date_gmt":"2025-05-24T14:24:51","guid":{"rendered":"https:\/\/13.com.ar\/index.php\/el-descargo-de-la-amiga-de-la-jueza-makintach-y-su-idea-creativa-para-entrevistarla\/"},"modified":"2025-05-24T11:24:51","modified_gmt":"2025-05-24T14:24:51","slug":"el-descargo-de-la-amiga-de-la-jueza-makintach-y-su-idea-creativa-para-entrevistarla","status":"publish","type":"post","link":"https:\/\/13.com.ar\/index.php\/el-descargo-de-la-amiga-de-la-jueza-makintach-y-su-idea-creativa-para-entrevistarla\/","title":{"rendered":"el descargo de la amiga de la jueza Makintach y su \u201cidea creativa\u201d para entrevistarla"},"content":{"rendered":"<p> <br \/>\n<\/p>\n<div id=\"cuerpo\">\n<div class=\"sc-45461e9c-0 eqiBeF container-text text-embed \" id=\"element-body-0\">\n<p>El esc\u00e1ndalo en el juicio por la muerte de<strong> Diego Armando Maradona <\/strong>explot\u00f3 este viernes, y no fue por la declaraci\u00f3n de alg\u00fan testigo o los dichos de alguno de los imputados. Fue un video en donde se ve a la <strong>jueza Julieta Makintach<\/strong>, una de las integrantes del Tribunal Oral en lo Criminal (TOC) N\u00b03 de San Isidro, filmada en el Palacio de Justicia, realizando un presunto documental.<\/p>\n<\/div>\n<div class=\"sc-45461e9c-0 eqiBeF container-text text-embed \" id=\"element-body-1\">\n<p>Estas im\u00e1genes est\u00e1n incorporadas en una causa que lleva adelante la Fiscal\u00eda N\u00b0 1 de San Isidro, al comendo de los fiscales Carolina Asprella, Cecilia Chaieb y Jos\u00e9 Amallo. La investigaci\u00f3n intenta determinar si existen v\u00ednculos entre la jueza Makintach y una productora. Por las pruebas recolectadas hasta el momento, todo indica que efectivamente si existi\u00f3.<\/p>\n<\/div>\n<div class=\"sc-45461e9c-0 eqiBeF container-text text-embed \" id=\"element-body-2\">\n<p>Es que las filmaciones de las c\u00e1maras de seguridad de Tribunales, a las que tuvo acceso <strong>Clar\u00edn<\/strong>, muestran a la jueza junto a otras cinco personas. Fueron tomadas el domingo 9 de marzo cerca de las 16, a dos d\u00edas del inicio del juicio m\u00e1s importante del a\u00f1o.<\/p>\n<\/div>\n<div class=\"sc-45461e9c-0 eqiBeF container-text text-embed \" id=\"element-body-3\">\n<p>El ingreso de la magistrada con varias personas, y el <strong>seguimiento de una c\u00e1mara grabando a la jueza Makintach mientras caminaba a su despacho fueron pruebas contundentes <\/strong>que se conocieron en las \u00faltimas horas.<\/p>\n<\/div>\n<div class=\"sc-45461e9c-0 eqiBeF container-text text-embed \" id=\"element-body-4\">\n<p>A ra\u00edz de ello, una de las mujeres que aparece en los videos y que es investigada fue identificada como <strong>Mar\u00eda L\u00eda Vidal Alem\u00e1n.<\/strong> Este viernes present\u00f3 ante los fiscales un descargo espont\u00e1neo en el que explic\u00f3 su<strong> \u201cidea creativa\u201d<\/strong> y confirm\u00f3 que la jueza Makintach grab\u00f3 una entrevista ese d\u00eda en Tribunales.<\/p>\n<\/div>\n<div class=\"sc-45461e9c-0 eqiBeF container-text text-embed \" id=\"element-body-5\">\n<p>Tambi\u00e9n <strong>confirm\u00f3 que la magistrada la autoriz\u00f3 a tomar im\u00e1genes dentro de la sala de audiencias<\/strong> en el primer d\u00eda del juicio por la muerte del Diez. Makintach le pidi\u00f3 que solo \u201cla enfocaran a ella y en pocos planos\u201d.<\/p>\n<\/div>\n<div class=\"sc-98b114a2-0 bkqiHH image-embed  image-embed \" id=\"element-body-6\"><picture class=\"sc-98b114a2-1 jRUlDm\"><source media=\"(min-width: 975px)\" width=\"720\" height=\"480\" \/><img alt=\"- FTP CLARIN Juicio caso Maradona Jueza Makintach.jpg Z FClarin Fotoclarin\" loading=\"lazy\" width=\"720\" height=\"480\" decoding=\"async\" data-nimg=\"1\" style=\"color:transparent\" src=\"https:\/\/13.com.ar\/wp-content\/uploads\/2025\/05\/el-descargo-de-la-amiga-de-la-jueza-Makintach-y.jpg\"\/><span class=\"epigraphe\">&#8211; FTP CLARIN Juicio caso Maradona Jueza Makintach.jpg Z FClarin Fotoclarin<\/span><span class=\"picture-open\"><button class=\"open-image\" aria-label=\"Open Image\"\/><\/span><\/picture><\/div>\n<div class=\"sc-45461e9c-0 eqiBeF container-text text-embed \" id=\"element-body-7\">\n<p>Vidal Alem\u00e1n se present\u00f3 como ama de casa y decoradora de interiores. Dijo ser amiga de Makintach desde que ten\u00eda cinco a\u00f1os y que eran compa\u00f1eras en el colegio. Describi\u00f3 la relaci\u00f3n de ambas como \u201cinquebrantable\u201d.<\/p>\n<\/div>\n<div class=\"sc-45461e9c-0 eqiBeF container-text text-embed \" id=\"element-body-8\">\n<p>\u201cEn ese contexto de amiga \u00edntima, y antes de que este debate iniciara <strong>se me ocurri\u00f3 proponerle hacer una entrevista a Julieta en su rol de Jueza<\/strong> y mujer, ya que siempre admiramos la carrera dedicada que tuvo y como adem\u00e1s pudo llevar adelante su familia, sus hijos y seguir manteniendo sus amistades. La verdad que tanto yo como mis amigas del colegio<strong> estamos todas orgullosas de lo que logr\u00f3 Julieta,<\/strong> y as\u00ed fue que a m\u00ed se me ocurri\u00f3 esto de entrevistarla, con la idea futura de hacer alg\u00fan \u201cpodcast\u201d, libro, o publicaci\u00f3n en redes sobre su perfil profesional\u201d, indic\u00f3 en su descargo, al que tuvo acceso <strong>Clar\u00edn<\/strong>.<\/p>\n<\/div>\n<p><h2>La \u201cidea creativa\u201d<\/h2>\n<\/p>\n<div class=\"sc-45461e9c-0 eqiBeF container-text text-embed \" id=\"element-body-10\">\n<p>Vidal Alem\u00e1n le pregunt\u00f3 a su amiga su le interesaba participar de este <strong>proyecto \u201camateur\u201d,<\/strong> como ella misma lo present\u00f3. Le aclar\u00f3 que la entrevista ser\u00eda abordada &#8220;por la historia de su padre como juez, su historia personal, su vocaci\u00f3n por la justicia desde muy joven, y el amor por su trabajo, enfocando desde la perspectiva de una de las juezas que tendr\u00eda que llevar adelante uno de los juicios m\u00e1s importantes del pa\u00eds\u201d.<\/p>\n<\/div>\n<div class=\"sc-45461e9c-0 eqiBeF container-text text-embed \" id=\"element-body-11\">\n<p>Para llevar adelante esta entrevista,<strong> Vidal Alem\u00e1n se contact\u00f3 con Juan Manuel D\u00b4Emilio,<\/strong> un publicista con varios a\u00f1os de carrera y pareja de una amiga suya. Al hombre le entusiasm\u00f3 la idea.<\/p>\n<\/div>\n<div class=\"sc-98b114a2-0 bkqiHH image-embed  image-embed \" id=\"element-body-12\"><picture class=\"sc-98b114a2-1 jRUlDm\"><source media=\"(min-width: 975px)\" width=\"720\" height=\"480\" \/><img alt=\"Mar\u00eda L\u00eda Vidal Alem\u00e1n, una de las investigadas por el presunto documental en el juicio por la muerte de Diego Maradona.\" loading=\"lazy\" width=\"720\" height=\"480\" decoding=\"async\" data-nimg=\"1\" style=\"color:transparent\" src=\"https:\/\/13.com.ar\/wp-content\/uploads\/2025\/05\/1748096691_42_el-descargo-de-la-amiga-de-la-jueza-Makintach-y.jpg\"\/><span class=\"epigraphe\">Mar\u00eda L\u00eda Vidal Alem\u00e1n, una de las investigadas por el presunto documental en el juicio por la muerte de Diego Maradona.<\/span><span class=\"picture-open\"><button class=\"open-image\" aria-label=\"Open Image\"\/><\/span><\/picture><\/div>\n<div class=\"sc-45461e9c-0 eqiBeF container-text text-embed \" id=\"element-body-13\">\n<p>\u201cNuestra\u00b4idea creativa\u00b4 era mostrar la cuesti\u00f3n de un juicio de mucha trascendencia desde la perspectiva de una Juez, y por supuesto de poder concretarse ser\u00eda luego de que el juicio terminara, la Jueza ya no estuviera en el caso, y siempre que ella autorizara formalmente cualquier tipo de publicaci\u00f3n de su imagen\u201d, indic\u00f3 la mujer.<\/p>\n<\/div>\n<p><h2>Juicio por la muerte de Maradona: la entrevista en Tribunales<\/h2>\n<\/p>\n<div class=\"sc-45461e9c-0 eqiBeF container-text text-embed \" id=\"element-body-15\">\n<p><strong>Vidal Alem\u00e1n confirm\u00f3 en su escrito que se tomaron im\u00e1genes de la jueza Makintach <\/strong>y que fue la protagonista de una entrevista que dur\u00f3 15 minutos y fue \u201ccompletamente amateur\u201d. Las respuestas de la magistrada fueron \u201cabsolutamente profesionales\u201d y aclar\u00f3 que no manifest\u00f3 nada vinculado al juicio que iba a comenzar a las pocas horas.<\/p>\n<\/div>\n<div class=\"sc-45461e9c-0 eqiBeF container-text text-embed \" id=\"element-body-16\">\n<p>Las tomas de im\u00e1genes las hizo Jos\u00e9 Arnal, que fue contactado por D\u00b4Emilio. Vidal Alem\u00e1n se\u00f1al\u00f3 que Arnal \u201ctrabajaba en el mundo de las producciones audiovisuales\u201d. La investigaci\u00f3n judicial determin\u00f3 Arnal es el hombre canoso de anteojos que qued\u00f3 registrado en la primera audiencia del juicio oral y que est\u00e1 vinculado a la<strong> productora La Doble S.A.<\/strong><\/p>\n<\/div>\n<div class=\"sc-c2c2a3c6-0 ecgiEX border-video video-embed horizontal border-video video-embed horizontal\" id=\"element-body-17\">\n<div class=\"sc-c2c2a3c6-1 kQhBlc videoText videoText\">\n<h2>Video<\/h2>\n<p>Se cierra el cerco sobre la jueza Makintach y el juicio por la muerte de Maradona est\u00e1 a punto de caerse<\/p>\n<\/div>\n<\/div>\n<p><h2>La presencia en el juicio<\/h2>\n<\/p>\n<div class=\"sc-45461e9c-0 eqiBeF container-text text-embed \" id=\"element-body-19\">\n<p>Luego de realizarle la entrevista, Vidal Alem\u00e1n le pidi\u00f3 a su amiga poder presenciar el debate. En un primer momento dijo que lo hizo porque su padre, quien falleci\u00f3 hac\u00eda poco tiempo, era abogado penal y que \u201cmorir\u00eda\u201d por estar presente all\u00ed.<\/p>\n<\/div>\n<div class=\"sc-45461e9c-0 eqiBeF container-text text-embed \" id=\"element-body-20\">\n<p>Luego dijo que su objetivo de estar en el debate fue para \u201cpoder tomar nota de las cosas que sucedieran en primera persona y no basarnos en lo que los medios reflejaran de lo ocurrido\u201d. Tambi\u00e9n aclar\u00f3 que tanto ella como D\u00b4Emilio, que iba a acompa\u00f1arla, no son periodistas.<\/p>\n<\/div>\n<div class=\"sc-45461e9c-0 eqiBeF container-text text-embed \" id=\"element-body-21\">\n<p>Uno de los fragmentos m\u00e1s importantes del descargo presentado en fiscal\u00eda fue cuando <strong>reconoci\u00f3 que la jueza Makintach le autoriz\u00f3 que tome im\u00e1genes dentro de la sala de audiencias <\/strong>una vez comenzada la primera audiencia del debate.<\/p>\n<\/div>\n<div class=\"sc-45461e9c-0 eqiBeF container-text text-embed \" id=\"element-body-22\">\n<p>Vale aclarar que esa jornada fue emitida en directo por el canal de <em>Youtube <\/em>de la<strong> Suprema Corte de Justicia de la provincia de Buenos Aires. <\/strong>Los camar\u00f3grafos de los canales de televisi\u00f3n y los fot\u00f3grafos tuvieron un permiso de cinco minutos para tomar im\u00e1genes a todas las partes en la previa del inicio del debate.<\/p>\n<\/div>\n<div class=\"sc-45461e9c-0 eqiBeF container-text text-embed \" id=\"element-body-23\">\n<p>\u201cNosotros como \u00e9ramos p\u00fablico general y no periodistas profesionales no pudimos ingresar en ese momento a tomar la foto y las im\u00e1genes que quer\u00edamos de la Jueza en el estrado, con lo cual le preguntamos si era posible hacerlo despu\u00e9s<strong>. La Jueza nos dijo que si, pero que solamente la enfoc\u00e1ramos a ella, y en pocos planos.<\/strong> Por eso fue que, iniciado el debate nos permitieron que el fot\u00f3grafo que hab\u00edamos llevado hiciera las tomas exclusivamente de la Dra. Makintach, y es as\u00ed lo \u00fanico que hizo\u201d, afirm\u00f3.<\/p>\n<\/div>\n<div class=\"sc-98b114a2-0 bkqiHH image-embed  image-embed \" id=\"element-body-24\"><picture class=\"sc-98b114a2-1 jRUlDm\"><source media=\"(min-width: 975px)\" width=\"720\" height=\"480\" \/><img alt=\"Tres de las personas investigadas por grabar un presunto documental en el juicio por la muerte de Diego Maradona.\" loading=\"lazy\" width=\"720\" height=\"480\" decoding=\"async\" data-nimg=\"1\" style=\"color:transparent\" src=\"https:\/\/13.com.ar\/wp-content\/uploads\/2025\/05\/1748096691_465_el-descargo-de-la-amiga-de-la-jueza-Makintach-y.jpg\"\/><span class=\"epigraphe\">Tres de las personas investigadas por grabar un presunto documental en el juicio por la muerte de Diego Maradona.<\/span><span class=\"picture-open\"><button class=\"open-image\" aria-label=\"Open Image\"\/><\/span><\/picture><\/div>\n<div class=\"sc-45461e9c-0 eqiBeF container-text text-embed \" id=\"element-body-25\">\n<p>Para finalizar, Vidal Alem\u00e1n reiter\u00f3 que no existe ninguna producci\u00f3n documental en la que participe ella y su amigo D\u00b4Emilio. Por \u00faltimo, defendi\u00f3 a su amiga de la infancia.<\/p>\n<\/div>\n<div class=\"sc-45461e9c-0 eqiBeF container-text text-embed \" id=\"element-body-26\">\n<p>\u201c<strong>Realmente lamento en el alma haber generado todas estas complicaciones al juicio con esta idea que tuve,<\/strong> lo hice desde la m\u00e1s absoluta buena fe e inocencia, y toda la repercusi\u00f3n que la cuesti\u00f3n est\u00e1 teniendo me resulta realmente incre\u00edble, ya que Julieta no cometi\u00f3 ning\u00fan tipo de irregularidad con nuestra intervenci\u00f3n\u201d, concluy\u00f3.<\/p>\n<\/div>\n<\/div>\n<p><br \/>\n<br \/><a href=\"https:\/\/www.clarin.com\/policiales\/juicio-muerte-maradona-descargo-amiga-jueza-makintach-idea-creativa-entrevistarla_0_d3OJR9Nt8f.html\">Fuente Clarin.com <\/a><\/p>\n","protected":false},"excerpt":{"rendered":"<p>El esc\u00e1ndalo en el juicio por la muerte de Diego Armando Maradona explot\u00f3 este viernes, y no fue por la declaraci\u00f3n de alg\u00fan testigo o los dichos de alguno de los imputados. Fue un video en donde se ve a la jueza Julieta Makintach, una de las integrantes del Tribunal Oral en lo Criminal (TOC) [&hellip;]<\/p>\n","protected":false},"author":1,"featured_media":28035,"comment_status":"open","ping_status":"open","sticky":false,"template":"","format":"standard","meta":{"footnotes":""},"categories":[2],"tags":[4850,10409,4599,19192,3212,7402,19103,16],"class_list":["post-28034","post","type-post","status-publish","format-standard","has-post-thumbnail","hentry","category-ultimas-noticias","tag-amiga","tag-creativa","tag-descargo","tag-entrevistarla","tag-idea","tag-jueza","tag-makintach","tag-para"],"_links":{"self":[{"href":"https:\/\/13.com.ar\/index.php\/wp-json\/wp\/v2\/posts\/28034","targetHints":{"allow":["GET"]}}],"collection":[{"href":"https:\/\/13.com.ar\/index.php\/wp-json\/wp\/v2\/posts"}],"about":[{"href":"https:\/\/13.com.ar\/index.php\/wp-json\/wp\/v2\/types\/post"}],"author":[{"embeddable":true,"href":"https:\/\/13.com.ar\/index.php\/wp-json\/wp\/v2\/users\/1"}],"replies":[{"embeddable":true,"href":"https:\/\/13.com.ar\/index.php\/wp-json\/wp\/v2\/comments?post=28034"}],"version-history":[{"count":0,"href":"https:\/\/13.com.ar\/index.php\/wp-json\/wp\/v2\/posts\/28034\/revisions"}],"wp:featuredmedia":[{"embeddable":true,"href":"https:\/\/13.com.ar\/index.php\/wp-json\/wp\/v2\/media\/28035"}],"wp:attachment":[{"href":"https:\/\/13.com.ar\/index.php\/wp-json\/wp\/v2\/media?parent=28034"}],"wp:term":[{"taxonomy":"category","embeddable":true,"href":"https:\/\/13.com.ar\/index.php\/wp-json\/wp\/v2\/categories?post=28034"},{"taxonomy":"post_tag","embeddable":true,"href":"https:\/\/13.com.ar\/index.php\/wp-json\/wp\/v2\/tags?post=28034"}],"curies":[{"name":"wp","href":"https:\/\/api.w.org\/{rel}","templated":true}]}}