{"id":28032,"date":"2025-05-24T10:54:29","date_gmt":"2025-05-24T13:54:29","guid":{"rendered":"https:\/\/13.com.ar\/index.php\/los-duenos-de-la-serenisima-rechazan-la-oferta-de-compra-de-arcor-y-danone\/"},"modified":"2025-05-24T10:54:29","modified_gmt":"2025-05-24T13:54:29","slug":"los-duenos-de-la-serenisima-rechazan-la-oferta-de-compra-de-arcor-y-danone","status":"publish","type":"post","link":"https:\/\/13.com.ar\/index.php\/los-duenos-de-la-serenisima-rechazan-la-oferta-de-compra-de-arcor-y-danone\/","title":{"rendered":"Los due\u00f1os de la Seren\u00edsima rechazan la oferta de compra de Arcor y Danone"},"content":{"rendered":"<p> <br \/>\n<br \/><img decoding=\"async\" src=\"https:\/\/13.com.ar\/wp-content\/uploads\/2025\/05\/Los-duenos-de-la-Serenisima-rechazan-la-oferta-de-compra.jpg\" \/><\/p>\n<div id=\"element-body-0\">\n<p>Como se preve\u00eda, <strong>los accionistas minoritarios de Mastellone Hnos rechazaron formalmente la oferta que Arcor y Danone <\/strong>concretaron en abril para comprar el 51,3% que a\u00fan no poseen de la empresa due\u00f1a de la <strong>marca La Seren\u00edsima<\/strong>.<\/p>\n<\/div>\n<div id=\"element-body-1\">\n<p>Lo hicieron mediante una carta a la Comisi\u00f3n de Valores firmada por Carlos Agote, presidente e integrante del fondo Dallpoint, due\u00f1o junto con la familia Mastellone de las acciones en disputa.<\/p>\n<\/div>\n<div id=\"element-body-2\">\n<p>El conflicto est\u00e1 en la <strong>forma de calcular el precio.<\/strong> Seg\u00fan la nota enviada, la oferta <strong>&#8220;no cumple con los t\u00e9rminos y condiciones establecidos en el contrato de opci\u00f3n&#8221;.<\/strong>  <\/p>\n<\/div>\n<div id=\"element-body-3\">\n<p>En ese contrato hay una f\u00f3rmula que establece el valor, pero las partes tienen <strong>diferentes lecturas sobre c\u00f3mo se aplica la f\u00f3rmula para llegar al precio. <\/strong>Nunca trascendi\u00f3 de qu\u00e9 valores se est\u00e1 hablando.<\/p>\n<\/div>\n<div id=\"element-body-4\">\n<p>Mastellone Hnos es la <strong>principal empresa l\u00e1ctea de la Argentina<\/strong> con ventas por US$ 1.400 millones en 2024, 600 millones m\u00e1s que en 2023, una deuda manejable que orilla los US$ 30 millones, ocho plantas industriales, una filial cerca de San Pablo en Brasil y 3.400 empleados.<\/p>\n<\/div>\n<div id=\"element-body-5\">\n<p>Desde hace tiempo, Arcor y Danone vienen trabajando en un acuerdo para quedarse con el 100% de La Seren\u00edsima y conformar una nueva compa\u00f1\u00eda unificada, conocida internamente como <strong>\u201cLa Seren\u00edsima Unida\u201d<\/strong>. <\/p>\n<\/div>\n<div id=\"element-body-6\">\n<p>El objetivo es que ambas compa\u00f1\u00edas tengan <strong>una participaci\u00f3n del 50%, sin que ninguna posea el control mayoritario, <\/strong>y as\u00ed concentrar todas las operaciones de la marca en el pa\u00eds bajo una \u00fanica estructura. <\/p>\n<\/div>\n<div id=\"element-body-7\">\n<p>Esta idea es impulsada por Danone, que viene enfrentando un escenario complejo en Argentina, por la ca\u00edda en consumo, presi\u00f3n de costos y dificultades para hacer crecer su negocio de productos refrigerados.<\/p>\n<\/div>\n<div id=\"element-body-8\">\n<p>La Seren\u00edsima y Danone ya hab\u00edan intentado crear un joint-venture en 1996, cuando viv\u00eda Pascual Mastellone fallecido en 2014. Las dos culturas chocaron y decidieron seguir como firmas separadas. Danone se qued\u00f3 con postres, yogures, el queso crema y la monumental cadena de distribuci\u00f3n en la que hoy se reparte el 95% de los productos de La Seren\u00edsima.<\/p>\n<\/div>\n<p><br \/>\n<br \/><a href=\"https:\/\/www.clarin.com\/economia\/duenos-serenisima-rechazan-oferta-compra-arcor-danone_0_EINR5wefek.html\">Fuente Clarin.com <\/a><\/p>\n","protected":false},"excerpt":{"rendered":"<p>Como se preve\u00eda, los accionistas minoritarios de Mastellone Hnos rechazaron formalmente la oferta que Arcor y Danone concretaron en abril para comprar el 51,3% que a\u00fan no poseen de la empresa due\u00f1a de la marca La Seren\u00edsima. Lo hicieron mediante una carta a la Comisi\u00f3n de Valores firmada por Carlos Agote, presidente e integrante del [&hellip;]<\/p>\n","protected":false},"author":1,"featured_media":28033,"comment_status":"open","ping_status":"open","sticky":false,"template":"","format":"standard","meta":{"footnotes":""},"categories":[2],"tags":[19190,2226,19191,4535,28,5721,6784,19189],"class_list":["post-28032","post","type-post","status-publish","format-standard","has-post-thumbnail","hentry","category-ultimas-noticias","tag-arcor","tag-compra","tag-danone","tag-duenos","tag-los","tag-oferta","tag-rechazan","tag-serenisima"],"_links":{"self":[{"href":"https:\/\/13.com.ar\/index.php\/wp-json\/wp\/v2\/posts\/28032","targetHints":{"allow":["GET"]}}],"collection":[{"href":"https:\/\/13.com.ar\/index.php\/wp-json\/wp\/v2\/posts"}],"about":[{"href":"https:\/\/13.com.ar\/index.php\/wp-json\/wp\/v2\/types\/post"}],"author":[{"embeddable":true,"href":"https:\/\/13.com.ar\/index.php\/wp-json\/wp\/v2\/users\/1"}],"replies":[{"embeddable":true,"href":"https:\/\/13.com.ar\/index.php\/wp-json\/wp\/v2\/comments?post=28032"}],"version-history":[{"count":0,"href":"https:\/\/13.com.ar\/index.php\/wp-json\/wp\/v2\/posts\/28032\/revisions"}],"wp:featuredmedia":[{"embeddable":true,"href":"https:\/\/13.com.ar\/index.php\/wp-json\/wp\/v2\/media\/28033"}],"wp:attachment":[{"href":"https:\/\/13.com.ar\/index.php\/wp-json\/wp\/v2\/media?parent=28032"}],"wp:term":[{"taxonomy":"category","embeddable":true,"href":"https:\/\/13.com.ar\/index.php\/wp-json\/wp\/v2\/categories?post=28032"},{"taxonomy":"post_tag","embeddable":true,"href":"https:\/\/13.com.ar\/index.php\/wp-json\/wp\/v2\/tags?post=28032"}],"curies":[{"name":"wp","href":"https:\/\/api.w.org\/{rel}","templated":true}]}}